{"id":20471,"date":"2025-11-05T12:58:33","date_gmt":"2025-11-05T12:58:33","guid":{"rendered":"https:\/\/millitv.net\/?p=20471"},"modified":"2025-11-05T12:58:34","modified_gmt":"2025-11-05T12:58:34","slug":"cbc-sport-ertem-senerl%C9%99-anlasdi-oyunu-s%C9%99rh-ed%C9%99c%C9%99k","status":"publish","type":"post","link":"https:\/\/millitv.net\/?p=20471","title":{"rendered":"\u201cCBC Sport\u201d Ertem \u015eenerl\u0259 anla\u015fd\u0131 &#8211;\u00a0Oyunu \u015f\u0259rh ed\u0259c\u0259k"},"content":{"rendered":"\n<p><strong>X\u0259b\u0259r verdiyimiz kimi, UEFA \u00c7empionlar Liqas\u0131n\u0131n \u0259sas m\u0259rh\u0259l\u0259sinin IV turu \u00e7\u0259r\u00e7iv\u0259sind\u0259 ke\u00e7iril\u0259c\u0259k \u201cQaraba\u011f\u201d \u2013 \u201c\u00c7elsi\u201d mat\u00e7\u0131n\u0131 \u015f\u0259rhi \u00fc\u00e7\u00fcn \u201cCBC Sport\u201d t\u00fcrkiy\u0259li m\u0259\u015fhur \u015f\u0259rh\u00e7i Ertem \u015eenerl\u0259&nbsp;<a href=\"https:\/\/teleqraf.az\/news\/futbol\/509885.html\" target=\"_blank\" rel=\"noreferrer noopener\">dan\u0131\u015f\u0131qlara<\/a>&nbsp;ba\u015flam\u0131\u015fd\u0131.<\/strong><\/p>\n\n\n\n<p>Art\u0131q dan\u0131\u015f\u0131qlar u\u011furla ba\u015fa \u00e7at\u0131b v\u0259 bel\u0259likl\u0259, mat\u00e7\u0131n \u015f\u0259rhind\u0259 Ertem \u015eener d\u0259 i\u015ftirak ed\u0259c\u0259k.<\/p>\n\n\n\n<p>Qeyd ed\u0259k ki, qar\u015f\u0131la\u015fma bu g\u00fcn saat 21:45-d\u0259 start g\u00f6t\u00fcr\u0259c\u0259k. Mat\u00e7\u0131n dig\u0259r \u015f\u0259rh\u00e7isi is\u0259 P\u0259rviz Musayev olacaq.\/\/Teleqraf<\/p>\n","protected":false},"excerpt":{"rendered":"<p>X\u0259b\u0259r verdiyimiz kimi, UEFA \u00c7empionlar Liqas\u0131n\u0131n \u0259sas m\u0259rh\u0259l\u0259sinin IV turu \u00e7\u0259r\u00e7iv\u0259sind\u0259 ke\u00e7iril\u0259c\u0259k \u201cQaraba\u011f\u201d \u2013 \u201c\u00c7elsi\u201d mat\u00e7\u0131n\u0131 \u015f\u0259rhi \u00fc\u00e7\u00fcn \u201cCBC Sport\u201d t\u00fcrkiy\u0259li m\u0259\u015fhur \u015f\u0259rh\u00e7i Ertem \u015eenerl\u0259&nbsp;dan\u0131\u015f\u0131qlara&nbsp;ba\u015flam\u0131\u015fd\u0131. Art\u0131q dan\u0131\u015f\u0131qlar u\u011furla ba\u015fa \u00e7at\u0131b v\u0259 bel\u0259likl\u0259, mat\u00e7\u0131n \u015f\u0259rhind\u0259 Ertem \u015eener d\u0259 i\u015ftirak ed\u0259c\u0259k. Qeyd ed\u0259k ki, qar\u015f\u0131la\u015fma bu g\u00fcn saat 21:45-d\u0259 start g\u00f6t\u00fcr\u0259c\u0259k. Mat\u00e7\u0131n dig\u0259r \u015f\u0259rh\u00e7isi is\u0259 P\u0259rviz Musayev &hellip;<\/p>\n","protected":false},"author":1,"featured_media":20472,"comment_status":"open","ping_status":"closed","sticky":false,"template":"","format":"standard","meta":{"footnotes":""},"categories":[1],"tags":[],"class_list":["post-20471","post","type-post","status-publish","format-standard","has-post-thumbnail","hentry","category-idman"],"_links":{"self":[{"href":"https:\/\/millitv.net\/index.php?rest_route=\/wp\/v2\/posts\/20471","targetHints":{"allow":["GET"]}}],"collection":[{"href":"https:\/\/millitv.net\/index.php?rest_route=\/wp\/v2\/posts"}],"about":[{"href":"https:\/\/millitv.net\/index.php?rest_route=\/wp\/v2\/types\/post"}],"author":[{"embeddable":true,"href":"https:\/\/millitv.net\/index.php?rest_route=\/wp\/v2\/users\/1"}],"replies":[{"embeddable":true,"href":"https:\/\/millitv.net\/index.php?rest_route=%2Fwp%2Fv2%2Fcomments&post=20471"}],"version-history":[{"count":1,"href":"https:\/\/millitv.net\/index.php?rest_route=\/wp\/v2\/posts\/20471\/revisions"}],"predecessor-version":[{"id":20473,"href":"https:\/\/millitv.net\/index.php?rest_route=\/wp\/v2\/posts\/20471\/revisions\/20473"}],"wp:featuredmedia":[{"embeddable":true,"href":"https:\/\/millitv.net\/index.php?rest_route=\/wp\/v2\/media\/20472"}],"wp:attachment":[{"href":"https:\/\/millitv.net\/index.php?rest_route=%2Fwp%2Fv2%2Fmedia&parent=20471"}],"wp:term":[{"taxonomy":"category","embeddable":true,"href":"https:\/\/millitv.net\/index.php?rest_route=%2Fwp%2Fv2%2Fcategories&post=20471"},{"taxonomy":"post_tag","embeddable":true,"href":"https:\/\/millitv.net\/index.php?rest_route=%2Fwp%2Fv2%2Ftags&post=20471"}],"curies":[{"name":"wp","href":"https:\/\/api.w.org\/{rel}","templated":true}]}}