{"id":20454,"date":"2025-11-04T08:34:54","date_gmt":"2025-11-04T08:34:54","guid":{"rendered":"https:\/\/millitv.net\/?p=20454"},"modified":"2025-11-04T08:34:55","modified_gmt":"2025-11-04T08:34:55","slug":"elikramin-butun-mal-qarasi-t%C9%99l%C9%99f-oldu","status":"publish","type":"post","link":"https:\/\/millitv.net\/?p=20454","title":{"rendered":"\u018flikram\u0131n b\u00fct\u00fcn mal-qaras\u0131 t\u0259l\u0259f oldu"},"content":{"rendered":"\n<p><strong>M\u00fc\u011f\u0259nni \u018flikram Bayramovun Bil\u0259suvardak\u0131 fermas\u0131nda olan b\u00fct\u00fcn mal-qaras\u0131 t\u0259l\u0259f olub.<\/strong><\/p>\n\n\n\n<p>Bu bar\u0259d\u0259 ifa\u00e7\u0131 &#8220;X\u0259z\u0259r ax\u015fam\u0131&#8221; verili\u015find\u0259 dan\u0131\u015f\u0131b:<\/p>\n\n\n\n<p>&#8220;\u0130n\u0259kl\u0259rimin ham\u0131s\u0131 \u00f6ld\u00fc. \u0130ki-\u00fc\u00e7 in\u0259yim var idi. M\u00fc\u011f\u0259nni El\u015fad Qarayev o q\u0259d\u0259r dedi ki, fermas\u0131 var, b\u00fct\u00fcn in\u0259kl\u0259rim t\u0259l\u0259f oldu. Onlara yax\u015f\u0131 baxmad\u0131lar&#8221;.<\/p>\n\n\n\n<p>Qeyd ed\u0259k ki, \u018flikram Bayramov ill\u0259r \u0259vv\u0259l &#8220;\u015eou ATV&#8221; verili\u015find\u0259 8 ba\u015f mal-qaras\u0131n\u0131n v\u0259 33 toyu\u011funun oldu\u011funu a\u00e7\u0131qlam\u0131\u015fd\u0131.<ins><\/ins><\/p>\n\n\n\n<p>(Ax\u015fam.az)<\/p>\n","protected":false},"excerpt":{"rendered":"<p>M\u00fc\u011f\u0259nni \u018flikram Bayramovun Bil\u0259suvardak\u0131 fermas\u0131nda olan b\u00fct\u00fcn mal-qaras\u0131 t\u0259l\u0259f olub. Bu bar\u0259d\u0259 ifa\u00e7\u0131 &#8220;X\u0259z\u0259r ax\u015fam\u0131&#8221; verili\u015find\u0259 dan\u0131\u015f\u0131b: &#8220;\u0130n\u0259kl\u0259rimin ham\u0131s\u0131 \u00f6ld\u00fc. \u0130ki-\u00fc\u00e7 in\u0259yim var idi. M\u00fc\u011f\u0259nni El\u015fad Qarayev o q\u0259d\u0259r dedi ki, fermas\u0131 var, b\u00fct\u00fcn in\u0259kl\u0259rim t\u0259l\u0259f oldu. Onlara yax\u015f\u0131 baxmad\u0131lar&#8221;. Qeyd ed\u0259k ki, \u018flikram Bayramov ill\u0259r \u0259vv\u0259l &#8220;\u015eou ATV&#8221; verili\u015find\u0259 8 ba\u015f mal-qaras\u0131n\u0131n v\u0259 33 &hellip;<\/p>\n","protected":false},"author":1,"featured_media":20455,"comment_status":"open","ping_status":"closed","sticky":false,"template":"","format":"standard","meta":{"footnotes":""},"categories":[1],"tags":[],"class_list":["post-20454","post","type-post","status-publish","format-standard","has-post-thumbnail","hentry","category-idman"],"_links":{"self":[{"href":"https:\/\/millitv.net\/index.php?rest_route=\/wp\/v2\/posts\/20454","targetHints":{"allow":["GET"]}}],"collection":[{"href":"https:\/\/millitv.net\/index.php?rest_route=\/wp\/v2\/posts"}],"about":[{"href":"https:\/\/millitv.net\/index.php?rest_route=\/wp\/v2\/types\/post"}],"author":[{"embeddable":true,"href":"https:\/\/millitv.net\/index.php?rest_route=\/wp\/v2\/users\/1"}],"replies":[{"embeddable":true,"href":"https:\/\/millitv.net\/index.php?rest_route=%2Fwp%2Fv2%2Fcomments&post=20454"}],"version-history":[{"count":1,"href":"https:\/\/millitv.net\/index.php?rest_route=\/wp\/v2\/posts\/20454\/revisions"}],"predecessor-version":[{"id":20456,"href":"https:\/\/millitv.net\/index.php?rest_route=\/wp\/v2\/posts\/20454\/revisions\/20456"}],"wp:featuredmedia":[{"embeddable":true,"href":"https:\/\/millitv.net\/index.php?rest_route=\/wp\/v2\/media\/20455"}],"wp:attachment":[{"href":"https:\/\/millitv.net\/index.php?rest_route=%2Fwp%2Fv2%2Fmedia&parent=20454"}],"wp:term":[{"taxonomy":"category","embeddable":true,"href":"https:\/\/millitv.net\/index.php?rest_route=%2Fwp%2Fv2%2Fcategories&post=20454"},{"taxonomy":"post_tag","embeddable":true,"href":"https:\/\/millitv.net\/index.php?rest_route=%2Fwp%2Fv2%2Ftags&post=20454"}],"curies":[{"name":"wp","href":"https:\/\/api.w.org\/{rel}","templated":true}]}}