{"id":20431,"date":"2025-11-03T08:50:53","date_gmt":"2025-11-03T08:50:53","guid":{"rendered":"https:\/\/millitv.net\/?p=20431"},"modified":"2025-11-03T08:50:54","modified_gmt":"2025-11-03T08:50:54","slug":"namiq-qaracuxurlu-ilk-d%C9%99f%C9%99-xanimi-il%C9%99-s%C9%99klini-paylasdi","status":"publish","type":"post","link":"https:\/\/millitv.net\/?p=20431","title":{"rendered":"Namiq Qara\u00e7uxurlu ilk d\u0259f\u0259 xan\u0131m\u0131 il\u0259 \u015f\u0259klini payla\u015fd\u0131"},"content":{"rendered":"\n<p><strong>Meyxana\u00e7\u0131 Namiq Qara\u00e7uxurlu ilk d\u0259f\u0259 h\u0259yat yolda\u015f\u0131 il\u0259 birg\u0259 fotosunu izl\u0259yicil\u0259ri il\u0259 b\u00f6l\u00fc\u015f\u00fcb.<\/strong><\/p>\n\n\n\n<p>O, bu bar\u0259d\u0259 instaqram hesab\u0131nda payla\u015f\u0131m edim:<\/p>\n\n\n\n<p>\u201c12 oktyabr m\u0259nim \u00fc\u00e7\u00fcn \u00f6z\u0259l g\u00fcnd\u00fcr. \u0130ll\u0259r \u00f6nc\u0259 bu g\u00fcn y\u00fczl\u0259rl\u0259 insan m\u0259ni qucaqlay\u0131b, \u201cToyun m\u00fcbar\u0259k, xo\u015fb\u0259xt ol!\u201d demi\u015fdi. \u0130ll\u0259r ke\u00e7dikc\u0259, n\u0259 q\u0259d\u0259r do\u011fru bir add\u0131m atd\u0131\u011f\u0131m\u0131n f\u0259rqin\u0259 var\u0131ram. Bu ill\u0259r \u0259rzind\u0259 \u00e7ox s\u0131naqlardan ke\u00e7dik, bir \u00e7ox \u00e7\u0259tinlikl\u0259r\u0259 sin\u0259 g\u0259ldik. Bu oca\u011f\u0131n s\u00f6nm\u0259si \u00fc\u00e7\u00fcn g\u00fcnahdan qorxmayan m\u0259rdimazarlar \u0259ll\u0259rind\u0259n g\u0259l\u0259ni etdil\u0259r. Bel\u0259 m\u0259qamlarda is\u0259 \u0259ksin\u0259, bir az da m\u00f6hk\u0259ml\u0259ndik. \u0130nsan\u0131n \u00f6z qism\u0259tini tapmas\u0131 bu fani d\u00fcnyada veril\u0259n \u0259n d\u0259y\u0259rli h\u0259diyy\u0259dir.<br>H\u0259diyy\u0259n \u00fc\u00e7\u00fcn t\u0259\u015f\u0259kk\u00fcrl\u0259r, s\u0259xav\u0259tli Allah\u0131m\u201d.<\/p>\n\n\n\n<p>Qeyd ed\u0259k ki, onun bu nikahdan Sara adl\u0131 bir q\u0131z\u0131 var.<\/p>\n\n\n\n<figure class=\"wp-block-image\"><img decoding=\"async\" src=\"https:\/\/qafqazinfo.az\/uploads\/1760286503\/300532_8fgaoegv7s1.jpeg\" alt=\"\" title=\"\"><\/figure>\n","protected":false},"excerpt":{"rendered":"<p>Meyxana\u00e7\u0131 Namiq Qara\u00e7uxurlu ilk d\u0259f\u0259 h\u0259yat yolda\u015f\u0131 il\u0259 birg\u0259 fotosunu izl\u0259yicil\u0259ri il\u0259 b\u00f6l\u00fc\u015f\u00fcb. O, bu bar\u0259d\u0259 instaqram hesab\u0131nda payla\u015f\u0131m edim: \u201c12 oktyabr m\u0259nim \u00fc\u00e7\u00fcn \u00f6z\u0259l g\u00fcnd\u00fcr. \u0130ll\u0259r \u00f6nc\u0259 bu g\u00fcn y\u00fczl\u0259rl\u0259 insan m\u0259ni qucaqlay\u0131b, \u201cToyun m\u00fcbar\u0259k, xo\u015fb\u0259xt ol!\u201d demi\u015fdi. \u0130ll\u0259r ke\u00e7dikc\u0259, n\u0259 q\u0259d\u0259r do\u011fru bir add\u0131m atd\u0131\u011f\u0131m\u0131n f\u0259rqin\u0259 var\u0131ram. Bu ill\u0259r \u0259rzind\u0259 \u00e7ox s\u0131naqlardan ke\u00e7dik, &hellip;<\/p>\n","protected":false},"author":1,"featured_media":20432,"comment_status":"open","ping_status":"closed","sticky":false,"template":"","format":"standard","meta":{"footnotes":""},"categories":[1],"tags":[],"class_list":["post-20431","post","type-post","status-publish","format-standard","has-post-thumbnail","hentry","category-idman"],"_links":{"self":[{"href":"https:\/\/millitv.net\/index.php?rest_route=\/wp\/v2\/posts\/20431","targetHints":{"allow":["GET"]}}],"collection":[{"href":"https:\/\/millitv.net\/index.php?rest_route=\/wp\/v2\/posts"}],"about":[{"href":"https:\/\/millitv.net\/index.php?rest_route=\/wp\/v2\/types\/post"}],"author":[{"embeddable":true,"href":"https:\/\/millitv.net\/index.php?rest_route=\/wp\/v2\/users\/1"}],"replies":[{"embeddable":true,"href":"https:\/\/millitv.net\/index.php?rest_route=%2Fwp%2Fv2%2Fcomments&post=20431"}],"version-history":[{"count":1,"href":"https:\/\/millitv.net\/index.php?rest_route=\/wp\/v2\/posts\/20431\/revisions"}],"predecessor-version":[{"id":20433,"href":"https:\/\/millitv.net\/index.php?rest_route=\/wp\/v2\/posts\/20431\/revisions\/20433"}],"wp:featuredmedia":[{"embeddable":true,"href":"https:\/\/millitv.net\/index.php?rest_route=\/wp\/v2\/media\/20432"}],"wp:attachment":[{"href":"https:\/\/millitv.net\/index.php?rest_route=%2Fwp%2Fv2%2Fmedia&parent=20431"}],"wp:term":[{"taxonomy":"category","embeddable":true,"href":"https:\/\/millitv.net\/index.php?rest_route=%2Fwp%2Fv2%2Fcategories&post=20431"},{"taxonomy":"post_tag","embeddable":true,"href":"https:\/\/millitv.net\/index.php?rest_route=%2Fwp%2Fv2%2Ftags&post=20431"}],"curies":[{"name":"wp","href":"https:\/\/api.w.org\/{rel}","templated":true}]}}