{"id":20428,"date":"2025-11-03T08:49:17","date_gmt":"2025-11-03T08:49:17","guid":{"rendered":"https:\/\/millitv.net\/?p=20428"},"modified":"2025-11-03T08:49:18","modified_gmt":"2025-11-03T08:49:18","slug":"30-ildir-icra-bascisi-olan-m%C9%99mur-kimdir","status":"publish","type":"post","link":"https:\/\/millitv.net\/?p=20428","title":{"rendered":"30 ildir icra ba\u015f\u00e7\u0131s\u0131 olan m\u0259mur kimdir?"},"content":{"rendered":"\n<p><strong>Az\u0259rbaycan\u0131n \u0259n stajl\u0131 icra ba\u015f\u00e7\u0131lar\u0131ndan biri d\u0259 Novruz Novruzovdur. Haz\u0131rda Siy\u0259z\u0259n\u0259 r\u0259hb\u0259rlik ed\u0259n Novruz m\u00fc\u0259llim bu il sentyabr ay\u0131n\u0131n 19-da icra ba\u015f\u00e7\u0131s\u0131 i\u015fl\u0259m\u0259yinin 30 illiyini qeyd edib.<\/strong><\/p>\n\n\n\n<p>Novruz Novruzov 2 may 1954-c\u00fc ild\u0259 Lerik rayonunda anadan olub. Ali t\u0259hsilli m\u00fc\u0259llimdir.<\/p>\n\n\n\n<p>Novruzovun icra strukturlar\u0131 il\u0259 tan\u0131\u015fl\u0131\u011f\u0131 30 il \u0259vv\u0259l\u0259 t\u0259sad\u00fcf edir. O, m\u0259rhum Prezident Heyd\u0259r \u018fliyevin S\u0259r\u0259ncam\u0131 il\u0259 19 sentyabr 1995-ci ild\u0259 anadan oldu\u011fu rayonun r\u0259hb\u0259ri t\u0259yin olunub.<\/p>\n\n\n\n<p>Novruzov do\u011fma Lerikd\u0259 6 il \u00e7al\u0131\u015fd\u0131qdan sonra Goranboy rayon icra hakimiyy\u0259tinin ba\u015f\u00e7\u0131s\u0131 t\u0259yin olunub. Novruz Novruzov \u00f6mr\u00fcn\u00fcn 5 ilini Goranboyda ke\u00e7irib.<\/p>\n\n\n\n<p>Haz\u0131rda \u00f6mr\u00fcn\u00fcn 71-ci pay\u0131z\u0131n\u0131 ya\u015fayan Novruz m\u00fc\u0259llimin Goranboydan sonrak\u0131 &#8220;dayanacag\u0131&#8221; \u015eabran rayonu olub. Novruzov \u015eabrana n\u0259 az, n\u0259 \u00e7ox, d\u00fcz 12 il r\u0259hb\u0259rlik edib.<\/p>\n\n\n\n<p>71 ya\u015fl\u0131 Novruz m\u00fc\u0259llim 2019-cu il aprel ay\u0131n\u0131n 5-d\u0259n Siy\u0259z\u0259n\u0259 r\u0259hb\u0259rlik edir.<\/p>\n\n\n\n<p>Novruz Novruzov m\u0259tbuatla \u0259m\u0259kdasl\u0131\u011fa h\u0259v\u0259ssiz yana\u015fan m\u0259murlardand\u0131r. G\u00f6zd\u0259n-k\u00f6n\u00fcld\u0259n uzaq qalma\u011fa \u00e7al\u0131\u015fd\u0131\u011f\u0131 \u00fc\u00e7\u00fcn internet resurslar\u0131nda onun haqq\u0131nda \u00e7ox az m\u0259lumat var. Bu m\u0259lumatlar \u0259sas\u0259n r\u0259smi m\u0259zmun da\u015f\u0131y\u0131r.<\/p>\n\n\n\n<p>Ya\u015f\u0131n\u0131n ir\u0259lil\u0259m\u0259si il\u0259 \u0259laq\u0259dar olaraq Novruzovun karyeras\u0131n\u0131n son aylar\u0131n\u0131 ya\u015fad\u0131\u011f\u0131n\u0131 d\u00fc\u015f\u00fcn\u0259nl\u0259r \u00e7oxdur. Amma \u0259sas olan hakimiyy\u0259tin onun haqq\u0131nda n\u0259 d\u00fc\u015f\u00fcnd\u00fcy\u00fcd\u00fcr. Bunu is\u0259 zaman g\u00f6st\u0259r\u0259c\u0259k&#8230;<\/p>\n\n\n\n<p>M\u0259tbuat.az<\/p>\n\n\n\n<p><em>Fotoda: Siy\u0259z\u0259n Rayon \u0130cra Hakimiyy\u0259tinin ba\u015f\u00e7\u0131s\u0131&nbsp;Novruz Novruzov<\/em><\/p>\n\n\n\n<figure class=\"wp-block-image\"><img decoding=\"async\" src=\"https:\/\/MilliTv.NET\/uploads\/1\/963e1ebbd2-lo.jpg\" alt=\"\" title=\"\"><\/figure>\n","protected":false},"excerpt":{"rendered":"<p>Az\u0259rbaycan\u0131n \u0259n stajl\u0131 icra ba\u015f\u00e7\u0131lar\u0131ndan biri d\u0259 Novruz Novruzovdur. Haz\u0131rda Siy\u0259z\u0259n\u0259 r\u0259hb\u0259rlik ed\u0259n Novruz m\u00fc\u0259llim bu il sentyabr ay\u0131n\u0131n 19-da icra ba\u015f\u00e7\u0131s\u0131 i\u015fl\u0259m\u0259yinin 30 illiyini qeyd edib. Novruz Novruzov 2 may 1954-c\u00fc ild\u0259 Lerik rayonunda anadan olub. Ali t\u0259hsilli m\u00fc\u0259llimdir. Novruzovun icra strukturlar\u0131 il\u0259 tan\u0131\u015fl\u0131\u011f\u0131 30 il \u0259vv\u0259l\u0259 t\u0259sad\u00fcf edir. O, m\u0259rhum Prezident Heyd\u0259r \u018fliyevin &hellip;<\/p>\n","protected":false},"author":1,"featured_media":20429,"comment_status":"open","ping_status":"closed","sticky":false,"template":"","format":"standard","meta":{"footnotes":""},"categories":[1],"tags":[],"class_list":["post-20428","post","type-post","status-publish","format-standard","has-post-thumbnail","hentry","category-idman"],"_links":{"self":[{"href":"https:\/\/millitv.net\/index.php?rest_route=\/wp\/v2\/posts\/20428","targetHints":{"allow":["GET"]}}],"collection":[{"href":"https:\/\/millitv.net\/index.php?rest_route=\/wp\/v2\/posts"}],"about":[{"href":"https:\/\/millitv.net\/index.php?rest_route=\/wp\/v2\/types\/post"}],"author":[{"embeddable":true,"href":"https:\/\/millitv.net\/index.php?rest_route=\/wp\/v2\/users\/1"}],"replies":[{"embeddable":true,"href":"https:\/\/millitv.net\/index.php?rest_route=%2Fwp%2Fv2%2Fcomments&post=20428"}],"version-history":[{"count":1,"href":"https:\/\/millitv.net\/index.php?rest_route=\/wp\/v2\/posts\/20428\/revisions"}],"predecessor-version":[{"id":20430,"href":"https:\/\/millitv.net\/index.php?rest_route=\/wp\/v2\/posts\/20428\/revisions\/20430"}],"wp:featuredmedia":[{"embeddable":true,"href":"https:\/\/millitv.net\/index.php?rest_route=\/wp\/v2\/media\/20429"}],"wp:attachment":[{"href":"https:\/\/millitv.net\/index.php?rest_route=%2Fwp%2Fv2%2Fmedia&parent=20428"}],"wp:term":[{"taxonomy":"category","embeddable":true,"href":"https:\/\/millitv.net\/index.php?rest_route=%2Fwp%2Fv2%2Fcategories&post=20428"},{"taxonomy":"post_tag","embeddable":true,"href":"https:\/\/millitv.net\/index.php?rest_route=%2Fwp%2Fv2%2Ftags&post=20428"}],"curies":[{"name":"wp","href":"https:\/\/api.w.org\/{rel}","templated":true}]}}