{"id":20425,"date":"2025-11-03T08:26:25","date_gmt":"2025-11-03T08:26:25","guid":{"rendered":"https:\/\/millitv.net\/?p=20425"},"modified":"2025-11-03T08:26:27","modified_gmt":"2025-11-03T08:26:27","slug":"ramiz-mehdiyevin-kecmis-kom%C9%99kcisi-d%C9%99-h%C9%99bs-edildi","status":"publish","type":"post","link":"https:\/\/millitv.net\/?p=20425","title":{"rendered":"Ramiz Mehdiyevin ke\u00e7mi\u015f k\u00f6m\u0259k\u00e7isi d\u0259 h\u0259bs edildi"},"content":{"rendered":"\n<p><strong>Ramiz Mehdiyevin ke\u00e7mi\u015f k\u00f6m\u0259k\u00e7isi Eldar&nbsp;\u018fmirov h\u0259bs edilib.<\/strong><\/p>\n\n\n\n<p>Bu bar\u0259d\u0259\u00a0S\u0259bail\u00a0rayon M\u0259hk\u0259m\u0259sind\u0259 q\u0259rar q\u0259bul edilib.<\/p>\n\n\n\n<p>Q\u0259rara \u0259sas\u0259n, istintaq orqan\u0131n t\u0259qdimat\u0131&nbsp;\u0259sas\u0131nda Eldar \u018fmirov bar\u0259sind\u0259 4 ay m\u00fcdd\u0259tin\u0259 h\u0259bs q\u0259timkan t\u0259dbiri se\u00e7ilib.<\/p>\n\n\n\n<p>Eldar&nbsp;\u018fmirov d\u00f6vl\u0259t\u0259 x\u0259yan\u0259t, d\u00f6vl\u0259t&nbsp;\u00e7evrili\u015fin\u0259 c\u0259hdd\u0259 ittiham olunur.<ins><\/ins><\/p>\n\n\n\n<p>Qeyd ed\u0259k ki, Eldar\u00a0\u018fmirov Ramiz Mehdiyev Prezident Administrasiyas\u0131n\u0131n r\u0259hb\u0259ri oldu\u011fu vaxt onun k\u00f6m\u0259k\u00e7isi olub.\/\/Teleqraf<\/p>\n\n\n\n<p>Xat\u0131rladaq ki, Eldar \u018fmirovun saxlanmas\u0131 il\u0259 ba\u011fl\u0131 x\u0259b\u0259ri ilk olaraq man\u015fet.az sayt\u0131 yay\u0131mlay\u0131b.<\/p>\n","protected":false},"excerpt":{"rendered":"<p>Ramiz Mehdiyevin ke\u00e7mi\u015f k\u00f6m\u0259k\u00e7isi Eldar&nbsp;\u018fmirov h\u0259bs edilib. Bu bar\u0259d\u0259\u00a0S\u0259bail\u00a0rayon M\u0259hk\u0259m\u0259sind\u0259 q\u0259rar q\u0259bul edilib. Q\u0259rara \u0259sas\u0259n, istintaq orqan\u0131n t\u0259qdimat\u0131&nbsp;\u0259sas\u0131nda Eldar \u018fmirov bar\u0259sind\u0259 4 ay m\u00fcdd\u0259tin\u0259 h\u0259bs q\u0259timkan t\u0259dbiri se\u00e7ilib. Eldar&nbsp;\u018fmirov d\u00f6vl\u0259t\u0259 x\u0259yan\u0259t, d\u00f6vl\u0259t&nbsp;\u00e7evrili\u015fin\u0259 c\u0259hdd\u0259 ittiham olunur. Qeyd ed\u0259k ki, Eldar\u00a0\u018fmirov Ramiz Mehdiyev Prezident Administrasiyas\u0131n\u0131n r\u0259hb\u0259ri oldu\u011fu vaxt onun k\u00f6m\u0259k\u00e7isi olub.\/\/Teleqraf Xat\u0131rladaq ki, Eldar \u018fmirovun saxlanmas\u0131 il\u0259 &hellip;<\/p>\n","protected":false},"author":1,"featured_media":20426,"comment_status":"open","ping_status":"closed","sticky":false,"template":"","format":"standard","meta":{"footnotes":""},"categories":[1],"tags":[],"class_list":["post-20425","post","type-post","status-publish","format-standard","has-post-thumbnail","hentry","category-idman"],"_links":{"self":[{"href":"https:\/\/millitv.net\/index.php?rest_route=\/wp\/v2\/posts\/20425","targetHints":{"allow":["GET"]}}],"collection":[{"href":"https:\/\/millitv.net\/index.php?rest_route=\/wp\/v2\/posts"}],"about":[{"href":"https:\/\/millitv.net\/index.php?rest_route=\/wp\/v2\/types\/post"}],"author":[{"embeddable":true,"href":"https:\/\/millitv.net\/index.php?rest_route=\/wp\/v2\/users\/1"}],"replies":[{"embeddable":true,"href":"https:\/\/millitv.net\/index.php?rest_route=%2Fwp%2Fv2%2Fcomments&post=20425"}],"version-history":[{"count":1,"href":"https:\/\/millitv.net\/index.php?rest_route=\/wp\/v2\/posts\/20425\/revisions"}],"predecessor-version":[{"id":20427,"href":"https:\/\/millitv.net\/index.php?rest_route=\/wp\/v2\/posts\/20425\/revisions\/20427"}],"wp:featuredmedia":[{"embeddable":true,"href":"https:\/\/millitv.net\/index.php?rest_route=\/wp\/v2\/media\/20426"}],"wp:attachment":[{"href":"https:\/\/millitv.net\/index.php?rest_route=%2Fwp%2Fv2%2Fmedia&parent=20425"}],"wp:term":[{"taxonomy":"category","embeddable":true,"href":"https:\/\/millitv.net\/index.php?rest_route=%2Fwp%2Fv2%2Fcategories&post=20425"},{"taxonomy":"post_tag","embeddable":true,"href":"https:\/\/millitv.net\/index.php?rest_route=%2Fwp%2Fv2%2Ftags&post=20425"}],"curies":[{"name":"wp","href":"https:\/\/api.w.org\/{rel}","templated":true}]}}