{"id":20417,"date":"2025-11-03T07:35:04","date_gmt":"2025-11-03T07:35:04","guid":{"rendered":"https:\/\/millitv.net\/?p=20417"},"modified":"2025-11-03T07:35:06","modified_gmt":"2025-11-03T07:35:06","slug":"xumarin-geyimi-sosial-mediani-qarisdirdi-soyun-hamimiz-dinc%C9%99l%C9%99k","status":"publish","type":"post","link":"https:\/\/millitv.net\/?p=20417","title":{"rendered":"Xumar\u0131n geyimi sosial median\u0131 qar\u0131\u015fd\u0131rd\u0131: \u201cSoyun, ham\u0131m\u0131z dinc\u0259l\u0259k\u201d"},"content":{"rendered":"\n<p><strong>Xumar Q\u0259dimova mavi libasla g\u00fczg\u00fc qar\u015f\u0131s\u0131na ke\u00e7\u0259r\u0259k \u00f6z mahn\u0131s\u0131n\u0131n fonunda video \u00e7\u0259kib.<\/strong><\/p>\n\n\n\n<p>H\u0259r zaman naz-q\u0259mz\u0259si il\u0259 se\u00e7il\u0259n ifa\u00e7\u0131n\u0131n a\u00e7\u0131q-sa\u00e7\u0131q geyimi birm\u0259nal\u0131 qar\u015f\u0131lanmay\u0131b.<\/p>\n\n\n\n<p>\u0130zl\u0259yicil\u0259r h\u0259min payla\u015f\u0131ma &#8220;soyunmaq \u00fcst\u00fcnd\u0259 yar\u0131\u015fa giribl\u0259r&#8221;, &#8220;soyun, ham\u0131m\u0131z dinc\u0259l\u0259k&#8221;, &#8220;bel\u0259 \u015feyl\u0259r etm\u0259, yadda\u015f\u0131m\u0131zda g\u00f6z\u0259l s\u0259sinl\u0259 qal&#8221; tipli \u015f\u0259rhl\u0259r yaz\u0131blar.<\/p>\n\n\n\n<p>M\u00fc\u011f\u0259nnini m\u00fcdafi\u0259 ed\u0259nl\u0259r d\u0259 olub.(&#8220;Yeni Sabah&#8221;)<\/p>\n\n\n\n<p><a href=\"https:\/\/player.bax.tv\/embed\/215408.html?utm_source=playerden&amp;utm_medium=paylasim&amp;utm_campaign=maqazin-xeberleri\" target=\"_blank\" rel=\"noopener\">https:\/\/player.bax.tv\/embed\/215408.html?u<\/a><\/p>\n","protected":false},"excerpt":{"rendered":"<p>Xumar Q\u0259dimova mavi libasla g\u00fczg\u00fc qar\u015f\u0131s\u0131na ke\u00e7\u0259r\u0259k \u00f6z mahn\u0131s\u0131n\u0131n fonunda video \u00e7\u0259kib. H\u0259r zaman naz-q\u0259mz\u0259si il\u0259 se\u00e7il\u0259n ifa\u00e7\u0131n\u0131n a\u00e7\u0131q-sa\u00e7\u0131q geyimi birm\u0259nal\u0131 qar\u015f\u0131lanmay\u0131b. \u0130zl\u0259yicil\u0259r h\u0259min payla\u015f\u0131ma &#8220;soyunmaq \u00fcst\u00fcnd\u0259 yar\u0131\u015fa giribl\u0259r&#8221;, &#8220;soyun, ham\u0131m\u0131z dinc\u0259l\u0259k&#8221;, &#8220;bel\u0259 \u015feyl\u0259r etm\u0259, yadda\u015f\u0131m\u0131zda g\u00f6z\u0259l s\u0259sinl\u0259 qal&#8221; tipli \u015f\u0259rhl\u0259r yaz\u0131blar. M\u00fc\u011f\u0259nnini m\u00fcdafi\u0259 ed\u0259nl\u0259r d\u0259 olub.(&#8220;Yeni Sabah&#8221;) https:\/\/player.bax.tv\/embed\/215408.html?u<\/p>\n","protected":false},"author":1,"featured_media":20418,"comment_status":"open","ping_status":"closed","sticky":false,"template":"","format":"standard","meta":{"footnotes":""},"categories":[1],"tags":[],"class_list":["post-20417","post","type-post","status-publish","format-standard","has-post-thumbnail","hentry","category-idman"],"_links":{"self":[{"href":"https:\/\/millitv.net\/index.php?rest_route=\/wp\/v2\/posts\/20417","targetHints":{"allow":["GET"]}}],"collection":[{"href":"https:\/\/millitv.net\/index.php?rest_route=\/wp\/v2\/posts"}],"about":[{"href":"https:\/\/millitv.net\/index.php?rest_route=\/wp\/v2\/types\/post"}],"author":[{"embeddable":true,"href":"https:\/\/millitv.net\/index.php?rest_route=\/wp\/v2\/users\/1"}],"replies":[{"embeddable":true,"href":"https:\/\/millitv.net\/index.php?rest_route=%2Fwp%2Fv2%2Fcomments&post=20417"}],"version-history":[{"count":1,"href":"https:\/\/millitv.net\/index.php?rest_route=\/wp\/v2\/posts\/20417\/revisions"}],"predecessor-version":[{"id":20419,"href":"https:\/\/millitv.net\/index.php?rest_route=\/wp\/v2\/posts\/20417\/revisions\/20419"}],"wp:featuredmedia":[{"embeddable":true,"href":"https:\/\/millitv.net\/index.php?rest_route=\/wp\/v2\/media\/20418"}],"wp:attachment":[{"href":"https:\/\/millitv.net\/index.php?rest_route=%2Fwp%2Fv2%2Fmedia&parent=20417"}],"wp:term":[{"taxonomy":"category","embeddable":true,"href":"https:\/\/millitv.net\/index.php?rest_route=%2Fwp%2Fv2%2Fcategories&post=20417"},{"taxonomy":"post_tag","embeddable":true,"href":"https:\/\/millitv.net\/index.php?rest_route=%2Fwp%2Fv2%2Ftags&post=20417"}],"curies":[{"name":"wp","href":"https:\/\/api.w.org\/{rel}","templated":true}]}}