{"id":20414,"date":"2025-11-03T05:38:24","date_gmt":"2025-11-03T05:38:24","guid":{"rendered":"https:\/\/millitv.net\/?p=20414"},"modified":"2025-11-03T05:38:26","modified_gmt":"2025-11-03T05:38:26","slug":"ramiz-mehdiyevin-dustaq-edildiyi-ev%C9%99-yalniz-o-ged%C9%99-bilir-q%C9%99nb%C9%99r-kimdir","status":"publish","type":"post","link":"https:\/\/millitv.net\/?p=20414","title":{"rendered":"Ramiz Mehdiyevin dustaq edildiyi ev\u0259 yaln\u0131z o ged\u0259 bilir &#8211;\u00a0Q\u0259nb\u0259r kimdir?"},"content":{"rendered":"\n<p><strong>Prezident Administrasiyas\u0131n\u0131n sabiq r\u0259hb\u0259ri Ramiz Mehdiyev cinay\u0259t m\u0259suliyy\u0259tin\u0259 c\u0259lb edilib. M\u0259hk\u0259m\u0259nin q\u0259rar\u0131 il\u0259 ona 4 ayl\u0131q ev dustaql\u0131\u011f\u0131 c\u0259zas\u0131 verilib.<\/strong><\/p>\n\n\n\n<p><strong>Maraql\u0131d\u0131r, ev dustaql\u0131\u011f\u0131nda olan Ramiz Mehdiyevi kiml\u0259r ziyar\u0259t edir, \u00fcmumiyy\u0259tl\u0259, qanun yax\u0131nlar\u0131n\u0131n onunla g\u00f6r\u00fc\u015fm\u0259sini qada\u011fan edirmi?<\/strong><\/p>\n\n\n\n<p><strong><a target=\"_blank\" href=\"https:\/\/MilliTv.NET\/\" rel=\"noreferrer noopener\">MilliTv.NET<\/a>&nbsp;x\u0259b\u0259r verir ki<\/strong>, m\u00f6vcud qanunvericiliy\u0259 g\u00f6r\u0259, ev dustaqlar\u0131 (elektron qolbaqla ev dustaql\u0131\u011f\u0131nda olan \u015f\u0259xsl\u0259r) m\u00fc\u0259yy\u0259n \u015f\u0259rtl\u0259rl\u0259 yax\u0131nlar\u0131 il\u0259 g\u00f6r\u00fc\u015f\u0259 bil\u0259rl\u0259r, lakin bu, m\u0259hk\u0259m\u0259nin q\u0259rar\u0131ndan v\u0259 n\u0259zar\u0259ti h\u0259yata ke\u00e7ir\u0259n orqan\u0131n m\u00fc\u0259yy\u0259n etdiyi qaydalardan as\u0131l\u0131d\u0131r.<\/p>\n\n\n\n<p>Ba\u015fqa s\u00f6zl\u0259, yax\u0131n qohumlar\u0131n ev\u0259 g\u0259lm\u0259si v\u0259 g\u00f6r\u00fc\u015fm\u0259si ad\u0259t\u0259n qada\u011fan edilmir. Amma m\u00fc\u0259yy\u0259n hallarda bu qada\u011fan edil\u0259 bil\u0259r. Bel\u0259 ki, bu g\u00f6r\u00fc\u015f istintaq\u0131n gedi\u015fin\u0259 t\u0259sir ed\u0259 bil\u0259rs\u0259, h\u0259min t\u0259maslara icaz\u0259 verilmir.<\/p>\n\n\n\n<p>\u018fg\u0259r \u015f\u0259xs\u0259 konkret qada\u011falar qoyulubsa (m\u0259s\u0259l\u0259n, ev\u0259 g\u0259l\u0259nl\u0259rin siyah\u0131s\u0131 m\u0259hdudla\u015fd\u0131r\u0131l\u0131bsa), bu zaman yaln\u0131z icaz\u0259 veril\u0259n \u015f\u0259xsl\u0259rl\u0259 g\u00f6r\u00fc\u015fm\u0259k m\u00fcmk\u00fcnd\u00fcr.<ins><\/ins><\/p>\n\n\n\n<p>Ramiz Mehdiyevin a\u011f\u0131r d\u00f6vl\u0259ti cinay\u0259tl\u0259rd\u0259 ittiham olundu\u011funu n\u0259z\u0259r\u0259 alsaq, onunla g\u00f6r\u00fc\u015f\u0259 icaz\u0259 veril\u0259n \u015f\u0259xsl\u0259rin siyah\u0131s\u0131n\u0131n m\u0259hdud oldu\u011funu d\u00fc\u015f\u00fcnm\u0259k olar.<\/p>\n\n\n\n<p>Savashmedia.az -\u0131n \u0259ld\u0259 etdiyi m\u0259lumata g\u00f6r\u0259, Ramiz Mehdiyev ev dustaql\u0131\u011f\u0131n\u0131 m\u0259\u015fhur &#8220;Avropa&#8221; otelinin yan\u0131nda, Tiflis prospektind\u0259ki villas\u0131nda \u00e7\u0259kir. H\u0259yat yolda\u015f\u0131 Qalina Mehdiyevan\u0131n da onun yan\u0131nda oldu\u011fu bildirilir.<\/p>\n\n\n\n<p>\u00d6vladlar\u0131na g\u0259linc\u0259 is\u0259 onlar\u0131n he\u00e7 birin\u0259 Ramiz Mehdiyevl\u0259 g\u00f6r\u00fc\u015f icaz\u0259si verilm\u0259yib.<\/p>\n\n\n\n<p>Sabiq PA r\u0259hb\u0259rinin qald\u0131\u011f\u0131 ev\u0259 giri\u015f izni olan yegan\u0259 \u015f\u0259xs is\u0259 Ramiz Mehdiyevin Q\u0259nb\u0259r adl\u0131 m\u00fchafiz\u0259\u00e7isidir. B\u00fct\u00fcn al\u0131\u015f-veri\u015f v\u0259 bazarl\u0131q i\u015fl\u0259rini d\u0259 onun h\u0259yata ke\u00e7irdiyi bildirilir.<\/p>\n\n\n\n<p>Xat\u0131rladaq ki, bir m\u00fcdd\u0259t \u00f6nc\u0259 mediaya a\u00e7\u0131qlama ver\u0259n m\u00fchafiz\u0259\u00e7i bunu t\u0259sdiql\u0259mi\u015f v\u0259 evin bazarl\u0131q i\u015fl\u0259ri il\u0259 m\u0259\u015f\u011ful oldu\u011funu demi\u015fdi.<\/p>\n","protected":false},"excerpt":{"rendered":"<p>Prezident Administrasiyas\u0131n\u0131n sabiq r\u0259hb\u0259ri Ramiz Mehdiyev cinay\u0259t m\u0259suliyy\u0259tin\u0259 c\u0259lb edilib. M\u0259hk\u0259m\u0259nin q\u0259rar\u0131 il\u0259 ona 4 ayl\u0131q ev dustaql\u0131\u011f\u0131 c\u0259zas\u0131 verilib. Maraql\u0131d\u0131r, ev dustaql\u0131\u011f\u0131nda olan Ramiz Mehdiyevi kiml\u0259r ziyar\u0259t edir, \u00fcmumiyy\u0259tl\u0259, qanun yax\u0131nlar\u0131n\u0131n onunla g\u00f6r\u00fc\u015fm\u0259sini qada\u011fan edirmi? MilliTv.NET&nbsp;x\u0259b\u0259r verir ki, m\u00f6vcud qanunvericiliy\u0259 g\u00f6r\u0259, ev dustaqlar\u0131 (elektron qolbaqla ev dustaql\u0131\u011f\u0131nda olan \u015f\u0259xsl\u0259r) m\u00fc\u0259yy\u0259n \u015f\u0259rtl\u0259rl\u0259 yax\u0131nlar\u0131 il\u0259 g\u00f6r\u00fc\u015f\u0259 &hellip;<\/p>\n","protected":false},"author":1,"featured_media":20415,"comment_status":"open","ping_status":"closed","sticky":false,"template":"","format":"standard","meta":{"footnotes":""},"categories":[1],"tags":[],"class_list":["post-20414","post","type-post","status-publish","format-standard","has-post-thumbnail","hentry","category-idman"],"_links":{"self":[{"href":"https:\/\/millitv.net\/index.php?rest_route=\/wp\/v2\/posts\/20414","targetHints":{"allow":["GET"]}}],"collection":[{"href":"https:\/\/millitv.net\/index.php?rest_route=\/wp\/v2\/posts"}],"about":[{"href":"https:\/\/millitv.net\/index.php?rest_route=\/wp\/v2\/types\/post"}],"author":[{"embeddable":true,"href":"https:\/\/millitv.net\/index.php?rest_route=\/wp\/v2\/users\/1"}],"replies":[{"embeddable":true,"href":"https:\/\/millitv.net\/index.php?rest_route=%2Fwp%2Fv2%2Fcomments&post=20414"}],"version-history":[{"count":1,"href":"https:\/\/millitv.net\/index.php?rest_route=\/wp\/v2\/posts\/20414\/revisions"}],"predecessor-version":[{"id":20416,"href":"https:\/\/millitv.net\/index.php?rest_route=\/wp\/v2\/posts\/20414\/revisions\/20416"}],"wp:featuredmedia":[{"embeddable":true,"href":"https:\/\/millitv.net\/index.php?rest_route=\/wp\/v2\/media\/20415"}],"wp:attachment":[{"href":"https:\/\/millitv.net\/index.php?rest_route=%2Fwp%2Fv2%2Fmedia&parent=20414"}],"wp:term":[{"taxonomy":"category","embeddable":true,"href":"https:\/\/millitv.net\/index.php?rest_route=%2Fwp%2Fv2%2Fcategories&post=20414"},{"taxonomy":"post_tag","embeddable":true,"href":"https:\/\/millitv.net\/index.php?rest_route=%2Fwp%2Fv2%2Ftags&post=20414"}],"curies":[{"name":"wp","href":"https:\/\/api.w.org\/{rel}","templated":true}]}}