{"id":2040,"date":"2023-10-15T17:42:11","date_gmt":"2023-10-15T17:42:11","guid":{"rendered":"https:\/\/millinews.az\/xeber\/em%C9%99kdar-artistin-qizinin-nisanindan-goruntul%C9%99r\/"},"modified":"2023-10-15T17:42:11","modified_gmt":"2023-10-15T17:42:11","slug":"em%C9%99kdar-artistin-qizinin-nisanindan-goruntul%C9%99r","status":"publish","type":"post","link":"https:\/\/millitv.net\/?p=2040","title":{"rendered":"\u018fm\u0259kdar artistin q\u0131z\u0131n\u0131n ni\u015fan\u0131ndan g\u00f6r\u00fcnt\u00fcl\u0259r"},"content":{"rendered":"<div id=\"maincontent\">&#13;<br \/>\n        &#13;<\/p>\n<p><strong>X\u0259b\u0259r verdiyimiz kimi, \u018fm\u0259kdar artist Elnar\u0259 Abdullayeva q\u0131z\u0131 X\u0259dic\u0259ni ni\u015fanlay\u0131b. <\/strong><\/p>\n<p><a href=\"https:\/\/Millinews.az\" target=\"_blank\" class=\"kw-link\" rel=\"noopener\">Millinews.az<\/a> x\u0259b\u0259r verir ki, xan\u0259nd\u0259 \u00f6vlad\u0131n\u0131n \u00f6z\u0259l g\u00fcn\u00fcnd\u0259n g\u00f6r\u00fcnt\u00fcl\u0259ri &#8220;R\u0259ngar\u0259ng s\u0259h\u0259r&#8221; proqram\u0131nda n\u00fcmayi\u015f etdirib.  &#13;\n<\/p>\n<p>Bel\u0259 \u015feyl\u0259ri sevmir\u0259m. Qohum oldu\u011fum ail\u0259 b\u0259xt\u0259v\u0259rdir ki, m\u0259n varam. Q\u0131z\u0131m\u0131n getdiyi ail\u0259nin \u015fou-biznes\u0259 aiddiyat\u0131 yoxdur&#8221; dey\u0259, Elnar\u0259 bildirib. <\/p>\n<p>Qeyd ed\u0259k ki, Elxan adl\u0131 b\u0259yl\u0259 ail\u0259li olan Elnar\u0259nin bir o\u011ful, bir q\u0131z \u00f6vlad\u0131 var. X\u0259dic\u0259 Cavad adl\u0131 b\u0259yl\u0259 ni\u015fanlan\u0131b. <\/p>\n<p><iframe loading=\"lazy\" title=\"\u018fm\u0259kdar artist q\u0131z\u0131n\u0131n ni\u015fan\u0131ndan DANI\u015eDI \/ R\u0259ngar\u0259ng s\u0259h\u0259r\" width=\"500\" height=\"281\" src=\"https:\/\/www.youtube.com\/embed\/Jh685w_N_1s?feature=oembed\" frameborder=\"0\" allow=\"accelerometer; autoplay; clipboard-write; encrypted-media; gyroscope; picture-in-picture; web-share\" referrerpolicy=\"strict-origin-when-cross-origin\" allowfullscreen><\/iframe><br \/>&#13;<br \/>\n        &#13;<br \/>\n&#13;<br \/>\n        &#13;<br \/>\n&#13;\n        <\/p>\n<p><noscript><\/p>\n<p>You must enable Javascript on your browser for the site to work optimally and display sections completely.<\/p>\n<p><\/noscript>\t\t&#13;<br \/>\n\t\t&#13;\n    <\/div>\n<p><script type=\"text\/javascript\">jQuery(document).ready(function () {\n(function(d, s, id) {\n    var js, fjs = d.getElementsByTagName(s)[0];\n    if (d.getElementById(id))\n        return;\n    js = d.createElement(s);\n    js.id = id;\n    js.src = \"\/\/connect.facebook.net\/az_AZ\/all.js#xfbml=1&appId=1002485763137712\";\n    fjs.parentNode.insertBefore(js, fjs);\n}(document, 'script', 'facebook-jssdk'));                \n});<\/script><\/p>\n","protected":false},"excerpt":{"rendered":"<p>&#13; &#13; X\u0259b\u0259r verdiyimiz kimi, \u018fm\u0259kdar artist Elnar\u0259 Abdullayeva q\u0131z\u0131 X\u0259dic\u0259ni ni\u015fanlay\u0131b. Millinews.az x\u0259b\u0259r verir ki, xan\u0259nd\u0259 \u00f6vlad\u0131n\u0131n \u00f6z\u0259l g\u00fcn\u00fcnd\u0259n g\u00f6r\u00fcnt\u00fcl\u0259ri &#8220;R\u0259ngar\u0259ng s\u0259h\u0259r&#8221; proqram\u0131nda n\u00fcmayi\u015f etdirib. &#13; Bel\u0259 \u015feyl\u0259ri sevmir\u0259m. Qohum oldu\u011fum ail\u0259 b\u0259xt\u0259v\u0259rdir ki, m\u0259n varam. Q\u0131z\u0131m\u0131n getdiyi ail\u0259nin \u015fou-biznes\u0259 aiddiyat\u0131 yoxdur&#8221; dey\u0259, Elnar\u0259 bildirib. Qeyd ed\u0259k ki, Elxan adl\u0131 b\u0259yl\u0259 ail\u0259li olan Elnar\u0259nin &hellip;<\/p>\n","protected":false},"author":1,"featured_media":2041,"comment_status":"open","ping_status":"closed","sticky":false,"template":"","format":"standard","meta":{"footnotes":""},"categories":[9],"tags":[],"class_list":["post-2040","post","type-post","status-publish","format-standard","has-post-thumbnail","hentry","category-xeber"],"_links":{"self":[{"href":"https:\/\/millitv.net\/index.php?rest_route=\/wp\/v2\/posts\/2040","targetHints":{"allow":["GET"]}}],"collection":[{"href":"https:\/\/millitv.net\/index.php?rest_route=\/wp\/v2\/posts"}],"about":[{"href":"https:\/\/millitv.net\/index.php?rest_route=\/wp\/v2\/types\/post"}],"author":[{"embeddable":true,"href":"https:\/\/millitv.net\/index.php?rest_route=\/wp\/v2\/users\/1"}],"replies":[{"embeddable":true,"href":"https:\/\/millitv.net\/index.php?rest_route=%2Fwp%2Fv2%2Fcomments&post=2040"}],"version-history":[{"count":0,"href":"https:\/\/millitv.net\/index.php?rest_route=\/wp\/v2\/posts\/2040\/revisions"}],"wp:featuredmedia":[{"embeddable":true,"href":"https:\/\/millitv.net\/index.php?rest_route=\/wp\/v2\/media\/2041"}],"wp:attachment":[{"href":"https:\/\/millitv.net\/index.php?rest_route=%2Fwp%2Fv2%2Fmedia&parent=2040"}],"wp:term":[{"taxonomy":"category","embeddable":true,"href":"https:\/\/millitv.net\/index.php?rest_route=%2Fwp%2Fv2%2Fcategories&post=2040"},{"taxonomy":"post_tag","embeddable":true,"href":"https:\/\/millitv.net\/index.php?rest_route=%2Fwp%2Fv2%2Ftags&post=2040"}],"curies":[{"name":"wp","href":"https:\/\/api.w.org\/{rel}","templated":true}]}}