{"id":20396,"date":"2025-11-02T15:59:41","date_gmt":"2025-11-02T15:59:41","guid":{"rendered":"https:\/\/millitv.net\/?p=20396"},"modified":"2025-11-02T15:59:43","modified_gmt":"2025-11-02T15:59:43","slug":"kurtlar-vadisinin-m%C9%99shur-aktyoru-indi-taxta-daxmada-yasayir-foto","status":"publish","type":"post","link":"https:\/\/millitv.net\/?p=20396","title":{"rendered":"&#8220;Kurtlar Vadisi&#8221;nin m\u0259\u015fhur aktyoru indi taxta daxmada ya\u015fay\u0131r &#8211; FOTO"},"content":{"rendered":"\n<p>M\u0259\u015fhur t\u00fcrk aktyoru Ali S\u00fcrmeli, 41 ildir g\u00f6zl\u0259rd\u0259n uzaq, t\u0259bi\u0259t qoynunda sad\u0259, amma \u00f6z t\u0259birinc\u0259 des\u0259k, &#8220;l\u00fcks&#8221; h\u0259yat ya\u015fay\u0131r. &#8220;Kurtlar Vadisi&#8221; serial\u0131nda canland\u0131rd\u0131\u011f\u0131 &#8220;Zaza day\u0131&#8221; obraz\u0131 il\u0259 yadda\u015flara h\u0259kk olunan S\u00fcrmeli, haz\u0131rda Kuzey Ege b\u00f6lg\u0259sind\u0259 &#8211; Assos Kad\u0131r\u011fa k\u00f6rf\u0259zind\u0259 ya\u015fay\u0131r.<\/p>\n\n\n\n<p>Milli.Az T\u00fcrkiy\u0259 m\u0259tbuat\u0131na istinad\u0259n x\u0259b\u0259r verir ki, &#8220;Deli Y\u00fcrek&#8221;, &#8220;Kurtlar Vadisi: Pusu&#8221;, &#8220;\u00c7ukur&#8221; v\u0259 &#8220;E\u015fk\u0131ya d\u00fcnyaya h\u00fck\u00fcmdar olmaz&#8221; kimi m\u0259\u015fhur seriallarda rol alan Ali S\u00fcrmeli, art\u0131q uzun ill\u0259rdir \u015f\u0259h\u0259rd\u0259n uzaq bir h\u0259yat s\u00fcr\u00fcr. O, t\u0259xmin\u0259n 41 il \u0259vv\u0259l Assosa k\u00f6\u00e7\u00fcb v\u0259 burada \u00f6z h\u0259yat t\u0259rzini qurub.<\/p>\n\n\n\n<p>S\u00fcrmeli ya\u015fad\u0131\u011f\u0131 h\u0259yat\u0131 bel\u0259 t\u0259svir edir: &#8220;Ham\u0131 m\u0259nim yoxsul h\u0259yat ya\u015fad\u0131\u011f\u0131m\u0131 d\u00fc\u015f\u00fcn\u00fcr, amma m\u0259n l\u00fcks i\u00e7ind\u0259y\u0259m. S\u0259h\u0259r oyananda oksigen var, qu\u015f s\u0259si var. H\u0259qiqi z\u0259nginlik pul il\u0259 deyil, n\u0259f\u0259s almaqla \u00f6l\u00e7\u00fcl\u00fcr.&#8221;<\/p>\n\n\n\n<p>Ali S\u00fcrmeli haz\u0131rda \u00f6z \u0259ll\u0259ri il\u0259 in\u015fa etdiyi taxta, t\u0259km\u0259rt\u0259b\u0259li bir evd\u0259 ya\u015fay\u0131r. &#8220;Biz g\u0259l\u0259nd\u0259 burda sad\u0259c\u0259 bir ne\u00e7\u0259 d\u0259n\u0259 uzunqulaq var idi. Amma buran\u0131n el\u0259 bir sakitliyi var ki, sanki Bing\u00f6l yaylas\u0131nda yat\u0131rsan.&#8221;<\/p>\n\n\n\n<p>S\u00fcrmeli torpa\u011f\u0131 nec\u0259 ald\u0131\u011f\u0131n\u0131 da s\u0259mimi \u015f\u0259kild\u0259 dan\u0131\u015f\u0131b: &#8220;O vaxt\u0131n pulu il\u0259 10 sot torpa\u011f\u0131 100 min lir\u0259y\u0259 alm\u0131\u015fam. Yan\u0131ndak\u0131 torpa\u011f\u0131 da dil t\u00f6k\u0259nd\u0259n sonra 200 min\u0259 verdil\u0259r. C\u0259mi 13 sotu t\u0259xmin\u0259n 13 il \u0259vv\u0259l 300 min\u0259 ald\u0131m. O vaxt bu, min dollar edirdi. Akademiya a\u00e7maq ist\u0259yirdik, amma s\u00f6z ver\u0259nl\u0259rin ham\u0131s\u0131 geri \u00e7\u0259kildi. Planlar vard\u0131, amma h\u0259yata ke\u00e7m\u0259di.&#8221;<\/p>\n\n\n\n<p>Ali S\u00fcrmeli indi t\u0259bi\u0259tin i\u00e7ind\u0259 sakit, \u015f\u0259h\u0259rd\u0259n uzaq bir h\u0259yat ya\u015fay\u0131r. O, s\u0259h\u0259rin t\u0259miz havas\u0131n\u0131 v\u0259 qu\u015f s\u0259sl\u0259rini \u0259n b\u00f6y\u00fck z\u0259nginlik hesab edir v\u0259 &#8220;l\u00fcks&#8221; anlay\u0131\u015f\u0131n\u0131 t\u0259bi\u0259tl\u0259 i\u00e7-i\u00e7\u0259 olmaqda g\u00f6r\u00fcr.<\/p>\n\n\n\n<figure class=\"wp-block-image\"><img decoding=\"async\" src=\"https:\/\/cdn.musavat.com\/news\/images\/Gugu\/gugu11\/absh\/1297068_%282%29.jpg\" alt=\"\" title=\"\"><\/figure>\n\n\n\n<figure class=\"wp-block-image\"><img decoding=\"async\" src=\"https:\/\/cdn.musavat.com\/news\/images\/Gugu\/gugu11\/absh\/1297068_%283%29.jpg\" alt=\"\" title=\"\"><\/figure>\n\n\n\n<figure class=\"wp-block-image\"><img decoding=\"async\" src=\"https:\/\/cdn.musavat.com\/news\/images\/Gugu\/gugu11\/absh\/1297068_%284%29.jpg\" alt=\"\" title=\"\"><\/figure>\n","protected":false},"excerpt":{"rendered":"<p>M\u0259\u015fhur t\u00fcrk aktyoru Ali S\u00fcrmeli, 41 ildir g\u00f6zl\u0259rd\u0259n uzaq, t\u0259bi\u0259t qoynunda sad\u0259, amma \u00f6z t\u0259birinc\u0259 des\u0259k, &#8220;l\u00fcks&#8221; h\u0259yat ya\u015fay\u0131r. &#8220;Kurtlar Vadisi&#8221; serial\u0131nda canland\u0131rd\u0131\u011f\u0131 &#8220;Zaza day\u0131&#8221; obraz\u0131 il\u0259 yadda\u015flara h\u0259kk olunan S\u00fcrmeli, haz\u0131rda Kuzey Ege b\u00f6lg\u0259sind\u0259 &#8211; Assos Kad\u0131r\u011fa k\u00f6rf\u0259zind\u0259 ya\u015fay\u0131r. Milli.Az T\u00fcrkiy\u0259 m\u0259tbuat\u0131na istinad\u0259n x\u0259b\u0259r verir ki, &#8220;Deli Y\u00fcrek&#8221;, &#8220;Kurtlar Vadisi: Pusu&#8221;, &#8220;\u00c7ukur&#8221; v\u0259 &#8220;E\u015fk\u0131ya &hellip;<\/p>\n","protected":false},"author":1,"featured_media":20397,"comment_status":"open","ping_status":"closed","sticky":false,"template":"","format":"standard","meta":{"footnotes":""},"categories":[1],"tags":[],"class_list":["post-20396","post","type-post","status-publish","format-standard","has-post-thumbnail","hentry","category-idman"],"_links":{"self":[{"href":"https:\/\/millitv.net\/index.php?rest_route=\/wp\/v2\/posts\/20396","targetHints":{"allow":["GET"]}}],"collection":[{"href":"https:\/\/millitv.net\/index.php?rest_route=\/wp\/v2\/posts"}],"about":[{"href":"https:\/\/millitv.net\/index.php?rest_route=\/wp\/v2\/types\/post"}],"author":[{"embeddable":true,"href":"https:\/\/millitv.net\/index.php?rest_route=\/wp\/v2\/users\/1"}],"replies":[{"embeddable":true,"href":"https:\/\/millitv.net\/index.php?rest_route=%2Fwp%2Fv2%2Fcomments&post=20396"}],"version-history":[{"count":1,"href":"https:\/\/millitv.net\/index.php?rest_route=\/wp\/v2\/posts\/20396\/revisions"}],"predecessor-version":[{"id":20398,"href":"https:\/\/millitv.net\/index.php?rest_route=\/wp\/v2\/posts\/20396\/revisions\/20398"}],"wp:featuredmedia":[{"embeddable":true,"href":"https:\/\/millitv.net\/index.php?rest_route=\/wp\/v2\/media\/20397"}],"wp:attachment":[{"href":"https:\/\/millitv.net\/index.php?rest_route=%2Fwp%2Fv2%2Fmedia&parent=20396"}],"wp:term":[{"taxonomy":"category","embeddable":true,"href":"https:\/\/millitv.net\/index.php?rest_route=%2Fwp%2Fv2%2Fcategories&post=20396"},{"taxonomy":"post_tag","embeddable":true,"href":"https:\/\/millitv.net\/index.php?rest_route=%2Fwp%2Fv2%2Ftags&post=20396"}],"curies":[{"name":"wp","href":"https:\/\/api.w.org\/{rel}","templated":true}]}}