{"id":20380,"date":"2025-11-02T15:47:52","date_gmt":"2025-11-02T15:47:52","guid":{"rendered":"https:\/\/millitv.net\/?p=20380"},"modified":"2025-11-02T15:47:53","modified_gmt":"2025-11-02T15:47:53","slug":"ot%C9%99n-gun-basa-dusdum-ki-roya-ucun-darixiblar","status":"publish","type":"post","link":"https:\/\/millitv.net\/?p=20380","title":{"rendered":"&#8220;\u00d6t\u0259n g\u00fcn ba\u015fa d\u00fc\u015fd\u00fcm ki, R\u00f6ya \u00fc\u00e7\u00fcn dar\u0131x\u0131blar&#8221;"},"content":{"rendered":"\n<p><strong>\u201c\u0130n\u015fallah, \u00fcz\u0259rind\u0259n 25 il d\u0259 ke\u00e7sin, 50 ya\u015f\u0131mda da bel\u0259 enerjili konsert ver\u0259r\u0259m. Konsertiml\u0259 ba\u011fl\u0131 t\u0259\u0259ss\u00fcratlar\u0131m \u00e7ox g\u00f6z\u0259ldir&#8221;.<\/strong><\/p>\n\n\n\n<p>Bunu Teleqraf-a ekskl\u00fcziv a\u00e7\u0131qlamas\u0131nda Heyd\u0259r \u018fliyev Saray\u0131nda konsert proqram\u0131 il\u0259 \u00e7\u0131x\u0131\u015f ed\u0259n Xalq artisti R\u00f6ya Ayxan deyib.<\/p>\n\n\n\n<p>&#8220;H\u0259mi\u015f\u0259 m\u0259n\u0259 deyirdil\u0259r ki, he\u00e7 n\u0259 laz\u0131m deyil, \u00f6z\u00fcn \u00e7\u0131x, dan\u0131\u015f, bizd\u0259n R\u00f6yan\u0131 \u0259sirg\u0259m\u0259. \u00d6t\u0259n g\u00fcn ba\u015fa d\u00fc\u015fd\u00fcm ki, o R\u00f6ya \u00fc\u00e7\u00fcn dar\u0131x\u0131blar. D\u00fcn\u0259nki konsertimiz \u00e7ox g\u00f6z\u0259l ke\u00e7di, bu g\u00fcn d\u0259, in\u015fallah, el\u0259 davam ed\u0259c\u0259k.<\/p>\n\n\n\n<p>Art\u0131q 20 ildir ki, dayanmadan konsert proqramlar\u0131 il\u0259 \u00e7\u0131x\u0131\u015f edir\u0259m. S\u0259hn\u0259 f\u0259aliyy\u0259timin is\u0259 25 illiyidir. Yenid\u0259n Heyd\u0259r \u018fliyev Saray\u0131nda ham\u0131n\u0131 qar\u015f\u0131lamaq m\u0259n\u0259 b\u00f6y\u00fck sevinc verir&#8221;.<\/p>\n\n\n\n<p>Qeyd ed\u0259k ki, R\u00f6ya Ayxan Heyd\u0259r \u018fliyev Saray\u0131nda iki g\u00fcnl\u00fck konsert proqram\u0131 il\u0259 \u00e7\u0131x\u0131\u015f edir.<\/p>\n\n\n\n<p><\/p>\n","protected":false},"excerpt":{"rendered":"<p>\u201c\u0130n\u015fallah, \u00fcz\u0259rind\u0259n 25 il d\u0259 ke\u00e7sin, 50 ya\u015f\u0131mda da bel\u0259 enerjili konsert ver\u0259r\u0259m. Konsertiml\u0259 ba\u011fl\u0131 t\u0259\u0259ss\u00fcratlar\u0131m \u00e7ox g\u00f6z\u0259ldir&#8221;. Bunu Teleqraf-a ekskl\u00fcziv a\u00e7\u0131qlamas\u0131nda Heyd\u0259r \u018fliyev Saray\u0131nda konsert proqram\u0131 il\u0259 \u00e7\u0131x\u0131\u015f ed\u0259n Xalq artisti R\u00f6ya Ayxan deyib. &#8220;H\u0259mi\u015f\u0259 m\u0259n\u0259 deyirdil\u0259r ki, he\u00e7 n\u0259 laz\u0131m deyil, \u00f6z\u00fcn \u00e7\u0131x, dan\u0131\u015f, bizd\u0259n R\u00f6yan\u0131 \u0259sirg\u0259m\u0259. \u00d6t\u0259n g\u00fcn ba\u015fa d\u00fc\u015fd\u00fcm ki, o &hellip;<\/p>\n","protected":false},"author":1,"featured_media":20381,"comment_status":"open","ping_status":"closed","sticky":false,"template":"","format":"standard","meta":{"footnotes":""},"categories":[1],"tags":[],"class_list":["post-20380","post","type-post","status-publish","format-standard","has-post-thumbnail","hentry","category-idman"],"_links":{"self":[{"href":"https:\/\/millitv.net\/index.php?rest_route=\/wp\/v2\/posts\/20380","targetHints":{"allow":["GET"]}}],"collection":[{"href":"https:\/\/millitv.net\/index.php?rest_route=\/wp\/v2\/posts"}],"about":[{"href":"https:\/\/millitv.net\/index.php?rest_route=\/wp\/v2\/types\/post"}],"author":[{"embeddable":true,"href":"https:\/\/millitv.net\/index.php?rest_route=\/wp\/v2\/users\/1"}],"replies":[{"embeddable":true,"href":"https:\/\/millitv.net\/index.php?rest_route=%2Fwp%2Fv2%2Fcomments&post=20380"}],"version-history":[{"count":1,"href":"https:\/\/millitv.net\/index.php?rest_route=\/wp\/v2\/posts\/20380\/revisions"}],"predecessor-version":[{"id":20382,"href":"https:\/\/millitv.net\/index.php?rest_route=\/wp\/v2\/posts\/20380\/revisions\/20382"}],"wp:featuredmedia":[{"embeddable":true,"href":"https:\/\/millitv.net\/index.php?rest_route=\/wp\/v2\/media\/20381"}],"wp:attachment":[{"href":"https:\/\/millitv.net\/index.php?rest_route=%2Fwp%2Fv2%2Fmedia&parent=20380"}],"wp:term":[{"taxonomy":"category","embeddable":true,"href":"https:\/\/millitv.net\/index.php?rest_route=%2Fwp%2Fv2%2Fcategories&post=20380"},{"taxonomy":"post_tag","embeddable":true,"href":"https:\/\/millitv.net\/index.php?rest_route=%2Fwp%2Fv2%2Ftags&post=20380"}],"curies":[{"name":"wp","href":"https:\/\/api.w.org\/{rel}","templated":true}]}}