{"id":20374,"date":"2025-11-01T14:13:27","date_gmt":"2025-11-01T14:13:27","guid":{"rendered":"https:\/\/millitv.net\/?p=20374"},"modified":"2025-11-01T14:13:28","modified_gmt":"2025-11-01T14:13:28","slug":"mahir-emrelinin-dayisi-oglu-il%C9%99-bagli-uzucu-faktlar-kiray%C9%99d%C9%99-yasayirmis-borclarina-gor%C9%99","status":"publish","type":"post","link":"https:\/\/millitv.net\/?p=20374","title":{"rendered":"Mahir Emrelinin day\u0131s\u0131 o\u011flu il\u0259 ba\u011fl\u0131 \u00dcZ\u00dcC\u00dc FAKTLAR &#8211; Kiray\u0259d\u0259 ya\u015fay\u0131rm\u0131\u015f, borclar\u0131na g\u00f6r\u0259&#8230;"},"content":{"rendered":"\n<p><strong>M\u0259\u015fhur futbol\u00e7u Mahir \u018fmr\u0259linin day\u0131s\u0131 o\u011flu, 37 ya\u015fl\u0131 Sabit A\u011fayevin \u00f6l\u00fcm\u00fcn\u00fcn t\u0259f\u0259rr\u00fcatlar\u0131 m\u0259lum olub.<\/strong><\/p>\n\n\n\n<p>Millitv.net \u201cYeni Sabah\u201d a istinadla x\u0259b\u0259r verir ki, hadis\u0259 zaman\u0131 evd\u0259 t\u0259k olub.<\/p>\n\n\n\n<p>\u201cSabit bir m\u00fcdd\u0259t \u0259vv\u0259l valideynl\u0259ri il\u0259 yolda\u015f\u0131 aras\u0131nda yaranan m\u00fcbahis\u0259l\u0259r s\u0259b\u0259bil\u0259 kiray\u0259 ev tutaraq \u00f6z ail\u0259si il\u0259 ayr\u0131 ya\u015fama\u011fa ba\u015flay\u0131b. M\u0259rhum d\u00fcn\u0259n ax\u015fam saatlar\u0131nda Tala k\u0259ndin\u0259 g\u0259l\u0259r\u0259k intihar edib. Hadis\u0259 zaman\u0131 yolda\u015f\u0131 evd\u0259 olmay\u0131b. Bir azya\u015fl\u0131 k\u00f6rp\u0259si var. Sabitgil ail\u0259d\u0259 2 u\u015faqd\u0131rlar. Bir bac\u0131s\u0131 var. N\u0259n\u0259si vaxt\u0131 il\u0259 Tala k\u0259nd m\u0259kt\u0259bind\u0259 ibtidai sinif m\u00fc\u0259llimi i\u015fl\u0259yib\u201d, \u2013 m\u0259rhumun yax\u0131nlar\u0131 bildirib.<\/p>\n\n\n\n<p>Ba\u015fqa bir iddiaya g\u00f6r\u0259, m\u0259rhumun borclar\u0131 \u00e7ox imi\u015f v\u0259 \u00f6d\u0259y\u0259 bilmirmi\u015f. Ona g\u00f6r\u0259 d\u0259 \u00f6z\u00fcn\u0259 q\u0259sd edib.<\/p>\n\n\n\n<p>Xat\u0131rladaq ki, Zaqatala rayonunun A\u015fa\u011f\u0131 Tala k\u0259nd sakini, 1988-ci il t\u0259v\u0259ll\u00fcdl\u00fc Sabit \u015e\u0259hriyar o\u011flu A\u011fayevin meyiti ya\u015fad\u0131\u011f\u0131 \u00fcnvanda yar\u0131m\u00e7\u0131q tikilid\u0259n as\u0131l\u0131 v\u0259ziyy\u0259td\u0259 ail\u0259 \u00fczv\u00fcl\u0259ri t\u0259r\u0259find\u0259n a\u015fkarlan\u0131b. Faktla ba\u011fl\u0131 Zaqatala Rayon Prokurorlu\u011funda ara\u015fd\u0131rma apar\u0131l\u0131r.<\/p>\n\n\n\n<p>O, futbol\u00e7u Mahir \u018fmr\u0259linin day\u0131s\u0131 o\u011fludur.<\/p>\n\n\n\n<figure class=\"wp-block-image\"><img decoding=\"async\" src=\"https:\/\/cdn.yenisabah.az\/resize.php?w=0&amp;h=0&amp;file=image_750x422_6905d29a0bf2a.jpg\" alt=\"\" title=\"Kiray\u0259d\u0259 ya\u015fay\u0131rm\u0131\u015f, borclar\u0131 varm\u0131\u015f - Mahir Emrelinin day\u0131s\u0131 o\u011flunun \u00f6l\u00fcm\u00fcn\u00fcn T\u018fF\u018fRR\u00dcATI 5\"><\/figure>\n\n\n\n<figure class=\"wp-block-image\"><img decoding=\"async\" src=\"https:\/\/cdn.yenisabah.az\/resize.php?w=0&amp;h=0&amp;file=image_750x422_6905d29a9cde0.jpg\" alt=\"\" title=\"Kiray\u0259d\u0259 ya\u015fay\u0131rm\u0131\u015f, borclar\u0131 varm\u0131\u015f - Mahir Emrelinin day\u0131s\u0131 o\u011flunun \u00f6l\u00fcm\u00fcn\u00fcn T\u018fF\u018fRR\u00dcATI 6\"><\/figure>\n\n\n\n<figure class=\"wp-block-image\"><img decoding=\"async\" src=\"https:\/\/cdn.yenisabah.az\/resize.php?w=0&amp;h=0&amp;file=image_750x422_6905d29a6a7d9.jpg\" alt=\"\" title=\"Kiray\u0259d\u0259 ya\u015fay\u0131rm\u0131\u015f, borclar\u0131 varm\u0131\u015f - Mahir Emrelinin day\u0131s\u0131 o\u011flunun \u00f6l\u00fcm\u00fcn\u00fcn T\u018fF\u018fRR\u00dcATI 7\"><\/figure>\n","protected":false},"excerpt":{"rendered":"<p>M\u0259\u015fhur futbol\u00e7u Mahir \u018fmr\u0259linin day\u0131s\u0131 o\u011flu, 37 ya\u015fl\u0131 Sabit A\u011fayevin \u00f6l\u00fcm\u00fcn\u00fcn t\u0259f\u0259rr\u00fcatlar\u0131 m\u0259lum olub. Millitv.net \u201cYeni Sabah\u201d a istinadla x\u0259b\u0259r verir ki, hadis\u0259 zaman\u0131 evd\u0259 t\u0259k olub. \u201cSabit bir m\u00fcdd\u0259t \u0259vv\u0259l valideynl\u0259ri il\u0259 yolda\u015f\u0131 aras\u0131nda yaranan m\u00fcbahis\u0259l\u0259r s\u0259b\u0259bil\u0259 kiray\u0259 ev tutaraq \u00f6z ail\u0259si il\u0259 ayr\u0131 ya\u015fama\u011fa ba\u015flay\u0131b. M\u0259rhum d\u00fcn\u0259n ax\u015fam saatlar\u0131nda Tala k\u0259ndin\u0259 g\u0259l\u0259r\u0259k intihar &hellip;<\/p>\n","protected":false},"author":1,"featured_media":20375,"comment_status":"open","ping_status":"closed","sticky":false,"template":"","format":"standard","meta":{"footnotes":""},"categories":[1],"tags":[],"class_list":["post-20374","post","type-post","status-publish","format-standard","has-post-thumbnail","hentry","category-idman"],"_links":{"self":[{"href":"https:\/\/millitv.net\/index.php?rest_route=\/wp\/v2\/posts\/20374","targetHints":{"allow":["GET"]}}],"collection":[{"href":"https:\/\/millitv.net\/index.php?rest_route=\/wp\/v2\/posts"}],"about":[{"href":"https:\/\/millitv.net\/index.php?rest_route=\/wp\/v2\/types\/post"}],"author":[{"embeddable":true,"href":"https:\/\/millitv.net\/index.php?rest_route=\/wp\/v2\/users\/1"}],"replies":[{"embeddable":true,"href":"https:\/\/millitv.net\/index.php?rest_route=%2Fwp%2Fv2%2Fcomments&post=20374"}],"version-history":[{"count":1,"href":"https:\/\/millitv.net\/index.php?rest_route=\/wp\/v2\/posts\/20374\/revisions"}],"predecessor-version":[{"id":20376,"href":"https:\/\/millitv.net\/index.php?rest_route=\/wp\/v2\/posts\/20374\/revisions\/20376"}],"wp:featuredmedia":[{"embeddable":true,"href":"https:\/\/millitv.net\/index.php?rest_route=\/wp\/v2\/media\/20375"}],"wp:attachment":[{"href":"https:\/\/millitv.net\/index.php?rest_route=%2Fwp%2Fv2%2Fmedia&parent=20374"}],"wp:term":[{"taxonomy":"category","embeddable":true,"href":"https:\/\/millitv.net\/index.php?rest_route=%2Fwp%2Fv2%2Fcategories&post=20374"},{"taxonomy":"post_tag","embeddable":true,"href":"https:\/\/millitv.net\/index.php?rest_route=%2Fwp%2Fv2%2Ftags&post=20374"}],"curies":[{"name":"wp","href":"https:\/\/api.w.org\/{rel}","templated":true}]}}