{"id":20371,"date":"2025-11-01T14:12:08","date_gmt":"2025-11-01T14:12:08","guid":{"rendered":"https:\/\/millitv.net\/?p=20371"},"modified":"2025-11-01T14:12:09","modified_gmt":"2025-11-01T14:12:09","slug":"az%C9%99rbaycanda-30-ildir-icra-bascisi-isl%C9%99y%C9%99nl%C9%99r-sok-siyahi-yayildi","status":"publish","type":"post","link":"https:\/\/millitv.net\/?p=20371","title":{"rendered":"Az\u0259rbaycanda 30 ildir icra ba\u015f\u00e7\u0131s\u0131 i\u015fl\u0259y\u0259nl\u0259r &#8211; \u015eOK S\u0130YAHI YAYILDI"},"content":{"rendered":"\n<p>Yerli \u0130cra hakimiyy\u0259ti orqanlar\u0131n\u0131n r\u0259hb\u0259rl\u0259ri (icra ba\u015f\u00e7\u0131lar\u0131) \u00f6lk\u0259nin inzibati-idar\u0259etm\u0259 sistemind\u0259 m\u00fch\u00fcm h\u0259lq\u0259dirl\u0259r. Onlar h\u0259m \u0259razi \u00fczr\u0259 d\u00f6vl\u0259t siyas\u0259tinin h\u0259yata ke\u00e7irilm\u0259sind\u0259, h\u0259m d\u0259 v\u0259t\u0259nda\u015flara m\u00fcvafiq xidm\u0259tl\u0259rin g\u00f6st\u0259rilm\u0259sin\u0259 m\u0259suliyy\u0259t da\u015f\u0131y\u0131rlar.<br><br>Son g\u00fcnl\u0259r icra ba\u015f\u00e7\u0131lar\u0131 il\u0259 ba\u011fl\u0131 bir s\u0131ra suallar v\u0259 ictimai g\u00f6zl\u0259ntil\u0259r yenid\u0259n \u00f6n\u0259 \u00e7\u0131x\u0131b: s\u00f6hb\u0259t \u0259sas\u0259n ba\u015f\u00e7\u0131lar\u0131n i\u015find\u0259ki qeyri-\u015f\u0259ffafl\u0131qdan, cavabdehlik v\u0259 idar\u0259\u00e7ilik sah\u0259sind\u0259 yaranan qanunazidd f\u0259aliyy\u0259td\u0259n gedir. Bunun \u0259n son n\u00fcmun\u0259sini Balak\u0259n rayon \u0130cra Hakimiyy\u0259tinin DTX t\u0259r\u0259find\u0259n saxlan\u0131lan ba\u015f\u00e7\u0131s\u0131 \u0130slam Rzayevin timsal\u0131nda g\u00f6rd\u00fck.<br><br>Do\u011frudur, qara-qura i\u015fl\u0259ri b\u00fct\u00fcn icra ba\u015f\u00e7\u0131lar\u0131na \u015famil etm\u0259k olmaz. Onlar\u0131n aras\u0131nda v\u0259zif\u0259sin\u0259 m\u0259suliyy\u0259tl\u0259 yana\u015fanlar da var. Amma bu sah\u0259ni g\u00f6zd\u0259n salan m\u0259murlar da \u00e7oxdur.<br><br>Ara\u015fd\u0131rmalar&nbsp;g\u00f6st\u0259rir ki, Az\u0259rbaycanda rayon-\u015f\u0259h\u0259r \u0130cra hakimiyy\u0259tl\u0259rinin ba\u015f\u00e7\u0131lar\u0131 haz\u0131rk\u0131 v\u0259zif\u0259l\u0259rin\u0259 g\u00f6r\u0259 m\u00fcxt\u0259lif stajlara malikdirl\u0259r. \u0130cra ba\u015f\u00e7\u0131s\u0131 kimi 5 il i\u015fl\u0259y\u0259nl\u0259r d\u0259 var, 10 il, 15 il, 20, h\u0259tta 30 il i\u015fl\u0259y\u0259nl\u0259r d\u0259&#8230;<br><br><strong>Modern.az<\/strong>&nbsp;sayt\u0131 \u0259n stajl\u0131 icra ba\u015f\u00e7\u0131lar\u0131 kimi ilk \u201c20-lik\u201dd\u0259 hans\u0131 m\u0259murlar\u0131n yer ald\u0131\u011f\u0131n\u0131 ara\u015fd\u0131r\u0131b. Siyah\u0131da maraql\u0131 adlar var. Bel\u0259likl\u0259, \u0259n stajl\u0131 icra ba\u015f\u00e7\u0131lari il\u0259 siz d\u0259 tan\u0131\u015f olun:<br><br><strong>Xocav\u0259nd Rayon \u0130cra Hakimiyy\u0259tinin ba\u015f\u00e7\u0131s\u0131 Eyvaz H\u00fcseynov<\/strong>&nbsp;stajl\u0131 m\u0259murlar siyah\u0131s\u0131nda \u00f6nd\u0259 gedir. Eyvaz m\u00fc\u0259llim 2 iyul 1992-ci il tarixind\u0259 bu v\u0259zif\u0259y\u0259 t\u0259yin edilib. Qaraba\u011f m\u00fcharib\u0259si veteran\u0131 olan E.H\u00fcseynov 1988-ci ild\u0259 Xocav\u0259nd \u00f6z\u00fcn\u00fcm\u00fcdafi\u0259 d\u0259st\u0259sini yaratm\u0131\u015f, h\u0259min d\u0259st\u0259nin komandiri olmu\u015fdur. O,&nbsp;Az\u0259rbaycan\u0131n ictimai-siyasi h\u0259yat\u0131nda f\u0259al i\u015ftirak\u0131na g\u00f6r\u0259 2-ci d\u0259r\u0259c\u0259li \u201cV\u0259t\u0259n\u0259 xidm\u0259t\u0259 g\u00f6r\u0259\u201d ordeni, \u201cHeyd\u0259r \u018fliyevin 100 illiyi\u201d yubiley medal\u0131 il\u0259 t\u0259ltif edilib. E.H\u00fcseynov&nbsp;<strong>33 ildir<\/strong>&nbsp;ki, icra ba\u015f\u00e7\u0131s\u0131 i\u015fl\u0259yir.<br><br><strong>L\u0259nk\u0259ran \u015e\u0259h\u0259r \u0130cra Hakimiyy\u0259tinin ba\u015f\u00e7\u0131s\u0131 Taleh Qara\u015fov&nbsp;<\/strong>n\u0259 az-n\u0259 \u00e7ox, d\u00fcz&nbsp;<strong>30 il\u0259 yax\u0131nd\u0131r<\/strong>&nbsp;(1996-c\u0131 ild\u0259n ta bu g\u00fcn\u0259 kimi) b\u00f6lg\u0259 r\u0259hb\u0259ri postunda \u00e7al\u0131\u015f\u0131r. Bel\u0259 ki, o, 1996-2002-ci ill\u0259rd\u0259 K\u00fcrd\u0259mir Rayon \u0130cra Hakimiyy\u0259tinin ba\u015f\u00e7\u0131s\u0131, 2002-2006-c\u0131 ill\u0259rd\u0259 C\u0259lilabad Rayon \u0130cra Hakimiyy\u0259tinin ba\u015f\u00e7\u0131s\u0131, 2006-2011-ci ill\u0259rd\u0259 Neft\u00e7ala Rayon \u0130cra Hakimiyy\u0259tinin ba\u015f\u00e7\u0131s\u0131, 2011-2012-ci ill\u0259rd\u0259 Astara Rayon \u0130cra Hakimiyy\u0259tinin ba\u015f\u00e7\u0131s\u0131 v\u0259zif\u0259sind\u0259 \u00e7al\u0131\u015f\u0131b. 2012-ci ild\u0259n indiy\u0259 kimi L\u0259nk\u0259ran \u015e\u0259h\u0259r \u0130cra Hakimiyy\u0259tinin ba\u015f\u00e7\u0131s\u0131d\u0131r.<br><br><strong>Siy\u0259z\u0259n Rayon \u0130cra Hakimiyy\u0259tinin ba\u015f\u00e7\u0131s\u0131 Novruz Novruzov<\/strong>&nbsp;uzun ill\u0259rin r\u0259hb\u0259rl\u0259rind\u0259n say\u0131la bil\u0259r. O, 1995-2002-ci ill\u0259rd\u0259 Lerik Rayon \u0130cra Hakimiyy\u0259tinin ba\u015f\u00e7\u0131s\u0131, 2002-2007-ci ill\u0259rd\u0259 Goranboy Rayon \u0130cra Hakimiyy\u0259tinin ba\u015f\u00e7\u0131s\u0131, 2007-2019-cu ill\u0259rd\u0259 is\u0259 \u015eabran Rayon \u0130cra Hakimiyy\u0259tinin ba\u015f\u00e7\u0131s\u0131 v\u0259zif\u0259l\u0259rind\u0259 \u00e7al\u0131\u015f\u0131b.<br>5 aprel 2019-cu il tarixind\u0259 Siy\u0259z\u0259n Rayon \u0130cra Hakimiyy\u0259tinin ba\u015f\u00e7\u0131s\u0131 t\u0259yin edilib. 2014-c\u00fc ild\u0259 \u201c\u015e\u00f6hr\u0259t\u201d ordeni il\u0259 t\u0259ltif edilib. Novruz Novruzov&nbsp;<strong>30 ildir&nbsp;<\/strong>ki, icra ba\u015f\u00e7\u0131s\u0131 i\u015fl\u0259yir.<\/p>\n\n\n\n<p><strong>Bak\u0131 \u015e\u0259h\u0259r \u0130cra&nbsp;Hakimiyy\u0259tinin ba\u015f\u00e7\u0131s\u0131 Eldar \u018fzizov&nbsp;<\/strong>da uzun ill\u0259rdir ki, r\u0259hb\u0259r post tutur. C\u0259nab \u018fzizov 2000-ci ilin iyun ay\u0131nda Bak\u0131 \u015f\u0259h\u0259ri Nizami Rayon \u0130cra Hakimiyy\u0259tinin ba\u015f\u00e7\u0131s\u0131 v\u0259zif\u0259sin\u0259 t\u0259yin olunub.<br>2003-2011-ci ill\u0259rd\u0259 G\u0259nc\u0259 \u015e\u0259h\u0259r \u0130cra hakimiyy\u0259tinin ba\u015f\u00e7\u0131s\u0131 v\u0259zif\u0259sind\u0259 \u00e7al\u0131\u015f\u0131b.<br>2011-2015-ci ill\u0259rd\u0259 Sumqay\u0131t \u015e\u0259h\u0259r \u0130cra&nbsp; Hakimiyy\u0259tinin ba\u015f\u00e7\u0131s\u0131 olub.<br>2015-2018-ci ill\u0259rd\u0259 Bak\u0131 \u015e\u0259h\u0259ri S\u0259bail Rayon \u0130cra Hakimiyy\u0259tinin ba\u015f\u00e7\u0131s\u0131 i\u015fl\u0259yib.<br>15 noyabr 2018-ci ild\u0259 Bak\u0131 \u015e\u0259h\u0259r \u0130cra&nbsp;Hakimiyy\u0259tinin ba\u015f\u00e7\u0131s\u0131 v\u0259zif\u0259sin\u0259 t\u0259yin edilib.<br>Eldar m\u00fc\u0259llim 2017-ci ild\u0259 2-ci d\u0259r\u0259c\u0259li &#8220;V\u0259t\u0259n\u0259 xidm\u0259t\u0259 g\u00f6r\u0259&#8221; ordeni il\u0259 t\u0259ltif edilib. O, art\u0131q&nbsp;<strong>25 ild\u0259n \u00e7oxdur&nbsp;<\/strong>icra ba\u015f\u00e7\u0131s\u0131 i\u015fl\u0259yir.<\/p>\n\n\n\n<p><strong>Qubadl\u0131 Rayon \u0130cra Hakimiyy\u0259tinin ba\u015f\u00e7\u0131s\u0131 Malik \u0130saqov<\/strong>&nbsp;h\u0259m ya\u015f\u0131na, h\u0259m d\u0259 staj\u0131na g\u00f6r\u0259&nbsp; qocaman m\u0259murlardand\u0131r. 72 ya\u015fl\u0131 Malik m\u00fc\u0259llim bu v\u0259zif\u0259y\u0259 zavod direktorlu\u011fundan g\u0259lib. O, 8 sentyabr 2001-ci ild\u0259 Qubadl\u0131 rayon icra Hakimiyy\u0259tinin ba\u015f\u00e7\u0131s\u0131 t\u0259yin edilib. Malik \u0130saqov icra ba\u015f\u00e7\u0131 kimi art\u0131q&nbsp;<strong>25 ili&nbsp;<\/strong>ba\u015fa vurur.<br><br><strong>Xocal\u0131 Rayon \u0130cra Hakimiyy\u0259tinin ba\u015f\u00e7\u0131s\u0131 \u015eahmar Usubov<\/strong>&nbsp;da \u0259n stajl\u0131 \u201c20-lik\u201dd\u0259dir. O, 2000-ci il dekabr ay\u0131n\u0131n 21-d\u0259 icra ba\u015f\u00e7\u0131s\u0131 t\u0259yin edilib. 2013-c\u00fc ild\u0259 &#8220;\u015e\u00f6hr\u0259t&#8221; ordeni il\u0259 t\u0259ltif&nbsp; edilib.<br>\u015eahmar Usubov eyni yerd\u0259 i\u015fl\u0259y\u0259n icra ba\u015f\u00e7\u0131s\u0131 kimi&nbsp;<strong>25 ili<\/strong>&nbsp;tamamlay\u0131r.<\/p>\n\n\n\n<p><strong>Ab\u015feron Rayon \u0130cra Hakimiyy\u0259tinin ba\u015f\u00e7\u0131s\u0131 Abdin F\u0259rz\u0259liyev<\/strong>&nbsp;2003-c\u00fc ilin aprel ay\u0131nda Bak\u0131 \u015f\u0259h\u0259ri Nizami Rayon \u0130cra Hakimiyy\u0259tinin ba\u015f\u00e7\u0131s\u0131 v\u0259zif\u0259sin\u0259 t\u0259yin edilib. 2005-ci ilin dekabr ay\u0131ndan 19 yanvar 2022-ci il tarixin\u0259d\u0259k Bak\u0131 \u015e\u0259h\u0259ri N\u0259rimanov Rayon \u0130cra Hakimiyy\u0259tinin ba\u015f\u00e7\u0131s\u0131 v\u0259zif\u0259sind\u0259 \u00e7al\u0131\u015f\u0131b.<br>19 yanvar 2022-ci ild\u0259 Ab\u015feron Rayon \u0130cra Hakimiyy\u0259tinin ba\u015f\u00e7\u0131s\u0131 t\u0259yin edilib.<br>Abdin m\u00fc\u0259llim&nbsp;<strong>22 ildir<\/strong>&nbsp;ki, icra ba\u015f\u00e7\u0131s\u0131 i\u015fl\u0259yir. O, 2017-ci ild\u0259 &#8220;V\u0259t\u0259n\u0259 xidm\u0259t\u0259 g\u00f6r\u0259&#8221; ordeni il\u0259 t\u0259ltif olunub.<br><br><strong>Sumqay\u0131t \u015e\u0259h\u0259r \u0130cra Hakimiyy\u0259tinin ba\u015f\u00e7\u0131s\u0131 Zakir F\u0259r\u0259cov&nbsp;<\/strong>uzun m\u00fcdd\u0259tdir \u201cG\u0259nclik \u015f\u0259h\u0259ri\u201dn\u0259 r\u0259hb\u0259rlik edir. O, daha \u0259vv\u0259l ba\u015fqa \u0259razid\u0259 icra ba\u015f\u00e7\u0131s\u0131 postunda \u00e7al\u0131\u015f\u0131b. Bel\u0259 ki, 2005\u20132015-ci ill\u0259rd\u0259 Ab\u015feron Rayon \u0130cra Hakimiyy\u0259tinin ba\u015f\u00e7\u0131s\u0131 v\u0259zif\u0259sini tutub. 2 sentyabr 2015-ci ild\u0259 is\u0259 Sumqay\u0131t \u015f\u0259h\u0259r \u0130cra Hakimiyy\u0259tinin ba\u015f\u00e7\u0131s\u0131 t\u0259yin olunub. Bel\u0259likl\u0259 d\u0259 c\u0259nab F\u0259r\u0259cov&nbsp;<strong>20 ild\u0259n&nbsp;<\/strong>\u00e7oxdur ki, icra ba\u015f\u00e7\u0131s\u0131 v\u0259zif\u0259sind\u0259 i\u015fl\u0259yir.<\/p>\n\n\n\n<p><strong>Qarada\u011f Rayon \u0130cra Hakimiyy\u0259tinin ba\u015f\u00e7\u0131s\u0131 S\u00fcleyman Mikay\u0131lov<\/strong>&nbsp;inzibati idar\u0259\u00e7iliy\u0259 vergi sistemind\u0259n g\u0259lib. O, 2005-ci ilin may\u0131ndan 2005-ci ilin dekabr ay\u0131nad\u0259k Yard\u0131ml\u0131 Rayon \u0130cra Hakimiyy\u0259tinin ba\u015f\u00e7\u0131s\u0131 i\u015fl\u0259yib. 21 dekabr 2005-ci il tarixind\u0259n 4 mart 2020-ci il\u0259 kimi L\u0259nk\u0259ran \u015e\u0259h\u0259r \u0130cra Hakimiyy\u0259tinin ba\u015f\u00e7\u0131s\u0131 olub. 4 mart 2010-cu il tarixli s\u0259r\u0259ncamla Qarada\u011f Rayon \u0130cra Hakimiyy\u0259tinin ba\u015f\u00e7\u0131s\u0131 t\u0259yin edilib.<br>S\u00fcleyman Mikay\u0131lov&nbsp;\u00fcst-\u00fcst\u0259&nbsp;<strong>20 ild\u0259n&nbsp;<\/strong>\u00e7oxdur ki, icra ba\u015f\u00e7\u0131s\u0131 i\u015fl\u0259yir.<\/p>\n\n\n\n<p><strong>B\u0259rd\u0259 Rayon \u0130cra Hakimiyy\u0259tinin ba\u015f\u00e7\u0131s\u0131 Vidadi \u0130sayev<\/strong>&nbsp;r\u0259hb\u0259r m\u0259mur kimi 2005-ci ild\u0259n v\u0259zif\u0259d\u0259dir. O, 2005-2011-ci ill\u0259rd\u0259 T\u0259rt\u0259r Rayon \u0130cra Hakimiyy\u0259tinin ba\u015f\u00e7\u0131s\u0131 v\u0259zif\u0259sind\u0259 \u00e7al\u0131\u015f\u0131b. 3 mart 2011-ci il tarixind\u0259n is\u0259 B\u0259rd\u0259 Rayon \u0130cra Hakimiyy\u0259tinin ba\u015f\u00e7\u0131s\u0131 t\u0259yin edilib. &#8220;\u018fm\u0259k&#8221; v\u0259 \u201cV\u0259t\u0259n\u0259 xidm\u0259t\u0259 g\u00f6r\u0259\u201d ordenl\u0259ril\u0259 t\u0259ltif edilib.<br>Hakim Yeni Az\u0259rbaycan Partiyas\u0131n\u0131n \u00fczv\u00fc olan Vidadi m\u00fc\u0259llim&nbsp;<strong>20 ildir<\/strong>&nbsp;ki, icra ba\u015f\u00e7\u0131s\u0131 i\u015fl\u0259yir.<br><br><strong>Z\u0259rdab Rayon \u0130cra Hakimiyy\u0259tinin ba\u015f\u00e7\u0131s\u0131&nbsp;M\u0259rdan Camalov<\/strong>&nbsp;da \u0259n stajl\u0131 m\u0259murlar s\u0131ras\u0131nda yer al\u0131r. O, 2005\u20132019-cu ill\u0259rd\u0259 is\u0259 \u015eirvan \u015e\u0259h\u0259r \u0130cra Hakimiyy\u0259tinin ba\u015f\u00e7\u0131s\u0131 v\u0259zif\u0259sind\u0259 \u00e7al\u0131\u015f\u0131b. 12 noyabr 2019-cu ild\u0259 Z\u0259rdab Rayon&nbsp;\u0130cra Hakimiyy\u0259tinin ba\u015f\u00e7\u0131s\u0131 v\u0259zif\u0259sin\u0259 t\u0259yin edilib.<br>M\u0259rdan Camalov art\u0131q&nbsp;<strong>20 ildir&nbsp;<\/strong>ki, icra ba\u015f\u00e7\u0131s\u0131 v\u0259zif\u0259sind\u0259 \u00e7al\u0131\u015f\u0131r.<\/p>\n\n\n\n<p><strong>Astara Rayon \u0130cra Hakimiyy\u0259tinin ba\u015f\u00e7\u0131s\u0131 Q\u0259z\u0259nf\u0259r A\u011fayev<\/strong>&nbsp;d\u0259 k\u00f6hn\u0259 m\u0259murlardand\u0131r. O da \u0259vv\u0259ll\u0259r Vergil\u0259r Nazirliyi sistemind\u0259 i\u015fl\u0259yib. Q\u0259z\u0259nf\u0259r A\u011fayev ilk d\u0259f\u0259 2006-c\u0131 ild\u0259 icra ba\u015f\u00e7\u0131s\u0131 t\u0259yin edilib. Bel\u0259 ki, o, 24 mart 2006-ci ild\u0259n 29 sentyabr 2006-c\u0131 il tarix\u0259 kimi Yard\u0131ml\u0131 Rayon \u0130cra hakimiyy\u0259tinin ba\u015f\u00e7\u0131s\u0131, 2006-2012-ci ill\u0259rd\u0259 Masall\u0131 Rayon \u0130cra hakimiyy\u0259tinin ba\u015f\u00e7\u0131s\u0131 v\u0259zif\u0259l\u0259rind\u0259 \u00e7al\u0131\u015f\u0131b.<br>14 aprel 2012-ci ild\u0259n bu g\u00fcn\u0259 kimi Astara Rayon \u0130cra hakimiyy\u0259tinin ba\u015f\u00e7\u0131s\u0131 v\u0259zif\u0259sind\u0259 \u00e7al\u0131\u015f\u0131r. Bu is\u0259 \u00fcst-\u00fcst\u0259&nbsp;<strong>19 ild\u0259n&nbsp;<\/strong>\u00e7oxdur.<br><br><strong>X\u0131z\u0131 rayon \u0130cra Hakimiyy\u0259ti ba\u015f\u00e7\u0131s\u0131 X\u0259z\u0259r Aslanov&nbsp;<\/strong>vaxtil\u0259 ke\u00e7mi\u015f Xanlar Rayon \u0130cra Hakimiyy\u0259tind\u0259 ba\u015f\u00e7\u0131n\u0131n m\u00fcavini v\u0259 birinci m\u00fcavini v\u0259zif\u0259l\u0259rind\u0259 i\u015fl\u0259yib.&nbsp;2006-c\u0131 ild\u0259n is\u0259 onun icra ba\u015f\u00e7\u0131s\u0131 karyeras\u0131 ba\u015flay\u0131b. Bel\u0259 ki, 10 oktyabr 2006-c\u0131 ild\u0259n 10 aprel 2012-ci il\u0259d\u0259k Yard\u0131ml\u0131 rayon \u0130cra Hakimiyy\u0259ti ba\u015f\u00e7\u0131s\u0131 v\u0259zif\u0259sind\u0259 i\u015fl\u0259yib.<br>X.Aslanov 10 aprel 2012-ci il tarixind\u0259 X\u0131z\u0131 rayon \u0130cra Hakimiyy\u0259ti ba\u015f\u00e7\u0131s\u0131 t\u0259yin edilib. Onun &nbsp;icra ba\u015f\u00e7\u0131s\u0131 kimi&nbsp;<strong>19 ild\u0259n \u00e7ox<\/strong>&nbsp;staj\u0131 var.<\/p>\n\n\n\n<p><strong>Beyl\u0259qan Rayon \u0130cra Hakimiyy\u0259tinin ba\u015f\u00e7\u0131s\u0131 \u018fziz \u018fzizov&nbsp;<\/strong>da&nbsp;<strong>19 ildir<\/strong>&nbsp;icra ba\u015f\u00e7\u0131s\u0131 v\u0259zif\u0259sind\u0259 \u00e7al\u0131\u015f\u0131r. Onun icra ba\u015f\u00e7\u0131l\u0131\u011f\u0131na ged\u0259n yolu C\u0259lilabaddan ba\u015flay\u0131r. \u018fziz m\u00fc\u0259llim 2006-c\u0131 ild\u0259n 2018-ci il\u0259d\u0259k C\u0259lilabad Rayon \u0130cra Hakimiyy\u0259tinin ba\u015f\u00e7\u0131s\u0131, 2 fevral 2018-ci ild\u0259n 12 noyabr 2019-cu il\u0259d\u0259k Bak\u0131 \u015e\u0259h\u0259ri Yasamal Rayon \u0130cra Hakimiyy\u0259tinin ba\u015f\u00e7\u0131s\u0131, 12 noyabr 2019-cu ild\u0259n 8 iyul 2024-c\u00fc il\u0259d\u0259k is\u0259 Bak\u0131 \u015e\u0259h\u0259ri Suraxan\u0131 Rayon \u0130cra Hakimiyy\u0259tinin ba\u015f\u00e7\u0131s\u0131 v\u0259zif\u0259sind\u0259 \u00e7al\u0131\u015f\u0131b.<br>8 iyul 2024-c\u00fc il tarixind\u0259 Beyl\u0259qan Rayon \u0130cra Hakimiyy\u0259tinin ba\u015f\u00e7\u0131s\u0131 v\u0259zif\u0259sin\u0259 t\u0259yinat al\u0131b.<br><br><strong><br>\u015e\u0259ki \u015e\u0259h\u0259r \u0130cra Hakimiyy\u0259tinin 65 ya\u015fl\u0131 ba\u015f\u00e7\u0131s\u0131 Elxan Usubov<\/strong>&nbsp;2007-ci ild\u0259n b\u00f6lg\u0259 r\u0259hb\u0259ridir. O, 2007-2011-ci ill\u0259rd\u0259 A\u011fstafa Rayon \u0130cra Hakimiyy\u0259tinin ba\u015f\u00e7\u0131s\u0131 kimi f\u0259aliyy\u0259t g\u00f6st\u0259rib. 2011-ci il may ay\u0131n\u0131n 23-d\u0259 \u015e\u0259ki \u015e\u0259h\u0259r \u0130cra Hakimiyy\u0259tinin ba\u015f\u00e7\u0131s\u0131 v\u0259zif\u0259sin\u0259 t\u0259yin edilib. Elxan m\u00fc\u0259llim icra ba\u015f\u00e7\u0131s\u0131 kreslosunda&nbsp;<strong>18 ili<\/strong>&nbsp;yola sal\u0131b.<br><br><strong>A\u011fsu Rayon \u0130cra Hakimiyy\u0259tinin ba\u015f\u00e7\u0131s\u0131 R\u00f6v\u015f\u0259n Ba\u011f\u0131rov<\/strong>&nbsp;\u0259vv\u0259ll\u0259r Lerikd\u0259 i\u015fl\u0259yib. O, 2 aprel&nbsp; 2007-ci ild\u0259 Lerik Rayon \u0130cra Hakimiyy\u0259tinin ba\u015f\u00e7\u0131s\u0131 t\u0259yin edilib. 29 aprel 2021-ci il tarixind\u0259 is\u0259 A\u011fsu Rayon \u0130cra Hakimiyy\u0259tinin ba\u015f\u00e7\u0131s\u0131 v\u0259zif\u0259sin\u0259 t\u0259yinat al\u0131b. R\u00f6v\u015f\u0259n Ba\u011f\u0131rov&nbsp;<strong>18 ild\u0259n&nbsp;<\/strong>\u00e7oxdur icra ba\u015f\u00e7\u0131s\u0131 i\u015fl\u0259yir.<\/p>\n\n\n\n<p><strong>Ucar Rayon \u0130cra hakimiyy\u0259tinin ba\u015f\u00e7\u0131s\u0131 M\u0259nsur M\u0259mm\u0259dovun<\/strong>&nbsp;da&nbsp;<strong>18 illik<\/strong>&nbsp;karyeras\u0131 var.<br>O, 29 mart 2005-ci ild\u0259 Z\u0259rdab Rayon \u0130cra Hakimiyy\u0259tinin ba\u015f\u00e7\u0131s\u0131 t\u0259yin edilib. 14 dekabr 2007-ci ild\u0259 G\u00f6y\u00e7ay rayon \u0130cra Hakimiyy\u0259tinin ba\u015f\u00e7\u0131s\u0131 v\u0259zif\u0259sin\u0259 t\u0259yinat al\u0131b.<br>M\u0259nsur M\u0259mm\u0259dovun n\u00f6vb\u0259ti i\u015f yeri Ucar olub. 27 yanvar 2015-cid\u0259 Ucar rayon \u0130cra Hakimiyy\u0259tinin ba\u015f\u00e7\u0131s\u0131 t\u0259yin edilib.<\/p>\n\n\n\n<p><strong>Sabirabad Rayon \u0130cra Hakimiyy\u0259tinin ba\u015f\u00e7\u0131s\u0131 Siraq\u0259ddin Cabbarov<\/strong>&nbsp;da staj\u0131 \u00e7ox olan m\u0259murlardand\u0131r. O, 25 aprel 2008-ci il tarixind\u0259n 17 may 2019-cu il tarixin\u0259d\u0259k Saatl\u0131 Rayon \u0130cra Hakimiyy\u0259tinin ba\u015f\u00e7\u0131s\u0131 i\u015fl\u0259yib.<br>17 may 2019-cu il tarixind\u0259 Sabirabad Rayon \u0130cra Hakimiyy\u0259tinin ba\u015f\u00e7\u0131s\u0131 t\u0259yin edilib. &nbsp;<br>S.Cabbarov \u201c\u018fm\u0259k\u201d, 2-ci d\u0259r\u0259c\u0259li \u201cV\u0259t\u0259n\u0259 xidm\u0259t\u0259 g\u00f6r\u0259\u201d ordeni, &#8220;Heyd\u0259r \u018fliyevin 100 illiyi&#8221; yubiley medal\u0131 il\u0259 t\u0259ltif olunub. O,&nbsp;<strong>17 ild\u0259n<\/strong>&nbsp;\u00e7oxdur icra ba\u015f\u00e7\u0131s\u0131 v\u0259zif\u0259sini tutur.<\/p>\n\n\n\n<p><strong>Zaqatala Rayon \u0130cra Hakimiyy\u0259tinin ba\u015f\u00e7\u0131s\u0131 M\u00fcbariz \u018fhm\u0259dzad\u0259<\/strong>&nbsp;daha \u0259vv\u0259l Qaxa r\u0259hb\u0259rlik edib. Bel\u0259 ki, o, 27 dekabr 2007-ci ild\u0259n &#8211; 1 sentyabr 2009-cu il\u0259d\u0259k Qax Rayon \u0130cra Hakimiyy\u0259tinin ba\u015f\u00e7\u0131s\u0131 v\u0259zif\u0259sini icra edib. 1 sentyabr 2009-cu\u2009ild\u0259n Zaqatala Rayon \u0130cra Hakimiyy\u0259tinin ba\u015f\u00e7\u0131s\u0131d\u0131r. Bu is\u0259&nbsp;<strong>17 il<\/strong>&nbsp;dem\u0259kdir.<br><br><strong>\u015eu\u015fa Rayon \u0130cra Hakimiyy\u0259tinin ba\u015f\u00e7\u0131s\u0131 Bayram S\u0259f\u0259rov<\/strong>&nbsp;74 ya\u015f\u0131ndad\u0131r. O, 2009-cu il fevral ay\u0131n\u0131n 27-d\u0259 \u015eu\u015fa Rayon \u0130cra Hakimiyy\u0259tinin ba\u015f\u00e7\u0131s\u0131 t\u0259yin edilib. 2009-cu il iyunun 5-d\u0259 Az\u0259rbaycan Respublikas\u0131 Da\u011fl\u0131q Qaraba\u011f B\u00f6lg\u0259sinin Az\u0259rbaycanl\u0131 \u0130cmas\u0131 \u0130ctimai Birliyinin s\u0259dri se\u00e7ilib v\u0259 2018-ci ilin dekabr ay\u0131na q\u0259d\u0259r h\u0259min v\u0259zif\u0259d\u0259 d\u0259 f\u0259aliyy\u0259t g\u00f6st\u0259rib.<br>Bayram m\u00fc\u0259llim 2016-ci ild\u0259 ictimai-siyasi xidm\u0259tl\u0259rin\u0259 g\u00f6r\u0259 \u201c\u015e\u00f6hr\u0259t\u201d ordeni il\u0259 t\u0259ltif edilib. O,&nbsp;<strong>16 ildir&nbsp;<\/strong>ki, \u015eu\u015fa rayonuna r\u0259hb\u0259rlik edir.<br><br><strong>Q\u0259b\u0259l\u0259 Rayon \u0130cra Hakimiyy\u0259tinin ba\u015f\u00e7\u0131s\u0131 S\u0259buhi Abdullayev<\/strong>&nbsp;<strong>15 ildir&nbsp;<\/strong>bu v\u0259zif\u0259d\u0259 i\u015fl\u0259yir. O, 4 mart 2010-cu il tarixind\u0259 Q\u0259b\u0259l\u0259nin icra ba\u015f\u00e7\u0131s\u0131 t\u0259yin edilib.<br><br><strong>Z\u0259ngilan Ray\u043en \u0130cra Ha\u043aimiyy\u0259tinin ba\u015f\u00e7\u0131s\u0131 Ramiz H\u0259s\u0259nov<\/strong>&nbsp;26 apr\u0435l 2011-ci il tari\u0445li s\u0259r\u0259ncamla indiki v\u0259zif\u0259sin\u0259 t\u0259yinat al\u0131b. 65 ya\u015fl\u0131 H\u0259s\u0259nov art\u0131q&nbsp;<strong>14 ildir<\/strong>&nbsp;ki, Z\u0259ngilana r\u0259hb\u0259rlik edir.<br><br>F<strong>\u00fczuli Rayon \u0130cra Hakimiyy\u0259tinin ba\u015f\u00e7\u0131s\u0131 Al\u0131 Al\u0131yev<\/strong>&nbsp;25 fevral 2011-ci ild\u0259 bu v\u0259zif\u0259y\u0259 g\u0259tirilib. O, art\u0131q 14 ildir ki, do\u011fuldu\u011fu rayona r\u0259hb\u0259rlik edir.<br><br><strong>A\u011fcab\u0259di Rayon \u0130cra Hakimiyy\u0259tinin ba\u015f\u00e7\u0131s\u0131 Rafil H\u00fcseynov 13 ildir&nbsp;<\/strong>karyeras\u0131n\u0131 s\u00fcrd\u00fcr\u00fcr. O, 14 aprel 2012-ci ild\u0259 Masall\u0131 Rayon \u0130cra Hakimiyy\u0259tinin ba\u015f\u00e7\u0131s\u0131 v\u0259zif\u0259sin\u0259 t\u0259yin olunub. 20 noyabr 2019-cu ild\u0259 Masall\u0131dak\u0131 i\u015fin\u0259 son verilib. El\u0259 h\u0259min g\u00fcn A\u011fcab\u0259di Rayon \u0130cra Hakimiyy\u0259tinin ba\u015f\u00e7\u0131s\u0131 v\u0259zif\u0259sin\u0259 t\u0259yin edilib.<br>D\u00f6vl\u0259t qullu\u011funun ba\u015f m\u00fc\u015faviri olan Rafil H\u00fcseynov &#8220;\u018fm\u0259kd\u0259 f\u0259rql\u0259nm\u0259y\u0259 g\u00f6r\u0259&#8221; medal\u0131 il\u0259 t\u0259ltif edilib.<br><br><strong>Bak\u0131 \u015f\u0259h\u0259ri Sabun\u00e7u Rayon \u0130cra Hakimiyy\u0259tinin ba\u015f\u00e7\u0131s\u0131 Adil V\u0259liyev<\/strong>&nbsp;2012-ci ilin aprel ay\u0131nda bu v\u0259zif\u0259y\u0259 t\u0259yinat al\u0131b. Yeni Az\u0259rbaycan Partiyas\u0131n\u0131n \u00fczv\u00fc olan Adil m\u00fc\u0259llim icra ba\u015f\u00e7\u0131s\u0131 kimi&nbsp;<strong>13 illik<\/strong>&nbsp;karyeras\u0131 var.<\/p>\n\n\n\n<p><strong>G\u0259nc\u0259 \u015e\u0259h\u0259r \u0130cra Hakimiyy\u0259tinin ba\u015f\u00e7\u0131s\u0131 Niyazi Bayramov da 13 ildir<\/strong>&nbsp;r\u0259hb\u0259r post tutur. O, 2012-2018-ci ill\u0259rd\u0259&nbsp;Ming\u0259\u00e7evir \u015f\u0259h\u0259r \u0130cra Hakimiyy\u0259tinin ba\u015f\u00e7\u0131s\u0131&nbsp;v\u0259zif\u0259sind\u0259 i\u015fl\u0259yib.&nbsp;28 avqust 2018-ci ild\u0259 is\u0259 G\u0259nc\u0259 \u015e\u0259h\u0259r \u0130cra Hakimiyy\u0259tinin ba\u015f\u00e7\u0131s\u0131&nbsp;t\u0259yin olunub. Yeni Az\u0259rbaycan Partiyas\u0131n\u0131n \u00fczv\u00fcd\u00fcr.&nbsp;<\/p>\n\n\n\n<p>\u0130cra ba\u015f\u00e7\u0131s\u0131 institutu, regionlar\u0131n inki\u015faf\u0131nda, yerli \u0259halinin rifah\u0131n\u0131n y\u00fcks\u0259ldilm\u0259sind\u0259 v\u0259 d\u00f6vl\u0259t-v\u0259t\u0259nda\u015f m\u00fcnasib\u0259tl\u0259rinin m\u00f6hk\u0259ml\u0259ndirilm\u0259sind\u0259 h\u0259lledici rol oynay\u0131r. Lakin bu institutun effektivliyi yaln\u0131z formal s\u0259lahiyy\u0259tl\u0259r\u0259 ba\u011fl\u0131 deyil &#8211; o, h\u0259m d\u0259 hesabatl\u0131l\u0131q, \u015f\u0259ffafl\u0131q, i\u015ftirak\u00e7\u0131l\u0131q v\u0259 yerli \u00f6z\u00fcn\u00fcidar\u0259etm\u0259 elementl\u0259ri il\u0259 dol\u011fun \u015f\u0259kild\u0259 i\u015fl\u0259ndikd\u0259 effektli olur. Haz\u0131rk\u0131 d\u00f6n\u0259md\u0259 ictimai g\u00f6zl\u0259ntil\u0259r art\u0131b v\u0259 bu instituta m\u00fcnasib\u0259td\u0259 \u201ck\u00f6hn\u0259 model\u201d funksionall\u0131qla kifay\u0259tl\u0259nm\u0259k \u00e7\u0259tinl\u0259\u015fir.<\/p>\n\n\n\n<p>\u00c7a\u011fda\u015f idar\u0259etm\u0259d\u0259 modern yana\u015fmalar\u0131n, a\u00e7\u0131q v\u0259 n\u0259tic\u0259 y\u00f6n\u00fcml\u00fc mexanizml\u0259rin t\u0259tbiqi vacib hesab olunur. \u0130cra ba\u015f\u00e7\u0131lar\u0131 yaln\u0131z \u201crayonun r\u0259hb\u0259ri\u201d yox, h\u0259min \u0259razinin inki\u015faf\u0131n\u0131n katalizatoru, v\u0259t\u0259nda\u015flar\u0131n etimad g\u00f6st\u0259rdiyi lider olmal\u0131d\u0131rlar. B\u0259s ola bilirl\u0259rmi?&#8230;<\/p>\n\n\n\n<p><\/p>\n","protected":false},"excerpt":{"rendered":"<p>Yerli \u0130cra hakimiyy\u0259ti orqanlar\u0131n\u0131n r\u0259hb\u0259rl\u0259ri (icra ba\u015f\u00e7\u0131lar\u0131) \u00f6lk\u0259nin inzibati-idar\u0259etm\u0259 sistemind\u0259 m\u00fch\u00fcm h\u0259lq\u0259dirl\u0259r. Onlar h\u0259m \u0259razi \u00fczr\u0259 d\u00f6vl\u0259t siyas\u0259tinin h\u0259yata ke\u00e7irilm\u0259sind\u0259, h\u0259m d\u0259 v\u0259t\u0259nda\u015flara m\u00fcvafiq xidm\u0259tl\u0259rin g\u00f6st\u0259rilm\u0259sin\u0259 m\u0259suliyy\u0259t da\u015f\u0131y\u0131rlar.Son g\u00fcnl\u0259r icra ba\u015f\u00e7\u0131lar\u0131 il\u0259 ba\u011fl\u0131 bir s\u0131ra suallar v\u0259 ictimai g\u00f6zl\u0259ntil\u0259r yenid\u0259n \u00f6n\u0259 \u00e7\u0131x\u0131b: s\u00f6hb\u0259t \u0259sas\u0259n ba\u015f\u00e7\u0131lar\u0131n i\u015find\u0259ki qeyri-\u015f\u0259ffafl\u0131qdan, cavabdehlik v\u0259 idar\u0259\u00e7ilik sah\u0259sind\u0259 yaranan qanunazidd f\u0259aliyy\u0259td\u0259n gedir. &hellip;<\/p>\n","protected":false},"author":1,"featured_media":20372,"comment_status":"open","ping_status":"closed","sticky":false,"template":"","format":"standard","meta":{"footnotes":""},"categories":[1],"tags":[],"class_list":["post-20371","post","type-post","status-publish","format-standard","has-post-thumbnail","hentry","category-idman"],"_links":{"self":[{"href":"https:\/\/millitv.net\/index.php?rest_route=\/wp\/v2\/posts\/20371","targetHints":{"allow":["GET"]}}],"collection":[{"href":"https:\/\/millitv.net\/index.php?rest_route=\/wp\/v2\/posts"}],"about":[{"href":"https:\/\/millitv.net\/index.php?rest_route=\/wp\/v2\/types\/post"}],"author":[{"embeddable":true,"href":"https:\/\/millitv.net\/index.php?rest_route=\/wp\/v2\/users\/1"}],"replies":[{"embeddable":true,"href":"https:\/\/millitv.net\/index.php?rest_route=%2Fwp%2Fv2%2Fcomments&post=20371"}],"version-history":[{"count":1,"href":"https:\/\/millitv.net\/index.php?rest_route=\/wp\/v2\/posts\/20371\/revisions"}],"predecessor-version":[{"id":20373,"href":"https:\/\/millitv.net\/index.php?rest_route=\/wp\/v2\/posts\/20371\/revisions\/20373"}],"wp:featuredmedia":[{"embeddable":true,"href":"https:\/\/millitv.net\/index.php?rest_route=\/wp\/v2\/media\/20372"}],"wp:attachment":[{"href":"https:\/\/millitv.net\/index.php?rest_route=%2Fwp%2Fv2%2Fmedia&parent=20371"}],"wp:term":[{"taxonomy":"category","embeddable":true,"href":"https:\/\/millitv.net\/index.php?rest_route=%2Fwp%2Fv2%2Fcategories&post=20371"},{"taxonomy":"post_tag","embeddable":true,"href":"https:\/\/millitv.net\/index.php?rest_route=%2Fwp%2Fv2%2Ftags&post=20371"}],"curies":[{"name":"wp","href":"https:\/\/api.w.org\/{rel}","templated":true}]}}