{"id":20356,"date":"2025-10-31T13:34:14","date_gmt":"2025-10-31T13:34:14","guid":{"rendered":"https:\/\/millitv.net\/?p=20356"},"modified":"2025-10-31T13:34:14","modified_gmt":"2025-10-31T13:34:14","slug":"anamin-basqa-kisid%C9%99n-olan-usagina-baxdim-atam-is%C9%99","status":"publish","type":"post","link":"https:\/\/millitv.net\/?p=20356","title":{"rendered":"&#8220;Anam\u0131n ba\u015fqa ki\u015fid\u0259n olan u\u015fa\u011f\u0131na baxd\u0131m, atam is\u0259&#8230;&#8221;"},"content":{"rendered":"\n<p><strong>M\u00fc\u011f\u0259nni S\u0259id\u0259 Dada\u015fovan\u0131n ail\u0259 qalmaqal\u0131 davam edir.<\/strong><\/p>\n\n\n\n<p>S\u0259n\u0259t\u00e7i xalas\u0131 Lal\u0259 Dada\u015fovan\u0131n onunla ba\u011fl\u0131 s\u00f6zl\u0259rin\u0259 cavab verib.<\/p>\n\n\n\n<p>&#8220;Elgizl\u0259 izl\u0259&#8221; verili\u015fin\u0259 z\u0259ng ed\u0259n S\u0259id\u0259 atas\u0131, m\u0259rhum Xalq artisti Rafael Dada\u015fovun onu<\/p>\n\n\n\n<p>&#8220;Atam\u0131n anam\u0131n ail\u0259si il\u0259 g\u00f6r\u00fc\u015fm\u0259y\u0259 qoymamas\u0131 yaland\u0131r. M\u0259ni \u00f6z al\u0259mind\u0259 q\u0259bul etmir, \u00e7\u00fcnki yaltaq deyil\u0259m. Onlar ist\u0259yibl\u0259r onlar\u0131n dediyini icra edib, onlardan as\u0131l\u0131 olasan. Atam m\u0259ni onlara yax\u0131n buraxmay\u0131b, m\u0259ni onlardan uzaq tutub. Bilirdi ki, ba\u015f\u0131ma oyun a\u00e7acaqlar. \u0130caz\u0259 vermirdi ki, onlarla \u00fcnsiy\u0259t qurum. B\u0259z\u0259n el\u0259 yerl\u0259r var idi ki, deyirdi, onlar oradad\u0131rsa, biz g\u0259lmirik. Deyirdi ki, q\u0131z\u0131m\u0131 sizd\u0259n uzaq tuturam. Atam\u0131n s\u0259sini e\u015fitmisiniz. Lal\u0259 xan\u0131m, \u00f6z\u00fcn\u00fczl\u0259 m\u0259\u015f\u011ful ola bilm\u0259diniz? Gedin balalar\u0131n\u0131z\u0131 k\u00fc\u00e7\u0259l\u0259rd\u0259n y\u0131\u011f\u0131n. S\u0259id\u0259 k\u00fc\u00e7\u0259l\u0259rd\u0259 ola bilm\u0259z. 15 ya\u015f\u0131mdan filarmoniyada solist olmu\u015fam, i\u015fl\u0259mi\u015f\u0259m. \u0130\u015fl\u0259mi\u015f\u0259m ki, anama bax\u0131m, he\u00e7 kim\u0259 a\u011f\u0131z a\u00e7mas\u0131n. Deyirdim ki, \u00f6lm\u00fc\u015f\u0259m ki, bac\u0131ya a\u011f\u0131z a\u00e7asan? \u0130lk maa\u015f\u0131m 10 \u015firvan idi, anama dedim ki, n\u0259 ist\u0259s\u0259n s\u0259n\u0259 alaca\u011fam. Anam\u0131n ba\u015fqa ki\u015fid\u0259n olan u\u015fa\u011f\u0131na baxd\u0131m, k\u00fc\u00e7\u0259d\u0259 qalmas\u0131n, ad\u0131 b\u0259dnam \u00e7\u0131xmas\u0131n dey\u0259, atam ona soyad\u0131n\u0131 verdi. M\u0259n problem ya\u015fad\u0131m. \u00c7oxlar\u0131 el\u0259 bilirdi u\u015faq m\u0259nimdir. Deyirdil\u0259r, bu ya\u015fda u\u015faq?&#8221;.<\/p>\n\n\n\n<p>Qeyd ed\u0259k ki, S\u0259id\u0259 Dada\u015fova Xalq artisti Brilliant Dada\u015fovan\u0131n v\u0259 m\u00fc\u011f\u0259nni Lal\u0259 Dada\u015fovan\u0131n aktrisa olan bac\u0131s\u0131 S\u0259daq\u0259t Dada\u015fovan\u0131n q\u0131z\u0131d\u0131r. O, is\u0259 m\u0259rhum Xalq artisti Rafael Dada\u015fovla ail\u0259li olub. (Milli.Az)<\/p>\n","protected":false},"excerpt":{"rendered":"<p>M\u00fc\u011f\u0259nni S\u0259id\u0259 Dada\u015fovan\u0131n ail\u0259 qalmaqal\u0131 davam edir. S\u0259n\u0259t\u00e7i xalas\u0131 Lal\u0259 Dada\u015fovan\u0131n onunla ba\u011fl\u0131 s\u00f6zl\u0259rin\u0259 cavab verib. &#8220;Elgizl\u0259 izl\u0259&#8221; verili\u015fin\u0259 z\u0259ng ed\u0259n S\u0259id\u0259 atas\u0131, m\u0259rhum Xalq artisti Rafael Dada\u015fovun onu &#8220;Atam\u0131n anam\u0131n ail\u0259si il\u0259 g\u00f6r\u00fc\u015fm\u0259y\u0259 qoymamas\u0131 yaland\u0131r. M\u0259ni \u00f6z al\u0259mind\u0259 q\u0259bul etmir, \u00e7\u00fcnki yaltaq deyil\u0259m. Onlar ist\u0259yibl\u0259r onlar\u0131n dediyini icra edib, onlardan as\u0131l\u0131 olasan. Atam m\u0259ni &hellip;<\/p>\n","protected":false},"author":1,"featured_media":20357,"comment_status":"open","ping_status":"closed","sticky":false,"template":"","format":"standard","meta":{"footnotes":""},"categories":[1],"tags":[],"class_list":["post-20356","post","type-post","status-publish","format-standard","has-post-thumbnail","hentry","category-idman"],"_links":{"self":[{"href":"https:\/\/millitv.net\/index.php?rest_route=\/wp\/v2\/posts\/20356","targetHints":{"allow":["GET"]}}],"collection":[{"href":"https:\/\/millitv.net\/index.php?rest_route=\/wp\/v2\/posts"}],"about":[{"href":"https:\/\/millitv.net\/index.php?rest_route=\/wp\/v2\/types\/post"}],"author":[{"embeddable":true,"href":"https:\/\/millitv.net\/index.php?rest_route=\/wp\/v2\/users\/1"}],"replies":[{"embeddable":true,"href":"https:\/\/millitv.net\/index.php?rest_route=%2Fwp%2Fv2%2Fcomments&post=20356"}],"version-history":[{"count":1,"href":"https:\/\/millitv.net\/index.php?rest_route=\/wp\/v2\/posts\/20356\/revisions"}],"predecessor-version":[{"id":20358,"href":"https:\/\/millitv.net\/index.php?rest_route=\/wp\/v2\/posts\/20356\/revisions\/20358"}],"wp:featuredmedia":[{"embeddable":true,"href":"https:\/\/millitv.net\/index.php?rest_route=\/wp\/v2\/media\/20357"}],"wp:attachment":[{"href":"https:\/\/millitv.net\/index.php?rest_route=%2Fwp%2Fv2%2Fmedia&parent=20356"}],"wp:term":[{"taxonomy":"category","embeddable":true,"href":"https:\/\/millitv.net\/index.php?rest_route=%2Fwp%2Fv2%2Fcategories&post=20356"},{"taxonomy":"post_tag","embeddable":true,"href":"https:\/\/millitv.net\/index.php?rest_route=%2Fwp%2Fv2%2Ftags&post=20356"}],"curies":[{"name":"wp","href":"https:\/\/api.w.org\/{rel}","templated":true}]}}