{"id":20344,"date":"2025-10-31T11:34:41","date_gmt":"2025-10-31T11:34:41","guid":{"rendered":"https:\/\/millitv.net\/?p=20344"},"modified":"2025-10-31T11:34:42","modified_gmt":"2025-10-31T11:34:42","slug":"eli-h%C9%99s%C9%99nov-turkiy%C9%99y%C9%99-kocub-ozu-danisdi","status":"publish","type":"post","link":"https:\/\/millitv.net\/?p=20344","title":{"rendered":"\u018fli H\u0259s\u0259nov T\u00fcrkiy\u0259y\u0259 k\u00f6\u00e7\u00fcb? &#8211;\u00a0\u00d6z\u00fc dan\u0131\u015fd\u0131"},"content":{"rendered":"\n<p><strong>\u201cT\u00fcrkiy\u0259y\u0259 k\u00f6\u00e7m\u0259yim bar\u0259d\u0259 yaz\u0131lanlar yaland\u0131r. Haz\u0131rda Bak\u0131dayam\u201d.<\/strong><\/p>\n\n\n\n<p>Bu s\u00f6zl\u0259ri&nbsp;<a target=\"_blank\" href=\"https:\/\/teleqraf.az\/\" rel=\"noreferrer noopener\">Teleqraf<\/a>-a&nbsp;a\u00e7\u0131qlamas\u0131nda&nbsp;Prezident Administrasiyas\u0131n\u0131n sabiq \u015f\u00f6b\u0259 m\u00fcdiri&nbsp;\u018fli H\u0259s\u0259nov PA-n\u0131n&nbsp;ke\u00e7mi\u015f r\u0259hb\u0259ri Ramiz Mehdiyevin cinay\u0259t m\u0259suliyy\u0259tin\u0259 c\u0259lb&nbsp;olunmas\u0131ndan&nbsp;sonra T\u00fcrkiy\u0259y\u0259 k\u00f6\u00e7m\u0259si bar\u0259d\u0259 yay\u0131lan x\u0259b\u0259rl\u0259r\u0259 m\u00fcnasib\u0259t bildir\u0259rk\u0259n deyib.<\/p>\n\n\n\n<p>O, d\u00f6vl\u0259t\u0259 x\u0259yan\u0259td\u0259 ittiham olunan&nbsp;R.Mehdiyev&nbsp;bar\u0259d\u0259 ev h\u0259bsi q\u0259rar\u0131 \u00e7\u0131xar\u0131landan&nbsp;sonrak\u0131&nbsp;prosesl\u0259r haqda&nbsp;\u015f\u0259rh verm\u0259k&nbsp;ist\u0259m\u0259diyini&nbsp;bildirib: \u201cKifay\u0259t q\u0259d\u0259r m\u00fcnasib\u0259t bildirmi\u015f\u0259m, daha dan\u0131\u015fmaq ist\u0259mir\u0259m\u201d.<\/p>\n\n\n\n<p>Qeyd ed\u0259k ki, oktyabr\u0131n 14-d\u0259&nbsp;S\u0259bail&nbsp;Rayon M\u0259hk\u0259m\u0259si Prezident Administrasiyas\u0131n\u0131n sabiq r\u0259hb\u0259ri, AMEA-n\u0131n&nbsp;ke\u00e7mi\u015f prezidenti Ramiz Mehdiyev bar\u0259d\u0259 ev h\u0259bsi q\u0259rar\u0131 verib. Akademik d\u00f6vl\u0259t hakimiyy\u0259tini \u0259l\u0259 ke\u00e7irm\u0259y\u0259 y\u00f6n\u0259l\u0259n \u0259m\u0259ll\u0259rd\u0259, d\u00f6vl\u0259t\u0259 x\u0259yan\u0259td\u0259 v\u0259 cinay\u0259t yolu il\u0259 \u0259ld\u0259 edilmi\u015f&nbsp;\u0259mlak\u0131&nbsp;leqalla\u015fd\u0131rmada&nbsp;ittiham olunur.<\/p>\n","protected":false},"excerpt":{"rendered":"<p>\u201cT\u00fcrkiy\u0259y\u0259 k\u00f6\u00e7m\u0259yim bar\u0259d\u0259 yaz\u0131lanlar yaland\u0131r. Haz\u0131rda Bak\u0131dayam\u201d. Bu s\u00f6zl\u0259ri&nbsp;Teleqraf-a&nbsp;a\u00e7\u0131qlamas\u0131nda&nbsp;Prezident Administrasiyas\u0131n\u0131n sabiq \u015f\u00f6b\u0259 m\u00fcdiri&nbsp;\u018fli H\u0259s\u0259nov PA-n\u0131n&nbsp;ke\u00e7mi\u015f r\u0259hb\u0259ri Ramiz Mehdiyevin cinay\u0259t m\u0259suliyy\u0259tin\u0259 c\u0259lb&nbsp;olunmas\u0131ndan&nbsp;sonra T\u00fcrkiy\u0259y\u0259 k\u00f6\u00e7m\u0259si bar\u0259d\u0259 yay\u0131lan x\u0259b\u0259rl\u0259r\u0259 m\u00fcnasib\u0259t bildir\u0259rk\u0259n deyib. O, d\u00f6vl\u0259t\u0259 x\u0259yan\u0259td\u0259 ittiham olunan&nbsp;R.Mehdiyev&nbsp;bar\u0259d\u0259 ev h\u0259bsi q\u0259rar\u0131 \u00e7\u0131xar\u0131landan&nbsp;sonrak\u0131&nbsp;prosesl\u0259r haqda&nbsp;\u015f\u0259rh verm\u0259k&nbsp;ist\u0259m\u0259diyini&nbsp;bildirib: \u201cKifay\u0259t q\u0259d\u0259r m\u00fcnasib\u0259t bildirmi\u015f\u0259m, daha dan\u0131\u015fmaq ist\u0259mir\u0259m\u201d. Qeyd ed\u0259k ki, oktyabr\u0131n 14-d\u0259&nbsp;S\u0259bail&nbsp;Rayon M\u0259hk\u0259m\u0259si Prezident Administrasiyas\u0131n\u0131n &hellip;<\/p>\n","protected":false},"author":1,"featured_media":20345,"comment_status":"open","ping_status":"closed","sticky":false,"template":"","format":"standard","meta":{"footnotes":""},"categories":[1],"tags":[],"class_list":["post-20344","post","type-post","status-publish","format-standard","has-post-thumbnail","hentry","category-idman"],"_links":{"self":[{"href":"https:\/\/millitv.net\/index.php?rest_route=\/wp\/v2\/posts\/20344","targetHints":{"allow":["GET"]}}],"collection":[{"href":"https:\/\/millitv.net\/index.php?rest_route=\/wp\/v2\/posts"}],"about":[{"href":"https:\/\/millitv.net\/index.php?rest_route=\/wp\/v2\/types\/post"}],"author":[{"embeddable":true,"href":"https:\/\/millitv.net\/index.php?rest_route=\/wp\/v2\/users\/1"}],"replies":[{"embeddable":true,"href":"https:\/\/millitv.net\/index.php?rest_route=%2Fwp%2Fv2%2Fcomments&post=20344"}],"version-history":[{"count":1,"href":"https:\/\/millitv.net\/index.php?rest_route=\/wp\/v2\/posts\/20344\/revisions"}],"predecessor-version":[{"id":20346,"href":"https:\/\/millitv.net\/index.php?rest_route=\/wp\/v2\/posts\/20344\/revisions\/20346"}],"wp:featuredmedia":[{"embeddable":true,"href":"https:\/\/millitv.net\/index.php?rest_route=\/wp\/v2\/media\/20345"}],"wp:attachment":[{"href":"https:\/\/millitv.net\/index.php?rest_route=%2Fwp%2Fv2%2Fmedia&parent=20344"}],"wp:term":[{"taxonomy":"category","embeddable":true,"href":"https:\/\/millitv.net\/index.php?rest_route=%2Fwp%2Fv2%2Fcategories&post=20344"},{"taxonomy":"post_tag","embeddable":true,"href":"https:\/\/millitv.net\/index.php?rest_route=%2Fwp%2Fv2%2Ftags&post=20344"}],"curies":[{"name":"wp","href":"https:\/\/api.w.org\/{rel}","templated":true}]}}