{"id":2034,"date":"2023-10-15T17:23:40","date_gmt":"2023-10-15T17:23:40","guid":{"rendered":"https:\/\/millinews.az\/xeber\/giorgi-qoqua-prezident-ilham-eliyev-muasir-az%C9%99rbaycanin-sanli-tarixini-yazdi\/"},"modified":"2023-10-15T17:23:40","modified_gmt":"2023-10-15T17:23:40","slug":"giorgi-qoqua-prezident-ilham-eliyev-muasir-az%C9%99rbaycanin-sanli-tarixini-yazdi","status":"publish","type":"post","link":"https:\/\/millitv.net\/?p=2034","title":{"rendered":"Giorgi Qoqua: \u201cPrezident \u0130lham \u018fliyev m\u00fcasir Az\u0259rbaycan\u0131n \u015fanl\u0131 tarixini yazd\u0131\u201d"},"content":{"rendered":"<p><img decoding=\"async\" src=\"https:\/\/cdn.oxu.az\/uploads\/W1siZiIsIjIwMjMvMTAvMTUvMTkvMzkvNDIvY2E4NDgzMDUtZTJkYS00MDNkLTkyYzctNGMwYjhkMTI4Njk1L0ZvdG9KZXQgLSAyMDIzLTEwLTE1VDE5MzkyNi4xNDcuanBnIl0sWyJwIiwiZW5jb2RlIiwianBnIiwiLXF1YWxpdHkgODAiXSxbInAiLCJ0aHVtYiIsIjYyMHg0NjVcdTAwM2UiXV0?sha=6aa3269a17e55c49\" alt=\"\" title=\"\"><\/p>\n<div><a class=\"subs-in-social subs-whatsapp\" href=\"https:\/\/whatsapp.com\/channel\/0029VaAakbx89ingOoeiTp40\" target=\"_blank\" rel=\"noopener\"><\/p>\n<p>Bizim WhatsApp kanal\u0131m\u0131za buradan abun\u0259 ola bil\u0259rsiniz<\/p>\n<p><\/a><\/p>\n<p>\u201cPrezident <strong>\u0130lham \u018fliyev<\/strong> m\u00fcasir Az\u0259rbaycan\u0131n \u015fanl\u0131 tarixini yazd\u0131. Onun hakimiyy\u0259ti d\u00f6vr\u00fcnd\u0259 Az\u0259rbaycan n\u0259inki regionun, h\u0259tta d\u00fcnyan\u0131n \u0259n inki\u015faf etmi\u015f d\u00f6vl\u0259tl\u0259rind\u0259n birin\u0259 \u00e7evrildi\u201d.<\/p>\n<p>Bu fikirl\u0259ri\u00a0AZ\u018fRTAC-a m\u00fcsahib\u0259sind\u0259 g\u00fcrc\u00fc politoloq Giorgi Qoqua s\u00f6yl\u0259yib.<\/p>\n<p>Onun s\u00f6zl\u0259rin\u0259 g\u00f6r\u0259, hakimiyy\u0259t a\u011f\u0131ll\u0131, uzaqg\u00f6r\u0259n v\u0259 s\u00fclhsev\u0259r liderd\u0259 olanda g\u00fccl\u00fc d\u00f6vl\u0259t yaran\u0131r. \u0130lham \u018fliyev kimi praqmatik, m\u00fcdrik v\u0259 s\u00fclhsev\u0259r Prezident say\u0259sind\u0259 d\u0259 Az\u0259rbaycan q\u00fcdr\u0259tli, g\u00fccl\u00fc v\u0259 n\u00fcmun\u0259vi d\u00f6vl\u0259t kimi d\u00fcnyada tan\u0131nd\u0131.<\/p>\n<p>\u201cDahi v\u0259 g\u00f6rk\u0259mli, d\u00fcnya\u015f\u00f6hr\u0259tli siyasi xadim Heyd\u0259r \u018fliyevin layiqli davam\u00e7\u0131s\u0131 \u0130lham \u018fliyevin hakimiyy\u0259ti d\u00f6vr\u00fcnd\u0259 Az\u0259rbaycan b\u00f6y\u00fck inki\u015faf yolu ke\u00e7ib. Bu u\u011furlar\u0131 sayd\u0131qca bitm\u0259z. Onun \u0259ld\u0259 etdiyi u\u011furlar tarix kitablar\u0131na sal\u0131nacaq\u201d, &#8211; dey\u0259 politoloq G.Qoqua vur\u011fulay\u0131b.<\/p>\n<\/div>\n","protected":false},"excerpt":{"rendered":"<p>Bizim WhatsApp kanal\u0131m\u0131za buradan abun\u0259 ola bil\u0259rsiniz \u201cPrezident \u0130lham \u018fliyev m\u00fcasir Az\u0259rbaycan\u0131n \u015fanl\u0131 tarixini yazd\u0131. Onun hakimiyy\u0259ti d\u00f6vr\u00fcnd\u0259 Az\u0259rbaycan n\u0259inki regionun, h\u0259tta d\u00fcnyan\u0131n \u0259n inki\u015faf etmi\u015f d\u00f6vl\u0259tl\u0259rind\u0259n birin\u0259 \u00e7evrildi\u201d. Bu fikirl\u0259ri\u00a0AZ\u018fRTAC-a m\u00fcsahib\u0259sind\u0259 g\u00fcrc\u00fc politoloq Giorgi Qoqua s\u00f6yl\u0259yib. Onun s\u00f6zl\u0259rin\u0259 g\u00f6r\u0259, hakimiyy\u0259t a\u011f\u0131ll\u0131, uzaqg\u00f6r\u0259n v\u0259 s\u00fclhsev\u0259r liderd\u0259 olanda g\u00fccl\u00fc d\u00f6vl\u0259t yaran\u0131r. \u0130lham \u018fliyev kimi praqmatik, m\u00fcdrik &hellip;<\/p>\n","protected":false},"author":1,"featured_media":2035,"comment_status":"open","ping_status":"closed","sticky":false,"template":"","format":"standard","meta":{"footnotes":""},"categories":[9],"tags":[],"class_list":["post-2034","post","type-post","status-publish","format-standard","has-post-thumbnail","hentry","category-xeber"],"_links":{"self":[{"href":"https:\/\/millitv.net\/index.php?rest_route=\/wp\/v2\/posts\/2034","targetHints":{"allow":["GET"]}}],"collection":[{"href":"https:\/\/millitv.net\/index.php?rest_route=\/wp\/v2\/posts"}],"about":[{"href":"https:\/\/millitv.net\/index.php?rest_route=\/wp\/v2\/types\/post"}],"author":[{"embeddable":true,"href":"https:\/\/millitv.net\/index.php?rest_route=\/wp\/v2\/users\/1"}],"replies":[{"embeddable":true,"href":"https:\/\/millitv.net\/index.php?rest_route=%2Fwp%2Fv2%2Fcomments&post=2034"}],"version-history":[{"count":0,"href":"https:\/\/millitv.net\/index.php?rest_route=\/wp\/v2\/posts\/2034\/revisions"}],"wp:featuredmedia":[{"embeddable":true,"href":"https:\/\/millitv.net\/index.php?rest_route=\/wp\/v2\/media\/2035"}],"wp:attachment":[{"href":"https:\/\/millitv.net\/index.php?rest_route=%2Fwp%2Fv2%2Fmedia&parent=2034"}],"wp:term":[{"taxonomy":"category","embeddable":true,"href":"https:\/\/millitv.net\/index.php?rest_route=%2Fwp%2Fv2%2Fcategories&post=2034"},{"taxonomy":"post_tag","embeddable":true,"href":"https:\/\/millitv.net\/index.php?rest_route=%2Fwp%2Fv2%2Ftags&post=2034"}],"curies":[{"name":"wp","href":"https:\/\/api.w.org\/{rel}","templated":true}]}}