{"id":20338,"date":"2025-10-15T13:43:52","date_gmt":"2025-10-15T13:43:52","guid":{"rendered":"https:\/\/millitv.net\/?p=20338"},"modified":"2025-10-15T13:43:53","modified_gmt":"2025-10-15T13:43:53","slug":"ramiz-mehdiyevi-t%C9%99rifl%C9%99y%C9%99nl%C9%99r-kiml%C9%99r-idi-siyahi","status":"publish","type":"post","link":"https:\/\/millitv.net\/?p=20338","title":{"rendered":"Ramiz Mehdiyevi t\u0259rifl\u0259y\u0259nl\u0259r kiml\u0259r idi? &#8211;\u00a0S\u0130YAHI"},"content":{"rendered":"\n<p><strong>X\u0259b\u0259r verdiyimiz kimi, \u00f6t\u0259n g\u00fcn S\u0259bail Rayon M\u0259hk\u0259m\u0259si Prezident Administrasiyas\u0131n\u0131n sabiq r\u0259hb\u0259ri, AMEA-n\u0131n ke\u00e7mi\u015f prezidenti Ramiz Mehdiyev bar\u0259d\u0259 ev h\u0259bsi q\u0259rar\u0131 verib. Akademik d\u00f6vl\u0259t hakimiyy\u0259tini \u0259l\u0259 ke\u00e7irm\u0259y\u0259 y\u00f6n\u0259l\u0259n \u0259m\u0259ll\u0259rd\u0259, d\u00f6vl\u0259t\u0259 x\u0259yan\u0259td\u0259 v\u0259 cinay\u0259t yolu il\u0259 \u0259ld\u0259 edilmi\u015f \u0259mlak\u0131 leqalla\u015fd\u0131rmaqda ittiham olunur.<\/strong><\/p>\n\n\n\n<p>AMEA-mn\u0131n sabiq prezidentinin cinay\u0259t m\u0259suliyy\u0259tind\u0259n sonra bir \u00e7oxlar\u0131 ehtiyat ed\u0259r\u0259k, bu bar\u0259d\u0259 dan\u0131\u015fmaq ist\u0259mir. Bu \u015f\u0259xsl\u0259rin \u0259ks\u0259riyy\u0259ti d\u0259 vaxtil\u0259 Ramiz Mehdiyev\u0259 \u201ca\u011fsaqqal\u201d dey\u0259 m\u00fcraci\u0259t ed\u0259nl\u0259rdir.<\/p>\n\n\n\n<p><a target=\"_blank\" href=\"https:\/\/teleqraf.az\/\" rel=\"noreferrer noopener\">Teleqraf<\/a>&nbsp;bu m\u0259qamda v\u0259zif\u0259d\u0259 olark\u0259n Ramiz Mehdiyevin \u015f\u0259nin\u0259 t\u0259rifl\u0259r ya\u011fd\u0131ran bir s\u0131ra ictimai-siyasi xadiml\u0259rin v\u0259 onlar\u0131n Ramiz Mehdiyevl\u0259 ba\u011fl\u0131 dedikl\u0259ri fikirl\u0259ri t\u0259qdim edir:<\/p>\n\n\n\n<p><strong>AMEA-n\u0131n haz\u0131rk\u0131 prezidenti \u0130sa H\u0259bib\u0259yli:<\/strong><ins><\/ins><\/p>\n\n\n\n<p>\u201cAz\u0259rbaycan\u0131n m\u00fcst\u0259qillik d\u00f6vr\u00fcn\u00fc d\u00f6vl\u0259t\u00e7ilik istiqam\u0259tind\u0259 v\u0259 elm sah\u0259sind\u0259 bacar\u0131qla t\u0259msil ed\u0259n akademik Ramiz Mehdiyev bu g\u00fcn d\u0259 \u00e7oxc\u0259h\u0259tli elmi v\u0259 siyasi-ideoloji f\u0259aliyy\u0259t yollar\u0131nda \u00f6z\u00fcn\u00fcn \u015f\u0259r\u0259fli v\u0259 m\u0259suliyy\u0259tli missiyas\u0131n\u0131 b\u00f6y\u00fck u\u011furla davam etdirir. Akademik Ramiz Mehdiyevin siyasi portreti \u015f\u0259xsiyy\u0259tinin b\u00fct\u00f6vl\u00fcy\u00fc, d\u00f6vl\u0259t\u00e7ilik ideallar\u0131na d\u0259rin s\u0259daq\u0259ti, taley\u00fckl\u00fc h\u0259lledici m\u0259s\u0259l\u0259l\u0259rd\u0259ki prinsipial m\u00f6vqeyi, m\u00fcdrik q\u0259rarlar q\u0259bul etm\u0259k istedad\u0131 v\u0259 xeyirxahl\u0131\u011f\u0131 il\u0259 s\u0259ciyy\u0259l\u0259nir. D\u0259rin v\u0259 m\u00f6hk\u0259m m\u0259n\u0259vi keyfiyy\u0259tl\u0259r onun siyasi xarakterini tamamlay\u0131r v\u0259 m\u00f6hk\u0259ml\u0259ndirir\u201d.<\/p>\n\n\n\n<p><strong>AMEA-n\u0131n ke\u00e7mi\u015f r\u0259hb\u0259ri Akif \u018flizad\u0259 d\u0259 Ramiz Mehdiyevi t\u0259rifl\u0259y\u0259nl\u0259r s\u0131ras\u0131nda olub:<\/strong><\/p>\n\n\n\n<p>\u201cAkademik Ramiz Mehdiyev olduqca i\u015fg\u00fczar, z\u0259hm\u0259tsev\u0259r, yorulmaq bilm\u0259y\u0259n bir insand\u0131r. Onun fikri daim elmi axtar\u0131\u015flarda, q\u0259lbi is\u0259 V\u0259t\u0259nimizin t\u0259r\u0259qqisi, y\u00fcks\u0259li\u015fi v\u0259 azadl\u0131\u011f\u0131 arzusu il\u0259 d\u00f6y\u00fcnm\u0259kd\u0259dir. G\u00f6rk\u0259mli f\u0131losof-alim, d\u00f6vl\u0259t xadimi, y\u00fcks\u0259k fitri istedad sahibi akademik Ramiz Mehdiyev h\u0259m d\u0259 olduqca sad\u0259 t\u0259bi\u0259tli, s\u0259mimi, y\u00fcks\u0259k insani keyfiyy\u0259tl\u0259r\u0259 malik, m\u00fcbariz bir \u015f\u0259xsiyy\u0259tdir\u201d.<\/p>\n\n\n\n<p><strong>Koronavirus pandemiyas\u0131 d\u00f6n\u0259mind\u0259 m\u0259hdudiyy\u0259tl\u0259r\u0259 baxmayaraq Ramiz Mehdiyevin n\u0259v\u0259sinin toyunda i\u015ftirak ed\u0259n v\u0259 buna g\u00f6r\u0259 m\u0259suliyy\u0259t\u0259 c\u0259lb olunan BDU-nun ke\u00e7mi\u015f rektoru Abel M\u0259h\u0259rr\u0259mov is\u0259 vaxtil\u0259 Ramiz Mehdiyevi bel\u0259 t\u0259rifl\u0259yib:<\/strong><\/p>\n\n\n\n<p>\u201cOnun yazd\u0131\u011f\u0131 \u0259s\u0259r Ramiz Mehdiyevin yeni d\u00fcnya nizam\u0131n\u0131n reall\u0131\u011f\u0131n\u0131 d\u00fczg\u00fcn m\u00fc\u0259yy\u0259nl\u0259\u015fdir\u0259n, \u00f6lk\u0259nin g\u0259l\u0259c\u0259k inki\u015faf\u0131 il\u0259 ba\u011fl\u0131 yetkin elmi-konseptual bax\u0131\u015flara malik siyas\u0259t\u00e7i v\u0259 d\u00f6vl\u0259t xadimi, filosof oldu\u011funu bir daha t\u0259sdiql\u0259yir. D\u00fc\u015f\u00fcn\u00fcr\u00fck ki, akademikin bu \u0259s\u0259rind\u0259 y\u00fcks\u0259k v\u0259t\u0259np\u0259rv\u0259rlikl\u0259 ir\u0259li s\u00fcrd\u00fcy\u00fc tezisl\u0259r Bak\u0131 D\u00f6vl\u0259t Universitetind\u0259 g\u0259ncl\u0259rl\u0259 i\u015fin daha s\u0259m\u0259r\u0259li t\u0259\u015fkili, onlar\u0131n yeni d\u00f6vr\u00fcn ger\u00e7\u0259klikl\u0259ri ruhunda formala\u015fmas\u0131 bax\u0131m\u0131ndan \u0259h\u0259miyy\u0259tlidir\u201d.<\/p>\n\n\n\n<p><strong>Bu g\u00fcn&nbsp;<a target=\"_blank\" href=\"https:\/\/teleqraf.az\/\" rel=\"noreferrer noopener\">Teleqraf<\/a>-a a\u00e7\u0131qlamas\u0131nda \u201cRamiz Mehdiyevin m\u0259n\u0259 n\u0259 d\u0259xli var?\u201d dey\u0259n PA-n\u0131n sabiq \u015f\u00f6b\u0259 m\u00fcdiri \u018fli H\u0259s\u0259nov is\u0259 v\u0259zif\u0259d\u0259 olanda Ramiz Mehdiyevin kitab\u0131n\u0131 bel\u0259 \u015f\u0259rh edib:<\/strong><\/p>\n\n\n\n<p>\u201cAkademik Ramiz Ramiz Mehdiyevin \u0259s\u0259rl\u0259ri h\u0259m d\u0259 qald\u0131r\u0131lan probleml\u0259rin \u00e7ox\u015fax\u0259liliyi v\u0259 m\u00fczakir\u0259y\u0259 \u00e7\u0131xar\u0131lan ideyalar\u0131n z\u0259nginliyi bax\u0131m\u0131ndan t\u0259dqiqat\u00e7\u0131lar \u00fc\u00e7\u00fcn yeni tezisl\u0259r m\u00fc\u0259yy\u0259nl\u0259\u015fdirir v\u0259 maraql\u0131 ara\u015fd\u0131rmalara yol a\u00e7\u0131r. Akademik Ramiz Mehdiyevin milli ruh v\u0259 qlobal d\u00fc\u015f\u00fcnc\u0259y\u0259 xas olan yarad\u0131c\u0131l\u0131\u011f\u0131n\u0131, m\u00fcbali\u011f\u0259siz olaraq, m\u00fcasir az\u0259rbaycan\u015f\u00fcnasl\u0131\u011f\u0131n \u00fcnvan\u0131 kimi s\u0259ciyy\u0259l\u0259ndirm\u0259k olar\u201d.<\/p>\n\n\n\n<p><strong>Az\u0259rbaycan Dill\u0259r Universitetinin rektoru Kamal Abdulla:<\/strong><\/p>\n\n\n\n<p>\u201cRamiz Mehdiyev eyni zamanda, problemin k\u00f6k\u00fcn\u0259 baxma\u011f\u0131 bacaran bir adamd\u0131r. Analitik t\u0259f\u0259kk\u00fcr\u00fc ona imkan verir ki, problemin k\u00f6k\u00fcn\u00fc m\u00fcvafiq \u015fax\u0259l\u0259r\u0259 ay\u0131raraq bug\u00fcnk\u00fc h\u0259yat\u0131m\u0131za uy\u011funla\u015fd\u0131rs\u0131n. Az\u0259rbaycan sabaha do\u011fru inamla add\u0131mlay\u0131r. \u0130r\u0259li-Avropa, ir\u0259li &#8211; m\u00fcasir d\u00fcnya d\u0259y\u0259rl\u0259ri, demokratik h\u0259yat&#8230; Biz hans\u0131sa m\u0259qamda ola bilsin ki, b\u0259z\u0259n t\u0259l\u0259sirik, b\u0259z\u0259n l\u0259ngiyirik. Amma h\u0259r bir halda ir\u0259lil\u0259m\u0259kd\u0259 davam edirik. Biz bu g\u00fcn daha \u00e7ox g\u00f6rm\u0259y\u0259-g\u00f6t\u00fcrm\u0259y\u0259, d\u0259rk etm\u0259y\u0259 \u00e7al\u0131\u015f\u0131r\u0131q. D\u00fcnya il\u0259 b\u0259rab\u0259r n\u0259f\u0259s alma\u011fa, onun ritmin\u0259 girm\u0259y\u0259 can at\u0131r\u0131q. Ramiz m\u00fc\u0259llim \u00fc\u00e7\u00fcn bu yolu \u0259zml\u0259 getm\u0259k bir \u015f\u0259r\u0259f i\u015fidir. Bizim \u00fc\u00e7\u00fcn d\u0259\u201d.<\/p>\n\n\n\n<p><strong>Milli M\u0259clisin \u0130qtisadi siyas\u0259t, s\u0259naye v\u0259 sahibkarl\u0131q komit\u0259sinin \u00fczv\u00fc, mill\u0259t v\u0259kili Ziyad S\u0259m\u0259dzad\u0259 Mehdiyevin \u201cDemokratiya yolunda: irs haqq\u0131nda d\u00fc\u015f\u00fcn\u0259rk\u0259n\u201d kitab\u0131n\u0131 bel\u0259 \u015f\u0259rh etmi\u015fdi:<\/strong><\/p>\n\n\n\n<p>\u201cDemokratiya yolunda: irs haqq\u0131nda d\u00fc\u015f\u00fcn\u0259rk\u0259n\u201d kitab\u0131, he\u00e7 \u015f\u00fcbh\u0259siz ki, ictimai elml\u0259r\u0259, b\u00fct\u00fcnl\u00fckd\u0259 Az\u0259rbaycan elmin\u0259 fundamental bir t\u00f6hf\u0259dir. \u041c\u0259n son ill\u0259rd\u0259 Az\u0259rbaycan elminin, \u043e c\u00fcml\u0259d\u0259n f\u0259ls\u0259f\u0259 elminin inki\u015faf\u0131nda bu sah\u0259d\u0259, s\u00f6z\u00fcn \u0259sl m\u0259nas\u0131nda, c\u0259sar\u0259tli add\u0131mlar atan akademik Ramiz Mehdiyev\u0259 bu \u00e7ox d\u0259y\u0259rli kitaba g\u00f6r\u0259 bir daha t\u0259\u015f\u0259kk\u00fcr\u00fcm\u00fc bildirir\u0259m. M\u0259n \u0259min\u0259m ki, bu kitab, ilk n\u00f6vb\u0259d\u0259, b\u00fct\u00fcn d\u00fcnyaya b\u0259yan ed\u0259c\u0259kdir ki, Az\u0259rbaycan ke\u00e7mi\u015f irsi t\u0259hlil ed\u0259r\u0259k qoruyur\u201d.<\/p>\n\n\n\n<p><strong>Sabiq mill\u0259t v\u0259kili B\u0259xtiyar Sad\u0131qov:<\/strong><\/p>\n\n\n\n<p>\u201cM\u00fcasir d\u00f6vr\u00fcn mahir t\u0259dqiqat\u00e7\u0131s\u0131, g\u00f6rk\u0259mli filosof v\u0259 ideoloq Ramiz Mehdiyev \u00f6lk\u0259mizin ictimai-siyasi h\u0259yat\u0131nda ba\u015f ver\u0259n prosesl\u0259ri d\u00fcnyadak\u0131 hadis\u0259l\u0259rl\u0259 \u0259laq\u0259li \u015f\u0259kild\u0259 ara\u015fd\u0131raraq qiym\u0259tl\u0259ndir\u0259n bir s\u0131ra konseptual elmi-f\u0259ls\u0259fi \u0259s\u0259rl\u0259rin m\u00fc\u0259llifidir\u201d.<\/p>\n\n\n\n<p><strong>Parlamentin s\u0259dr m\u00fcavini, mill\u0259t v\u0259kili Musa Qas\u0131ml\u0131:<\/strong><\/p>\n\n\n\n<p>\u201cRamiz m\u00fc\u0259llim m\u0259n\u0259 h\u0259mi\u015f\u0259 sad\u0259, s\u0259mimi v\u0259 mehriban bir insan t\u0259siri ba\u011f\u0131\u015flam\u0131\u015fd\u0131r. Onu m\u00fcst\u0259qil Az\u0259rbaycan d\u00f6vl\u0259tinin v\u0259 mill\u0259timizin g\u00fccl\u00fc, m\u00f6ht\u0259\u015f\u0259m olmas\u0131na \u00e7al\u0131\u015fan bir d\u00f6vl\u0259t adam\u0131 kimi q\u0259bul etmi\u015f\u0259m. Ramiz m\u00fc\u0259llim d\u0259y\u0259rli \u0259s\u0259rl\u0259ri il\u0259 \u00f6lk\u0259nin s\u0259rh\u0259dl\u0259rini a\u015fan v\u0259 m\u00fck\u0259mm\u0259l elmi m\u0259kt\u0259bi olan m\u00fcasir Az\u0259rbaycan f\u0259ls\u0259fi fikrinin \u0259n g\u00f6rk\u0259mli n\u00fcmay\u0259nd\u0259sidir\u201d.<\/p>\n","protected":false},"excerpt":{"rendered":"<p>X\u0259b\u0259r verdiyimiz kimi, \u00f6t\u0259n g\u00fcn S\u0259bail Rayon M\u0259hk\u0259m\u0259si Prezident Administrasiyas\u0131n\u0131n sabiq r\u0259hb\u0259ri, AMEA-n\u0131n ke\u00e7mi\u015f prezidenti Ramiz Mehdiyev bar\u0259d\u0259 ev h\u0259bsi q\u0259rar\u0131 verib. Akademik d\u00f6vl\u0259t hakimiyy\u0259tini \u0259l\u0259 ke\u00e7irm\u0259y\u0259 y\u00f6n\u0259l\u0259n \u0259m\u0259ll\u0259rd\u0259, d\u00f6vl\u0259t\u0259 x\u0259yan\u0259td\u0259 v\u0259 cinay\u0259t yolu il\u0259 \u0259ld\u0259 edilmi\u015f \u0259mlak\u0131 leqalla\u015fd\u0131rmaqda ittiham olunur. AMEA-mn\u0131n sabiq prezidentinin cinay\u0259t m\u0259suliyy\u0259tind\u0259n sonra bir \u00e7oxlar\u0131 ehtiyat ed\u0259r\u0259k, bu bar\u0259d\u0259 dan\u0131\u015fmaq ist\u0259mir. &hellip;<\/p>\n","protected":false},"author":1,"featured_media":20339,"comment_status":"open","ping_status":"closed","sticky":false,"template":"","format":"standard","meta":{"footnotes":""},"categories":[1],"tags":[],"class_list":["post-20338","post","type-post","status-publish","format-standard","has-post-thumbnail","hentry","category-idman"],"_links":{"self":[{"href":"https:\/\/millitv.net\/index.php?rest_route=\/wp\/v2\/posts\/20338","targetHints":{"allow":["GET"]}}],"collection":[{"href":"https:\/\/millitv.net\/index.php?rest_route=\/wp\/v2\/posts"}],"about":[{"href":"https:\/\/millitv.net\/index.php?rest_route=\/wp\/v2\/types\/post"}],"author":[{"embeddable":true,"href":"https:\/\/millitv.net\/index.php?rest_route=\/wp\/v2\/users\/1"}],"replies":[{"embeddable":true,"href":"https:\/\/millitv.net\/index.php?rest_route=%2Fwp%2Fv2%2Fcomments&post=20338"}],"version-history":[{"count":2,"href":"https:\/\/millitv.net\/index.php?rest_route=\/wp\/v2\/posts\/20338\/revisions"}],"predecessor-version":[{"id":20341,"href":"https:\/\/millitv.net\/index.php?rest_route=\/wp\/v2\/posts\/20338\/revisions\/20341"}],"wp:featuredmedia":[{"embeddable":true,"href":"https:\/\/millitv.net\/index.php?rest_route=\/wp\/v2\/media\/20339"}],"wp:attachment":[{"href":"https:\/\/millitv.net\/index.php?rest_route=%2Fwp%2Fv2%2Fmedia&parent=20338"}],"wp:term":[{"taxonomy":"category","embeddable":true,"href":"https:\/\/millitv.net\/index.php?rest_route=%2Fwp%2Fv2%2Fcategories&post=20338"},{"taxonomy":"post_tag","embeddable":true,"href":"https:\/\/millitv.net\/index.php?rest_route=%2Fwp%2Fv2%2Ftags&post=20338"}],"curies":[{"name":"wp","href":"https:\/\/api.w.org\/{rel}","templated":true}]}}