{"id":20335,"date":"2025-10-15T13:37:01","date_gmt":"2025-10-15T13:37:01","guid":{"rendered":"https:\/\/millitv.net\/?p=20335"},"modified":"2025-10-15T13:37:02","modified_gmt":"2025-10-15T13:37:02","slug":"vahid-ehm%C9%99dovdan-mehdiyevin-h%C9%99bsin%C9%99-munasib%C9%99t-m%C9%99s%C9%99l%C9%99-cox-ciddidir","status":"publish","type":"post","link":"https:\/\/millitv.net\/?p=20335","title":{"rendered":"Vahid \u018fhm\u0259dovdan Mehdiyevin h\u0259bsin\u0259 m\u00fcnasib\u0259t:\u00a0&#8220;M\u0259s\u0259l\u0259 \u00e7ox ciddidir&#8221;"},"content":{"rendered":"\n<p><strong>Ramiz Mehdiyevl\u0259 ba\u011fl\u0131 apar\u0131lan istintaq diqq\u0259t m\u0259rk\u0259zind\u0259dir. Bu ara\u015fd\u0131rmalar\u0131 D\u00f6vl\u0259t T\u0259hl\u00fck\u0259sizlik Xidm\u0259ti apar\u0131r. Bu o dem\u0259kdir ki, Ramiz Mehdiyevin&nbsp;<a href=\"https:\/\/teleqraf.az\/news\/hadise\/505776.html\" target=\"_blank\" rel=\"noreferrer noopener\">h\u0259bsi&nbsp;<\/a>il\u0259 ba\u011fl\u0131 m\u0259s\u0259l\u0259l\u0259r \u00e7ox ciddidir.<\/strong><\/p>\n\n\n\n<p>Bunu&nbsp;<a target=\"_blank\" href=\"https:\/\/teleqraf.az\/\" rel=\"noreferrer noopener\">Teleqraf<\/a>-a istiqlal\u00e7\u0131 deputat, iqtisad\u00e7\u0131 alim Vahid \u018fhm\u0259dov deyib.<\/p>\n\n\n\n<p>Onun s\u00f6zl\u0259rin\u0259, h\u0259r \u015fey diqq\u0259tl\u0259 ara\u015fd\u0131r\u0131lacaq: &#8220;\u0130r\u0259li s\u00fcr\u00fcl\u0259n ittihamlar \u00e7ox a\u011f\u0131rd\u0131r. H\u0259tta d\u00f6vl\u0259t \u00e7evrili\u015fin\u0259 c\u0259hdl\u0259 ba\u011fl\u0131 ittihamlar da m\u00f6vcuddur. O c\u00fcml\u0259d\u0259n, korrupsiya v\u0259 r\u00fc\u015fv\u0259t faktlar\u0131 var. M\u0259s\u0259l\u0259 bu s\u0259viyy\u0259y\u0259 qalx\u0131bsa, bu, i\u015fin ciddiliyind\u0259n x\u0259b\u0259r verir\u201d.<\/p>\n\n\n\n<p>Vahid \u018fhm\u0259dov bildirib ki, d\u00f6vl\u0259t ba\u015f\u00e7\u0131s\u0131 \u0130lham \u018fliyev t\u0259r\u0259find\u0259n zaman\u0131nda Ramiz Mehdiyev\u0259 \u00e7ox b\u00f6y\u00fck h\u00f6rm\u0259t g\u00f6st\u0259rilib:<ins><\/ins><\/p>\n\n\n\n<p>\u201cH\u0259tta Prezident Administrasiyas\u0131ndak\u0131 v\u0259zif\u0259sind\u0259n yola sal\u0131nark\u0259n \u0259n y\u00fcks\u0259k m\u00fckafat olan Heyd\u0259r \u018fliyev ordeni il\u0259 t\u0259ltif edildi. B\u00fct\u00fcn bunlar\u0131n qar\u015f\u0131s\u0131nda bel\u0259 \u0259m\u0259ll\u0259r\u0259 yol verilibs\u0259, kimliyind\u0259n, hans\u0131 v\u0259zif\u0259 tutmas\u0131ndan as\u0131l\u0131 olmayaraq m\u00fctl\u0259q cavab verm\u0259lidir. Haz\u0131rda istintaq\u0131n n\u0259tic\u0259l\u0259rini g\u00f6zl\u0259m\u0259k laz\u0131md\u0131r. Ara\u015fd\u0131rmalar y\u0259qin ki, ictima\u0130yy\u0259t\u0259 a\u00e7\u0131qlanacaq. N\u0259 il\u0259 \u0259laq\u0259dard\u0131r, kiminl\u0259 \u0259laq\u0259d\u0259 olub, n\u0259 i\u015fl\u0259r g\u00f6r\u00fcbl\u0259r v\u0259 sair m\u0259lumatlar veril\u0259c\u0259k\u201d.<\/p>\n\n\n\n<p>\u201cBel\u0259 bir y\u00fcks\u0259k ranqda olmu\u015f d\u00f6vl\u0259t m\u0259murunun bel\u0259 bir add\u0131m atmas\u0131 h\u0259m d\u0259 qeyri-etikdir. Bu, mill\u0259t\u0259, d\u00f6vl\u0259t\u00e7iliy\u0259 yara\u015fmayan h\u0259r\u0259k\u0259tdir. Eyni zamanda bu, d\u00f6vl\u0259t ba\u015f\u00e7\u0131s\u0131na qar\u015f\u0131 at\u0131lan add\u0131md\u0131r. Korrupsiyan\u0131, \u0259mlak m\u0259s\u0259l\u0259l\u0259rini v\u0259 s. bir k\u0259nara qoyuram. Amma d\u00f6vl\u0259t\u0259, onun suverenliyin\u0259 q\u0259sd etm\u0259k, d\u00f6vl\u0259t \u00e7evrili\u015fin\u0259 c\u0259hd a\u011f\u0131r ittihamlard\u0131r. Ona g\u00f6r\u0259 d\u0259 bu i\u015fi tutan h\u0259r bir \u015f\u0259xs cavab verm\u0259lidir\u201d, &#8211; dey\u0259 istiqlal\u00e7\u0131 deputat \u0259lav\u0259 edib.<\/p>\n","protected":false},"excerpt":{"rendered":"<p>Ramiz Mehdiyevl\u0259 ba\u011fl\u0131 apar\u0131lan istintaq diqq\u0259t m\u0259rk\u0259zind\u0259dir. Bu ara\u015fd\u0131rmalar\u0131 D\u00f6vl\u0259t T\u0259hl\u00fck\u0259sizlik Xidm\u0259ti apar\u0131r. Bu o dem\u0259kdir ki, Ramiz Mehdiyevin&nbsp;h\u0259bsi&nbsp;il\u0259 ba\u011fl\u0131 m\u0259s\u0259l\u0259l\u0259r \u00e7ox ciddidir. Bunu&nbsp;Teleqraf-a istiqlal\u00e7\u0131 deputat, iqtisad\u00e7\u0131 alim Vahid \u018fhm\u0259dov deyib. Onun s\u00f6zl\u0259rin\u0259, h\u0259r \u015fey diqq\u0259tl\u0259 ara\u015fd\u0131r\u0131lacaq: &#8220;\u0130r\u0259li s\u00fcr\u00fcl\u0259n ittihamlar \u00e7ox a\u011f\u0131rd\u0131r. H\u0259tta d\u00f6vl\u0259t \u00e7evrili\u015fin\u0259 c\u0259hdl\u0259 ba\u011fl\u0131 ittihamlar da m\u00f6vcuddur. O c\u00fcml\u0259d\u0259n, korrupsiya v\u0259 r\u00fc\u015fv\u0259t &hellip;<\/p>\n","protected":false},"author":1,"featured_media":20336,"comment_status":"open","ping_status":"closed","sticky":false,"template":"","format":"standard","meta":{"footnotes":""},"categories":[1],"tags":[],"class_list":["post-20335","post","type-post","status-publish","format-standard","has-post-thumbnail","hentry","category-idman"],"_links":{"self":[{"href":"https:\/\/millitv.net\/index.php?rest_route=\/wp\/v2\/posts\/20335","targetHints":{"allow":["GET"]}}],"collection":[{"href":"https:\/\/millitv.net\/index.php?rest_route=\/wp\/v2\/posts"}],"about":[{"href":"https:\/\/millitv.net\/index.php?rest_route=\/wp\/v2\/types\/post"}],"author":[{"embeddable":true,"href":"https:\/\/millitv.net\/index.php?rest_route=\/wp\/v2\/users\/1"}],"replies":[{"embeddable":true,"href":"https:\/\/millitv.net\/index.php?rest_route=%2Fwp%2Fv2%2Fcomments&post=20335"}],"version-history":[{"count":1,"href":"https:\/\/millitv.net\/index.php?rest_route=\/wp\/v2\/posts\/20335\/revisions"}],"predecessor-version":[{"id":20337,"href":"https:\/\/millitv.net\/index.php?rest_route=\/wp\/v2\/posts\/20335\/revisions\/20337"}],"wp:featuredmedia":[{"embeddable":true,"href":"https:\/\/millitv.net\/index.php?rest_route=\/wp\/v2\/media\/20336"}],"wp:attachment":[{"href":"https:\/\/millitv.net\/index.php?rest_route=%2Fwp%2Fv2%2Fmedia&parent=20335"}],"wp:term":[{"taxonomy":"category","embeddable":true,"href":"https:\/\/millitv.net\/index.php?rest_route=%2Fwp%2Fv2%2Fcategories&post=20335"},{"taxonomy":"post_tag","embeddable":true,"href":"https:\/\/millitv.net\/index.php?rest_route=%2Fwp%2Fv2%2Ftags&post=20335"}],"curies":[{"name":"wp","href":"https:\/\/api.w.org\/{rel}","templated":true}]}}