{"id":20332,"date":"2025-10-15T13:36:19","date_gmt":"2025-10-15T13:36:19","guid":{"rendered":"https:\/\/millitv.net\/?p=20332"},"modified":"2025-10-15T13:36:39","modified_gmt":"2025-10-15T13:36:39","slug":"ramiz-mehdiyevin-m%C9%99n%C9%99-n%C9%99-d%C9%99xli-var-eli-h%C9%99s%C9%99nov-danisdi","status":"publish","type":"post","link":"https:\/\/millitv.net\/?p=20332","title":{"rendered":"\u201cRamiz Mehdiyevin m\u0259n\u0259 n\u0259 d\u0259xli var?\u201d \u2013\u00a0\u018fli H\u0259s\u0259nov dan\u0131\u015fd\u0131"},"content":{"rendered":"\n<p><strong>Prezident Administrasiyas\u0131n\u0131n sabiq r\u0259hb\u0259ri Ramiz Mehdiyevin cinay\u0259t m\u0259suliyy\u0259tin\u0259 c\u0259lb olunmas\u0131ndan sonra PA-n\u0131n ke\u00e7mi\u015f \u015f\u00f6b\u0259 m\u00fcdiri \u018fli H\u0259s\u0259novun istintaqa \u00e7a\u011f\u0131r\u0131lmas\u0131 il\u0259 ba\u011fl\u0131 iddialar yay\u0131l\u0131b.<\/strong><\/p>\n\n\n\n<p><a target=\"_blank\" href=\"https:\/\/teleqraf.az\/\" rel=\"noreferrer noopener\">Teleqraf<\/a>&nbsp;m\u0259s\u0259l\u0259 il\u0259 ba\u011fl\u0131 \u018fli H\u0259s\u0259novla \u0259laq\u0259 saxlay\u0131b.<\/p>\n\n\n\n<p>O, a\u00e7\u0131qlamas\u0131nda yay\u0131lan x\u0259b\u0259rl\u0259ri t\u0259kzib edib:<\/p>\n\n\n\n<p>\u201cM\u0259n he\u00e7 bir istintaqa c\u0259lb olunmam\u0131\u015fam. M\u0259nim haz\u0131rda he\u00e7 bir ictimai-siyasi \u00f6hd\u0259liyim yoxdur. Haqq\u0131mda yay\u0131lanlar yaland\u0131r, bo\u015f s\u00f6hb\u0259tl\u0259rdir. Ramiz Mehdiyevin m\u0259n\u0259 n\u0259 d\u0259xli, n\u0259 aidiyy\u0259ti var?\u201d<ins><\/ins><\/p>\n\n\n\n<p>Qeyd ed\u0259k ki, \u00f6t\u0259n g\u00fcn S\u0259bail Rayon M\u0259hk\u0259m\u0259si Prezident Administrasiyas\u0131n\u0131n sabiq r\u0259hb\u0259ri, AMEA-n\u0131n ke\u00e7mi\u015f prezidenti Ramiz Mehdiyev bar\u0259d\u0259 ev h\u0259bsi q\u0259rar\u0131 verib. Akademik d\u00f6vl\u0259t hakimiyy\u0259tini \u0259l\u0259 ke\u00e7irm\u0259y\u0259 y\u00f6n\u0259l\u0259n \u0259m\u0259ll\u0259rd\u0259, d\u00f6vl\u0259t\u0259 x\u0259yan\u0259td\u0259 v\u0259 cinay\u0259t yolu il\u0259 \u0259ld\u0259 edilmi\u015f \u0259mlak\u0131 leqalla\u015fd\u0131rmada ittiham olunur.<\/p>\n","protected":false},"excerpt":{"rendered":"<p>Prezident Administrasiyas\u0131n\u0131n sabiq r\u0259hb\u0259ri Ramiz Mehdiyevin cinay\u0259t m\u0259suliyy\u0259tin\u0259 c\u0259lb olunmas\u0131ndan sonra PA-n\u0131n ke\u00e7mi\u015f \u015f\u00f6b\u0259 m\u00fcdiri \u018fli H\u0259s\u0259novun istintaqa \u00e7a\u011f\u0131r\u0131lmas\u0131 il\u0259 ba\u011fl\u0131 iddialar yay\u0131l\u0131b. Teleqraf&nbsp;m\u0259s\u0259l\u0259 il\u0259 ba\u011fl\u0131 \u018fli H\u0259s\u0259novla \u0259laq\u0259 saxlay\u0131b. O, a\u00e7\u0131qlamas\u0131nda yay\u0131lan x\u0259b\u0259rl\u0259ri t\u0259kzib edib: \u201cM\u0259n he\u00e7 bir istintaqa c\u0259lb olunmam\u0131\u015fam. M\u0259nim haz\u0131rda he\u00e7 bir ictimai-siyasi \u00f6hd\u0259liyim yoxdur. Haqq\u0131mda yay\u0131lanlar yaland\u0131r, bo\u015f s\u00f6hb\u0259tl\u0259rdir. Ramiz &hellip;<\/p>\n","protected":false},"author":1,"featured_media":20333,"comment_status":"open","ping_status":"closed","sticky":false,"template":"","format":"standard","meta":{"footnotes":""},"categories":[1],"tags":[],"class_list":["post-20332","post","type-post","status-publish","format-standard","has-post-thumbnail","hentry","category-idman"],"_links":{"self":[{"href":"https:\/\/millitv.net\/index.php?rest_route=\/wp\/v2\/posts\/20332","targetHints":{"allow":["GET"]}}],"collection":[{"href":"https:\/\/millitv.net\/index.php?rest_route=\/wp\/v2\/posts"}],"about":[{"href":"https:\/\/millitv.net\/index.php?rest_route=\/wp\/v2\/types\/post"}],"author":[{"embeddable":true,"href":"https:\/\/millitv.net\/index.php?rest_route=\/wp\/v2\/users\/1"}],"replies":[{"embeddable":true,"href":"https:\/\/millitv.net\/index.php?rest_route=%2Fwp%2Fv2%2Fcomments&post=20332"}],"version-history":[{"count":1,"href":"https:\/\/millitv.net\/index.php?rest_route=\/wp\/v2\/posts\/20332\/revisions"}],"predecessor-version":[{"id":20334,"href":"https:\/\/millitv.net\/index.php?rest_route=\/wp\/v2\/posts\/20332\/revisions\/20334"}],"wp:featuredmedia":[{"embeddable":true,"href":"https:\/\/millitv.net\/index.php?rest_route=\/wp\/v2\/media\/20333"}],"wp:attachment":[{"href":"https:\/\/millitv.net\/index.php?rest_route=%2Fwp%2Fv2%2Fmedia&parent=20332"}],"wp:term":[{"taxonomy":"category","embeddable":true,"href":"https:\/\/millitv.net\/index.php?rest_route=%2Fwp%2Fv2%2Fcategories&post=20332"},{"taxonomy":"post_tag","embeddable":true,"href":"https:\/\/millitv.net\/index.php?rest_route=%2Fwp%2Fv2%2Ftags&post=20332"}],"curies":[{"name":"wp","href":"https:\/\/api.w.org\/{rel}","templated":true}]}}