{"id":20329,"date":"2025-10-15T13:35:28","date_gmt":"2025-10-15T13:35:28","guid":{"rendered":"https:\/\/millitv.net\/?p=20329"},"modified":"2025-10-15T13:35:29","modified_gmt":"2025-10-15T13:35:29","slug":"ramiz-mehdiyev-omurluk-h%C9%99bs-olunmayacaq-onu-hansi-c%C9%99za-gozl%C9%99yir","status":"publish","type":"post","link":"https:\/\/millitv.net\/?p=20329","title":{"rendered":"Ramiz Mehdiyev \u00f6m\u00fcrl\u00fck h\u0259bs olunmayacaq &#8211;\u00a0Onu hans\u0131 c\u0259za g\u00f6zl\u0259yir?"},"content":{"rendered":"\n<p><strong><a href=\"https:\/\/teleqraf.az\/news\/hadise\/505776.html\" target=\"_blank\" rel=\"noreferrer noopener\">X\u0259b\u0259r verdiyimiz kimi<\/a>, \u00f6t\u0259n g\u00fcn S\u0259bail Rayon M\u0259hk\u0259m\u0259si Prezident Administrasiyas\u0131n\u0131n sabiq r\u0259hb\u0259ri, AMEA-n\u0131n ke\u00e7mi\u015f prezidenti Ramiz Mehdiyev bar\u0259d\u0259 ev h\u0259bsi q\u0259rar\u0131 verib. Akademik d\u00f6vl\u0259t hakimiyy\u0259tini \u0259l\u0259 ke\u00e7irm\u0259y\u0259 y\u00f6n\u0259l\u0259n \u0259m\u0259ll\u0259rd\u0259, d\u00f6vl\u0259t\u0259 x\u0259yan\u0259td\u0259 v\u0259 cinay\u0259t yolu il\u0259 \u0259ld\u0259 edilmi\u015f \u0259mlak\u0131 leqalla\u015fd\u0131rmaqda ittiham olunur.<\/strong><\/p>\n\n\n\n<p>B\u0259s, t\u0259qsiri s\u00fcbuta yetiril\u0259rs\u0259, Ramiz Mehdiyevi hans\u0131 c\u0259za g\u00f6zl\u0259yir?<\/p>\n\n\n\n<p><a target=\"_blank\" href=\"https:\/\/teleqraf.az\/\" rel=\"noreferrer noopener\">Teleqraf<\/a>&nbsp;Ramiz Mehdiyevin ittiham olundu\u011fu madd\u0259l\u0259rin sanksiyas\u0131n\u0131n h\u0259ddini t\u0259qdim edir.<\/p>\n\n\n\n<p><a href=\"https:\/\/teleqraf.az\/news\/siyaset\/505848.html\" target=\"_blank\" rel=\"noreferrer noopener\">YAP \u00fczvl\u00fcy\u00fcnd\u0259n \u00e7\u0131xar\u0131lmas\u0131<\/a>&nbsp;m\u00fczakir\u0259 olunan Ramiz Mehdiyevin ittiham olundu\u011fu madd\u0259l\u0259rd\u0259n biri 278.1-dir. Az\u0259rbaycan Respublikas\u0131n\u0131n Konstitusiyas\u0131na zidd olaraq hakimiyy\u0259tin zorla \u0259l\u0259 ke\u00e7irilm\u0259sin\u0259, yaxud hakimiyy\u0259tin zorla saxlan\u0131lmas\u0131na, habel\u0259 d\u00f6vl\u0259tin konstitusiya qurulu\u015funun zorla d\u0259yi\u015fdirilm\u0259sin\u0259 y\u00f6n\u0259l\u0259n h\u0259r\u0259k\u0259tl\u0259rin c\u0259zas\u0131 12 ild\u0259n 20 il\u0259d\u0259k h\u0259bsdir.<ins><\/ins><\/p>\n\n\n\n<p>PA-n\u0131n sabiq r\u0259hb\u0259rinin ittiham olundu\u011fu CM-nin 274-c\u00fc madd\u0259si is\u0259 d\u00f6vl\u0259t\u0259 x\u0259yan\u0259ti n\u0259z\u0259rd\u0259 tutur. Y\u0259ni, Az\u0259rbaycan Respublikas\u0131n\u0131n suverenliyi, \u0259razi toxunulmazl\u0131\u011f\u0131, d\u00f6vl\u0259t t\u0259hl\u00fck\u0259sizliyi v\u0259 ya m\u00fcdafi\u0259 qabiliyy\u0259ti z\u0259r\u0259rin\u0259 olaraq Az\u0259rbaycan Respublikas\u0131n\u0131n v\u0259t\u0259nda\u015f\u0131 t\u0259r\u0259find\u0259n q\u0259sd\u0259n t\u00f6r\u0259dil\u0259n \u0259m\u0259l: d\u00fc\u015fm\u0259n t\u0259r\u0259fin\u0259 ke\u00e7m\u0259, casusluq, d\u00f6vl\u0259t sirrini xarici d\u00f6vl\u0259t\u0259 verm\u0259, Az\u0259rbaycan Respublikas\u0131na qar\u015f\u0131 d\u00fc\u015fm\u0259n\u00e7ilik f\u0259aliyy\u0259ti aparmaqda xarici d\u00f6vl\u0259t\u0259, t\u0259\u015fkilata v\u0259 ya onlar\u0131n n\u00fcmay\u0259nd\u0259l\u0259rin\u0259 k\u00f6m\u0259k etm\u0259kd\u0259 ittiham olunan Ramiz Mehdiyev 12 ild\u0259n 20 il\u0259d\u0259k m\u00fcdd\u0259t\u0259 azadl\u0131qdan m\u0259hrum etm\u0259 v\u0259 ya \u00f6m\u00fcrl\u00fck azadl\u0131qdan m\u0259hrum etm\u0259 il\u0259 c\u0259zaland\u0131r\u0131la bil\u0259r.<\/p>\n\n\n\n<p><strong>Onu da bildir\u0259k ki, Ramiz Mehdiyev\u0259 \u00f6m\u00fcrl\u00fck h\u0259bs veril\u0259 bilm\u0259z. Az\u0259rbaycanda h\u00f6km \u00e7\u0131xar\u0131lanad\u0259k 65 ya\u015f\u0131na \u00e7atm\u0131\u015f insanlara \u00f6m\u00fcrl\u00fck h\u0259bs c\u0259zas\u0131 t\u0259yin edilmir.<\/strong><\/p>\n\n\n\n<p>Cinay\u0259t yolu il\u0259 \u0259ld\u0259 edilmi\u015f \u0259mlak\u0131n leqalla\u015fd\u0131r\u0131lmas\u0131 il\u0259(CM-nin 193-1.3.2-ci madd\u0259si) ittiham olunan AMEA-n\u0131n sabiq prezidentinin bu \u0259m\u0259li s\u00fcbuta yetiril\u0259rs\u0259, \u0259mlak\u0131 m\u00fcsadir\u0259 edilm\u0259kl\u0259, 7 ild\u0259n 12 il\u0259d\u0259k azadl\u0131qdan m\u0259hrumetm\u0259 il\u0259 c\u0259zaland\u0131r\u0131la bil\u0259r. Bundan ba\u015fqa, s\u00f6z\u00fcged\u0259n madd\u0259nin sanksiyas\u0131nda \u00fc\u00e7 il\u0259d\u0259k m\u00fcdd\u0259t\u0259 m\u00fc\u0259yy\u0259n v\u0259zif\u0259 tutma v\u0259 ya m\u00fc\u0259yy\u0259n f\u0259aliyy\u0259tl\u0259 m\u0259\u015f\u011ful olma h\u00fcququndan m\u0259hrum edilm\u0259 d\u0259 n\u0259z\u0259rd\u0259 tutulub.<\/p>\n\n\n\n<p>Qeyd ed\u0259k ki, haz\u0131rda Ramiz Mehdiyevin 87 ya\u015f\u0131 var. Bu s\u0259b\u0259bd\u0259n m\u0259hk\u0259m\u0259nin onunla ba\u011fl\u0131 ev h\u0259bsi q\u0259rar\u0131 \u00e7\u0131xard\u0131\u011f\u0131 istisna deyil.<\/p>\n","protected":false},"excerpt":{"rendered":"<p>X\u0259b\u0259r verdiyimiz kimi, \u00f6t\u0259n g\u00fcn S\u0259bail Rayon M\u0259hk\u0259m\u0259si Prezident Administrasiyas\u0131n\u0131n sabiq r\u0259hb\u0259ri, AMEA-n\u0131n ke\u00e7mi\u015f prezidenti Ramiz Mehdiyev bar\u0259d\u0259 ev h\u0259bsi q\u0259rar\u0131 verib. Akademik d\u00f6vl\u0259t hakimiyy\u0259tini \u0259l\u0259 ke\u00e7irm\u0259y\u0259 y\u00f6n\u0259l\u0259n \u0259m\u0259ll\u0259rd\u0259, d\u00f6vl\u0259t\u0259 x\u0259yan\u0259td\u0259 v\u0259 cinay\u0259t yolu il\u0259 \u0259ld\u0259 edilmi\u015f \u0259mlak\u0131 leqalla\u015fd\u0131rmaqda ittiham olunur. B\u0259s, t\u0259qsiri s\u00fcbuta yetiril\u0259rs\u0259, Ramiz Mehdiyevi hans\u0131 c\u0259za g\u00f6zl\u0259yir? Teleqraf&nbsp;Ramiz Mehdiyevin ittiham olundu\u011fu madd\u0259l\u0259rin &hellip;<\/p>\n","protected":false},"author":1,"featured_media":20330,"comment_status":"open","ping_status":"closed","sticky":false,"template":"","format":"standard","meta":{"footnotes":""},"categories":[1],"tags":[],"class_list":["post-20329","post","type-post","status-publish","format-standard","has-post-thumbnail","hentry","category-idman"],"_links":{"self":[{"href":"https:\/\/millitv.net\/index.php?rest_route=\/wp\/v2\/posts\/20329","targetHints":{"allow":["GET"]}}],"collection":[{"href":"https:\/\/millitv.net\/index.php?rest_route=\/wp\/v2\/posts"}],"about":[{"href":"https:\/\/millitv.net\/index.php?rest_route=\/wp\/v2\/types\/post"}],"author":[{"embeddable":true,"href":"https:\/\/millitv.net\/index.php?rest_route=\/wp\/v2\/users\/1"}],"replies":[{"embeddable":true,"href":"https:\/\/millitv.net\/index.php?rest_route=%2Fwp%2Fv2%2Fcomments&post=20329"}],"version-history":[{"count":1,"href":"https:\/\/millitv.net\/index.php?rest_route=\/wp\/v2\/posts\/20329\/revisions"}],"predecessor-version":[{"id":20331,"href":"https:\/\/millitv.net\/index.php?rest_route=\/wp\/v2\/posts\/20329\/revisions\/20331"}],"wp:featuredmedia":[{"embeddable":true,"href":"https:\/\/millitv.net\/index.php?rest_route=\/wp\/v2\/media\/20330"}],"wp:attachment":[{"href":"https:\/\/millitv.net\/index.php?rest_route=%2Fwp%2Fv2%2Fmedia&parent=20329"}],"wp:term":[{"taxonomy":"category","embeddable":true,"href":"https:\/\/millitv.net\/index.php?rest_route=%2Fwp%2Fv2%2Fcategories&post=20329"},{"taxonomy":"post_tag","embeddable":true,"href":"https:\/\/millitv.net\/index.php?rest_route=%2Fwp%2Fv2%2Ftags&post=20329"}],"curies":[{"name":"wp","href":"https:\/\/api.w.org\/{rel}","templated":true}]}}