{"id":20325,"date":"2025-10-15T07:39:25","date_gmt":"2025-10-15T07:39:25","guid":{"rendered":"https:\/\/millitv.net\/?p=20325"},"modified":"2025-10-15T07:39:26","modified_gmt":"2025-10-15T07:39:26","slug":"ramiz-mehdiyev-isinin-sifr%C9%99l%C9%99ri-daha-kiml%C9%99r-h%C9%99bs-olunacaq","status":"publish","type":"post","link":"https:\/\/millitv.net\/?p=20325","title":{"rendered":"Ramiz Mehdiyev i\u015finin \u015fifr\u0259l\u0259ri: Daha kiml\u0259r h\u0259bs olunacaq?"},"content":{"rendered":"\n<p><strong>Ramiz Mehdiyevin h\u0259bsi Az\u0259rbaycan\u0131n siyasi seqmentind\u0259 \u201ctektonik zonalar\u201d\u0131n yerind\u0259n oynayaca\u011f\u0131n\u0131n x\u0259b\u0259r\u00e7isidir: 1994-c\u00fc ild\u0259n 2019-cu il\u0259 q\u0259d\u0259r \u2013 \u0259srin d\u00f6rd\u0259 biri olan 25 il \u0259rzind\u0259 daxili siyas\u0259tin v\u0259 idar\u0259etm\u0259nin \u0259sas fiquru rolunda \u00e7\u0131x\u0131\u015f ed\u0259n v\u0259 kifay\u0259t q\u0259d\u0259r g\u00fccl\u00fc t\u0259sir mexanizml\u0259rin\u0259 malik olan Mehdiyevi t\u0259sad\u00fcf\u0259n \u201cboz kardinal\u201d adland\u0131rm\u0131rd\u0131lar.<\/strong><\/p>\n\n\n\n<p>Bel\u0259 bir fiqurun h\u0259bs edilm\u0259si \u2013 d\u00f6vl\u0259t\u0259 x\u0259yan\u0259t, d\u00f6vl\u0259t hakimiyy\u0259tini \u0259l\u0259 ke\u00e7irm\u0259y\u0259 y\u00f6n\u0259l\u0259n \u0259m\u0259ll\u0259r\u0259 g\u00f6r\u0259 ittiham olunmas\u0131n\u0131n d\u0259qiq detallar\u0131 istintaq\u0131n yekununda ayd\u0131nla\u015facaq, lakin ictimai maraq a\u00e7\u0131q qalan suallar\u0131n cavab axtar\u0131\u015f\u0131n\u0131 z\u0259ruri edir.<\/p>\n\n\n\n<p><strong>&#8211; Mehdiyev niy\u0259 indi h\u0259bs olundu?<br>&#8211; Bu h\u0259bs n\u0259d\u0259n x\u0259b\u0259r verir?<br>&#8211; Daha kiml\u0259r h\u0259bs oluna bil\u0259r?<\/strong><\/p>\n\n\n\n<p>Bu h\u0259bs ilk bax\u0131\u015fda Mehdiyevin \u201cneytralla\u015fd\u0131r\u0131lmas\u0131\u201d kimi g\u00f6r\u00fcn\u00fcr, h\u0259r\u00e7\u0259nd, \u201cboz kardinal\u201d 6 il \u00f6nc\u0259 siyasi hakimiyy\u0259t\u0259 vida edib, m\u0259s\u0259l\u0259 onun h\u0259l\u0259 d\u0259 qalan t\u0259sir mexanizml\u0259rinin s\u0131radan \u00e7\u0131xar\u0131lmas\u0131 olsayd\u0131, daha \u00f6nc\u0259 ba\u015f ver\u0259 bil\u0259rdi. Bu halda bir versiya \u00f6n\u0259 \u00e7\u0131x\u0131r:&nbsp;<strong>Mehdiyevin d\u00f6vl\u0259t\u0259 x\u0259yan\u0259t v\u0259 hakimiyy\u0259tin \u0259l\u0259 ke\u00e7irilm\u0259si istiqam\u0259tind\u0259 f\u0259aliyy\u0259ti a\u015fkarlan\u0131b;<\/strong><\/p>\n\n\n\n<p>Onun d\u00f6vl\u0259t hakimiyy\u0259tin\u0259 t\u0259hdid yaratmaq imkanlar\u0131 m\u00f6vcud idi. Siyasi hakimiyy\u0259td\u0259 t\u0259msil olundu\u011fu d\u00f6vrd\u0259 geni\u015f \u015f\u0259b\u0259k\u0259 formala\u015fd\u0131rm\u0131\u015fd\u0131, h\u0259tta d\u00f6vl\u0259tin m\u00fch\u00fcm strukturlar\u0131nda t\u0259sir imkanlar\u0131n\u0131n oldu\u011fu haqda m\u0259lumatlar vard\u0131. A\u00e7\u0131q m\u0259nb\u0259l\u0259rd\u0259 yay\u0131lan dig\u0259r m\u0259lumatlara g\u00f6r\u0259, AMEA-n\u0131n prezidenti oldu\u011fu d\u00f6vrd\u0259 elm oca\u011f\u0131n\u0131 \u201ckomandas\u0131\u201dn\u0131n koordinasiya m\u0259rk\u0259zin\u0259 \u00e7eviribmi\u015f. V\u0259 onun postundan getdikd\u0259n sonra hakimiyy\u0259ti \u0259l\u0259 ke\u00e7irm\u0259k c\u0259hdl\u0259rinin olaca\u011f\u0131na dair g\u00f6zl\u0259nti h\u0259mi\u015f\u0259 m\u00f6vcud olub.<\/p>\n\n\n\n<p>Mehdiyevin d\u00f6vl\u0259t\u0259 qar\u015f\u0131 \u201c\u0259l\u0259 ke\u00e7irm\u0259\u201d \u0259m\u0259lin\u0259 indi c\u0259hd etm\u0259sinin arxas\u0131nda iki m\u00fcmk\u00fcn versiya var.<\/p>\n\n\n\n<p><strong>Birincisi, \u201ck\u00f6hn\u0259 qvardiya\u201dn\u0131n m\u00f6vqel\u0259rin\u0259 ciddi t\u0259hdidin yaranmas\u0131 ola bil\u0259r;<\/strong><\/p>\n\n\n\n<p>Mehdiyev postundan gets\u0259 d\u0259, onun v\u0259 r\u0259hb\u0259rlik etdiyi \u015f\u0259b\u0259k\u0259nin h\u0259m hakimiyy\u0259td\u0259, h\u0259m d\u0259 biznes sektorunda m\u00f6vqel\u0259ri h\u0259l\u0259 d\u0259 qalm\u0131\u015fd\u0131. \u0130stisna deyil ki, m\u00f6vqel\u0259rinin tamamil\u0259 s\u0131radan \u00e7\u0131xmas\u0131 riskl\u0259rin\u0259 qar\u015f\u0131 h\u0259r\u0259k\u0259t\u0259 ke\u00e7ibl\u0259r.<\/p>\n\n\n\n<p><strong>\u0130kincisi, geosiyasi m\u00fcbariz\u0259nin regiona t\u0259siri, d\u0259yi\u015f\u0259n \u015f\u0259rtl\u0259r v\u0259 bunun Az\u0259rbaycan daxilin\u0259 siray\u0259ti ola bil\u0259r;<\/strong><\/p>\n\n\n\n<p>Bak\u0131-\u0130r\u0259van x\u0259ttind\u0259 s\u00fclh sazi\u015fi istiqam\u0259tind\u0259 \u0259ld\u0259 olunan ir\u0259lil\u0259yi\u015fl\u0259r, bu prosesd\u0259 Va\u015finqtonun i\u015ftirak\u0131, x\u00fcsusil\u0259 AB\u015e-\u0131n Z\u0259ng\u0259zur d\u0259hlizin\u0259 g\u0259li\u015fi regionda geosiyasi qar\u015f\u0131durman\u0131 k\u0259skinl\u0259\u015fdirdi. Rusiya z\u0259ifl\u0259y\u0259n m\u00f6vqel\u0259rini b\u0259rpa etm\u0259k c\u0259hdl\u0259rini s\u00fcr\u0259tl\u0259ndirir, \u0259sas taktikas\u0131 da Az\u0259rbaycan v\u0259 Erm\u0259nistanda hakimiyy\u0259t v\u0259 hakimiyy\u0259t\u0259 qar\u015f\u0131 olan q\u00fcvv\u0259l\u0259rl\u0259 paralel \u015f\u0259kild\u0259 i\u015fl\u0259m\u0259kdir. Bu, Erm\u0259nistanda daha qabar\u0131q g\u00f6r\u00fcn\u00fcr: Pa\u015finyan hakimiyy\u0259ti il\u0259 t\u0259maslar\u0131 art\u0131ran Moskva opponentl\u0259rin\u0259 d\u0259 ciddi d\u0259st\u0259k verir;<\/p>\n\n\n\n<p>Az\u0259rbaycanla ba\u011fl\u0131 yana\u015fmada f\u0259rql\u0259r var: r\u0259smi Bak\u0131 il\u0259 m\u00fcnasib\u0259tl\u0259ri normalla\u015fd\u0131rmaq m\u0259rh\u0259l\u0259sin\u0259 ke\u00e7ir\u0259n Moskvan\u0131n t\u0259sir imkanlar\u0131 minumum s\u0259viyy\u0259d\u0259 olan siyasi m\u00fcxalif\u0259t\u0259 d\u0259st\u0259k verm\u0259si, alternativ r\u0131\u00e7aqlar \u0259ld\u0259 etm\u0259k \u00fc\u00e7\u00fcn he\u00e7 n\u0259 v\u0259d etmir; m\u00fcmk\u00fcnd\u00fcr ki, Az\u0259rbaycanda bu missiya \u201cbe\u015finci kalon\u201d adland\u0131r\u0131lan \u015f\u0259b\u0259k\u0259y\u0259 h\u0259val\u0259 olunub;<\/p>\n\n\n\n<p>Bu, sad\u0259c\u0259 ehtimald\u0131r, lakin Mehdiyevin Rusiyaya ba\u011fl\u0131l\u0131\u011f\u0131, h\u0259tta \u201cbe\u015finci kalon\u201da r\u0259hb\u0259rlik etdiyi haqda m\u0259lumatlar a\u00e7\u0131q m\u0259nb\u0259l\u0259rd\u0259 d\u0259f\u0259l\u0259rl\u0259 tirajlan\u0131b. V\u0259 istisna edilm\u0259m\u0259lidir ki, Mehdiyevin \u201c\u0259l\u0259 ke\u00e7irm\u0259\u201d c\u0259hdi bu prosesl\u0259r fonunda t\u0259hl\u00fck\u0259sizlik orqanlar\u0131n\u0131n diqq\u0259tin\u0259 d\u00fc\u015f\u00fcb.<\/p>\n\n\n\n<p>Mehdiyevin h\u0259bsi siyasi seqmentd\u0259 \u201ctektonik zonalar\u0131\u201d yerind\u0259n oynada bil\u0259r, \u00e7\u00fcnki onun geni\u015f \u015f\u0259b\u0259k\u0259ni koordinasiya etdiyi deyilir v\u0259 b\u0259llidir ki, \u201cd\u00f6vl\u0259t hakimiyy\u0259tini \u0259l\u0259 ke\u00e7irm\u0259 \u0259m\u0259ll\u0259ri\u201dn\u0259 t\u0259kba\u015f\u0131na c\u0259hd etm\u0259yib. Bu is\u0259 o dem\u0259kdir ki, &#8220;Mehdiyev i\u015fi&#8221; h\u0259bs dal\u011fas\u0131n\u0131n ba\u015flan\u011f\u0131c\u0131 ola bil\u0259r.<\/p>\n\n\n\n<p><strong>Asif N\u0259rimanl\u0131<\/strong>\/Publika<\/p>\n","protected":false},"excerpt":{"rendered":"<p>Ramiz Mehdiyevin h\u0259bsi Az\u0259rbaycan\u0131n siyasi seqmentind\u0259 \u201ctektonik zonalar\u201d\u0131n yerind\u0259n oynayaca\u011f\u0131n\u0131n x\u0259b\u0259r\u00e7isidir: 1994-c\u00fc ild\u0259n 2019-cu il\u0259 q\u0259d\u0259r \u2013 \u0259srin d\u00f6rd\u0259 biri olan 25 il \u0259rzind\u0259 daxili siyas\u0259tin v\u0259 idar\u0259etm\u0259nin \u0259sas fiquru rolunda \u00e7\u0131x\u0131\u015f ed\u0259n v\u0259 kifay\u0259t q\u0259d\u0259r g\u00fccl\u00fc t\u0259sir mexanizml\u0259rin\u0259 malik olan Mehdiyevi t\u0259sad\u00fcf\u0259n \u201cboz kardinal\u201d adland\u0131rm\u0131rd\u0131lar. Bel\u0259 bir fiqurun h\u0259bs edilm\u0259si \u2013 d\u00f6vl\u0259t\u0259 x\u0259yan\u0259t, d\u00f6vl\u0259t &hellip;<\/p>\n","protected":false},"author":1,"featured_media":20326,"comment_status":"open","ping_status":"closed","sticky":false,"template":"","format":"standard","meta":{"footnotes":""},"categories":[1],"tags":[],"class_list":["post-20325","post","type-post","status-publish","format-standard","has-post-thumbnail","hentry","category-idman"],"_links":{"self":[{"href":"https:\/\/millitv.net\/index.php?rest_route=\/wp\/v2\/posts\/20325","targetHints":{"allow":["GET"]}}],"collection":[{"href":"https:\/\/millitv.net\/index.php?rest_route=\/wp\/v2\/posts"}],"about":[{"href":"https:\/\/millitv.net\/index.php?rest_route=\/wp\/v2\/types\/post"}],"author":[{"embeddable":true,"href":"https:\/\/millitv.net\/index.php?rest_route=\/wp\/v2\/users\/1"}],"replies":[{"embeddable":true,"href":"https:\/\/millitv.net\/index.php?rest_route=%2Fwp%2Fv2%2Fcomments&post=20325"}],"version-history":[{"count":2,"href":"https:\/\/millitv.net\/index.php?rest_route=\/wp\/v2\/posts\/20325\/revisions"}],"predecessor-version":[{"id":20328,"href":"https:\/\/millitv.net\/index.php?rest_route=\/wp\/v2\/posts\/20325\/revisions\/20328"}],"wp:featuredmedia":[{"embeddable":true,"href":"https:\/\/millitv.net\/index.php?rest_route=\/wp\/v2\/media\/20326"}],"wp:attachment":[{"href":"https:\/\/millitv.net\/index.php?rest_route=%2Fwp%2Fv2%2Fmedia&parent=20325"}],"wp:term":[{"taxonomy":"category","embeddable":true,"href":"https:\/\/millitv.net\/index.php?rest_route=%2Fwp%2Fv2%2Fcategories&post=20325"},{"taxonomy":"post_tag","embeddable":true,"href":"https:\/\/millitv.net\/index.php?rest_route=%2Fwp%2Fv2%2Ftags&post=20325"}],"curies":[{"name":"wp","href":"https:\/\/api.w.org\/{rel}","templated":true}]}}