{"id":20319,"date":"2025-10-15T07:36:53","date_gmt":"2025-10-15T07:36:53","guid":{"rendered":"https:\/\/millitv.net\/?p=20319"},"modified":"2025-10-15T07:36:54","modified_gmt":"2025-10-15T07:36:54","slug":"mehdiyevin-h%C9%99bsind%C9%99-sensasion-detallar-izl%C9%99r-hara-aparir","status":"publish","type":"post","link":"https:\/\/millitv.net\/?p=20319","title":{"rendered":"Mehdiyevin h\u0259bsind\u0259 sensasion detallar \u2013 \u0130zl\u0259r hara apar\u0131r?"},"content":{"rendered":"\n<p><strong>Ramiz Mehdiyevin h\u0259bsind\u0259 \u00f6n\u0259 \u00e7\u0131xan ilkin versiyalar o q\u0259d\u0259r d\u0259 g\u00fccl\u00fc g\u00f6r\u00fcnm\u00fcr:<\/strong><\/p>\n\n\n\n<p>&#8211; Mehdiyev 2019-cu ild\u0259 siyasi hakimiyy\u0259td\u0259n, 2022-ci ild\u0259 ictimai f\u0259aliyy\u0259td\u0259n gedib: m\u0259s\u0259l\u0259 onun neytralla\u015fd\u0131r\u0131lmas\u0131 olsayd\u0131, bu, daha \u00f6nc\u0259 ba\u015f verm\u0259liydi, yaxud bir ittiham &#8211; cinay\u0259t yolu il\u0259 \u0259ld\u0259 edilmi\u015f \u0259mlak\u0131 leqalla\u015fd\u0131rma yet\u0259rli olard\u0131;<br>&#8211; Mehdiyevin ba\u011fl\u0131 oldu\u011fu deyil\u0259n Rusiyan\u0131n t\u0259sir r\u0131\u00e7aqlar\u0131na qar\u015f\u0131 \u201c\u00f6nl\u0259yici\u201d add\u0131mlar\u0131n at\u0131lmas\u0131 ehtimal\u0131 da z\u0259ifdir: son 10 ayda Bak\u0131-Moskva x\u0259ttind\u0259 ba\u015f ver\u0259n \u201c\u0259s\u0259b m\u00fcharib\u0259si\u201d zaman\u0131 bel\u0259 add\u0131mlar at\u0131ld\u0131, bu bax\u0131mdan, \u018fliyevl\u0259 Putinin D\u00fc\u015f\u0259nb\u0259 g\u00f6r\u00fc\u015f\u00fcnd\u0259n sonra ba\u015flanan normalla\u015fma m\u0259rh\u0259l\u0259sind\u0259 bunun ba\u015f verm\u0259si suallar yarad\u0131r;<\/p>\n\n\n\n<p>Bu iki amil fonunda Mehdiyev\u0259 qar\u015f\u0131 ir\u0259li s\u00fcr\u00fcl\u0259n ittihamlar (d\u00f6vl\u0259t\u0259 x\u0259yan\u0259t, d\u00f6vl\u0259t hakimiyy\u0259tini \u0259l\u0259 ke\u00e7irm\u0259y\u0259 y\u00f6n\u0259l\u0259n \u0259m\u0259ll\u0259r) t\u0259hdidl\u0259rin daha ciddi oldu\u011fu fikrini \u00f6n plana \u00e7\u0131xar\u0131r. G\u00f6r\u00fcn\u00fcr, d\u00f6vl\u0259t hakimiyy\u0259tini \u0259l\u0259 ke\u00e7irm\u0259y\u0259 y\u00f6n\u0259l\u0259n real f\u0259aliyy\u0259tl\u0259r ba\u015f verib. Ki, geosiyasi m\u00fcbariz\u0259nin regiona t\u0259sirl\u0259ri fonunda bel\u0259 t\u0259hdidl\u0259r g\u00f6zl\u0259nil\u0259ndir.\/\/MilliTv.NET<\/p>\n","protected":false},"excerpt":{"rendered":"<p>Ramiz Mehdiyevin h\u0259bsind\u0259 \u00f6n\u0259 \u00e7\u0131xan ilkin versiyalar o q\u0259d\u0259r d\u0259 g\u00fccl\u00fc g\u00f6r\u00fcnm\u00fcr: &#8211; Mehdiyev 2019-cu ild\u0259 siyasi hakimiyy\u0259td\u0259n, 2022-ci ild\u0259 ictimai f\u0259aliyy\u0259td\u0259n gedib: m\u0259s\u0259l\u0259 onun neytralla\u015fd\u0131r\u0131lmas\u0131 olsayd\u0131, bu, daha \u00f6nc\u0259 ba\u015f verm\u0259liydi, yaxud bir ittiham &#8211; cinay\u0259t yolu il\u0259 \u0259ld\u0259 edilmi\u015f \u0259mlak\u0131 leqalla\u015fd\u0131rma yet\u0259rli olard\u0131;&#8211; Mehdiyevin ba\u011fl\u0131 oldu\u011fu deyil\u0259n Rusiyan\u0131n t\u0259sir r\u0131\u00e7aqlar\u0131na qar\u015f\u0131 \u201c\u00f6nl\u0259yici\u201d add\u0131mlar\u0131n &hellip;<\/p>\n","protected":false},"author":1,"featured_media":20320,"comment_status":"open","ping_status":"closed","sticky":false,"template":"","format":"standard","meta":{"footnotes":""},"categories":[1],"tags":[],"class_list":["post-20319","post","type-post","status-publish","format-standard","has-post-thumbnail","hentry","category-idman"],"_links":{"self":[{"href":"https:\/\/millitv.net\/index.php?rest_route=\/wp\/v2\/posts\/20319","targetHints":{"allow":["GET"]}}],"collection":[{"href":"https:\/\/millitv.net\/index.php?rest_route=\/wp\/v2\/posts"}],"about":[{"href":"https:\/\/millitv.net\/index.php?rest_route=\/wp\/v2\/types\/post"}],"author":[{"embeddable":true,"href":"https:\/\/millitv.net\/index.php?rest_route=\/wp\/v2\/users\/1"}],"replies":[{"embeddable":true,"href":"https:\/\/millitv.net\/index.php?rest_route=%2Fwp%2Fv2%2Fcomments&post=20319"}],"version-history":[{"count":1,"href":"https:\/\/millitv.net\/index.php?rest_route=\/wp\/v2\/posts\/20319\/revisions"}],"predecessor-version":[{"id":20321,"href":"https:\/\/millitv.net\/index.php?rest_route=\/wp\/v2\/posts\/20319\/revisions\/20321"}],"wp:featuredmedia":[{"embeddable":true,"href":"https:\/\/millitv.net\/index.php?rest_route=\/wp\/v2\/media\/20320"}],"wp:attachment":[{"href":"https:\/\/millitv.net\/index.php?rest_route=%2Fwp%2Fv2%2Fmedia&parent=20319"}],"wp:term":[{"taxonomy":"category","embeddable":true,"href":"https:\/\/millitv.net\/index.php?rest_route=%2Fwp%2Fv2%2Fcategories&post=20319"},{"taxonomy":"post_tag","embeddable":true,"href":"https:\/\/millitv.net\/index.php?rest_route=%2Fwp%2Fv2%2Ftags&post=20319"}],"curies":[{"name":"wp","href":"https:\/\/api.w.org\/{rel}","templated":true}]}}