{"id":20301,"date":"2025-09-29T10:59:23","date_gmt":"2025-09-29T10:59:23","guid":{"rendered":"https:\/\/millitv.net\/?p=20301"},"modified":"2025-09-29T10:59:24","modified_gmt":"2025-09-29T10:59:24","slug":"cabir-imanov-v%C9%99fat-etdi","status":"publish","type":"post","link":"https:\/\/millitv.net\/?p=20301","title":{"rendered":"Cabir \u0130manov v\u0259fat etdi"},"content":{"rendered":"\n<p><strong>\u018fm\u0259kdar artist Cabir \u0130manov 49 ya\u015f\u0131nda v\u0259fat edib.<\/strong><\/p>\n\n\n\n<p>O, bu g\u00fcn d\u00fcnyas\u0131n\u0131 d\u0259yi\u015fib.<\/p>\n\n\n\n<p>Cabir \u0130manov 22 iyun 1976-c\u0131 ild\u0259 Bak\u0131 \u015f\u0259h\u0259rind\u0259 anadan olub. 1993-c\u00fc ild\u0259 Az\u0259rbaycan D\u00f6vl\u0259t \u0130qtisad \u0130nstitutuna q\u0259bul olub v\u0259 1997-ci ild\u0259 h\u0259min institutu bitirib. 1997\u20131998-ci ill\u0259rd\u0259 Az\u0259rbaycan Respublikas\u0131 Daxili \u0130\u015fl\u0259r Nazirliyinin Daxili Qo\u015funlar\u0131nda h\u0259qiqi h\u0259rbi xidm\u0259t ke\u00e7ib. 1999-cu ild\u0259 Bak\u0131 D\u00f6vl\u0259t Universitetinin h\u00fcquq fak\u00fclt\u0259sin\u0259 q\u0259bul olub v\u0259 2003-c\u00fc ild\u0259 h\u0259min universiteti bitirib. 1999\u20132018-ci ill\u0259rd\u0259 Daxili \u0130\u015fl\u0259r Nazirliyind\u0259 m\u00fcxt\u0259lif v\u0259zif\u0259l\u0259rd\u0259 i\u015fl\u0259y\u0259r\u0259k, polis polkovnik-leytenant\u0131 r\u00fctb\u0259sin\u0259 q\u0259d\u0259r y\u00fcks\u0259lib. DTX M\u0259d\u0259niyy\u0259t m\u0259rk\u0259zinin r\u0259isi olub.<\/p>\n\n\n\n<p>1992\u20132001-ci ill\u0259rd\u0259 &#8220;Parni iz Baku&#8221; KVN komandas\u0131n\u0131n \u00fczv\u00fc olub 1992-ci ild\u0259 KVN \u00e7empionu, 1995-ci ild\u0259 KVN Yay Kubokunun sahibi v\u0259 2000-ci ild\u0259 KVN &#8220;\u018fsrin \u00c7empionu&#8221; olub. 2001-ci ild\u0259n &#8220;Planet Parni iz Baku&#8221; KVN Teatr\u0131n\u0131n aktyoru olub.<\/p>\n\n\n\n<p>14 sentyabr 2015-ci il tarixd\u0259 Az\u0259rbaycan\u0131n \u0259m\u0259kdar artisti f\u0259xri ad\u0131na layiq g\u00f6r\u00fcl\u00fcb. 16 oktyabr 2021-ci il tarixd\u0259 Az\u0259rbaycan m\u0259d\u0259niyy\u0259tinin inki\u015faf\u0131nda xidm\u0259tl\u0259rin\u0259 g\u00f6r\u0259 &#8220;T\u0259r\u0259qqi&#8221; medal\u0131 il\u0259 t\u0259ltif olunub.<\/p>\n\n\n\n<p>2020-ci ild\u0259 x\u00fcs\u00fcs\u0259n \u0259l i\u015fl\u0259rind\u0259n ibar\u0259t milli \u00fcslubda m\u0259hsullar\u0131n istehsal\u0131 v\u0259 sat\u0131\u015f\u0131 il\u0259 m\u0259\u015f\u011ful olan &#8220;BYJABA Handmade in Azerbaijan&#8221; brendini yarad\u0131b.<\/p>\n\n\n\n<p>Ail\u0259li idi, 4 \u00f6vlad\u0131 var.<\/p>\n\n\n\n<p>Qeyd ed\u0259k ki, ilk x\u0259b\u0259ri &#8220;Qafqazinfo&#8221; sayt\u0131 yay\u0131b.<\/p>\n","protected":false},"excerpt":{"rendered":"<p>\u018fm\u0259kdar artist Cabir \u0130manov 49 ya\u015f\u0131nda v\u0259fat edib. O, bu g\u00fcn d\u00fcnyas\u0131n\u0131 d\u0259yi\u015fib. Cabir \u0130manov 22 iyun 1976-c\u0131 ild\u0259 Bak\u0131 \u015f\u0259h\u0259rind\u0259 anadan olub. 1993-c\u00fc ild\u0259 Az\u0259rbaycan D\u00f6vl\u0259t \u0130qtisad \u0130nstitutuna q\u0259bul olub v\u0259 1997-ci ild\u0259 h\u0259min institutu bitirib. 1997\u20131998-ci ill\u0259rd\u0259 Az\u0259rbaycan Respublikas\u0131 Daxili \u0130\u015fl\u0259r Nazirliyinin Daxili Qo\u015funlar\u0131nda h\u0259qiqi h\u0259rbi xidm\u0259t ke\u00e7ib. 1999-cu ild\u0259 Bak\u0131 D\u00f6vl\u0259t Universitetinin &hellip;<\/p>\n","protected":false},"author":1,"featured_media":20302,"comment_status":"open","ping_status":"closed","sticky":false,"template":"","format":"standard","meta":{"footnotes":""},"categories":[1],"tags":[],"class_list":["post-20301","post","type-post","status-publish","format-standard","has-post-thumbnail","hentry","category-idman"],"_links":{"self":[{"href":"https:\/\/millitv.net\/index.php?rest_route=\/wp\/v2\/posts\/20301","targetHints":{"allow":["GET"]}}],"collection":[{"href":"https:\/\/millitv.net\/index.php?rest_route=\/wp\/v2\/posts"}],"about":[{"href":"https:\/\/millitv.net\/index.php?rest_route=\/wp\/v2\/types\/post"}],"author":[{"embeddable":true,"href":"https:\/\/millitv.net\/index.php?rest_route=\/wp\/v2\/users\/1"}],"replies":[{"embeddable":true,"href":"https:\/\/millitv.net\/index.php?rest_route=%2Fwp%2Fv2%2Fcomments&post=20301"}],"version-history":[{"count":2,"href":"https:\/\/millitv.net\/index.php?rest_route=\/wp\/v2\/posts\/20301\/revisions"}],"predecessor-version":[{"id":20304,"href":"https:\/\/millitv.net\/index.php?rest_route=\/wp\/v2\/posts\/20301\/revisions\/20304"}],"wp:featuredmedia":[{"embeddable":true,"href":"https:\/\/millitv.net\/index.php?rest_route=\/wp\/v2\/media\/20302"}],"wp:attachment":[{"href":"https:\/\/millitv.net\/index.php?rest_route=%2Fwp%2Fv2%2Fmedia&parent=20301"}],"wp:term":[{"taxonomy":"category","embeddable":true,"href":"https:\/\/millitv.net\/index.php?rest_route=%2Fwp%2Fv2%2Fcategories&post=20301"},{"taxonomy":"post_tag","embeddable":true,"href":"https:\/\/millitv.net\/index.php?rest_route=%2Fwp%2Fv2%2Ftags&post=20301"}],"curies":[{"name":"wp","href":"https:\/\/api.w.org\/{rel}","templated":true}]}}