{"id":20262,"date":"2025-09-10T14:34:03","date_gmt":"2025-09-10T14:34:03","guid":{"rendered":"https:\/\/millitv.net\/?p=20262"},"modified":"2025-09-10T14:34:04","modified_gmt":"2025-09-10T14:34:04","slug":"bu-da-ans-in-m%C9%99shur-aparicisinin-turk-%C9%99ri","status":"publish","type":"post","link":"https:\/\/millitv.net\/?p=20262","title":{"rendered":"Bu da ANS-in m\u0259\u015fhur apar\u0131c\u0131s\u0131n\u0131n t\u00fcrk \u0259ri"},"content":{"rendered":"\n<p>Bir zamanlar ANS telekanal\u0131nda yay\u0131mlanan v\u0259 tama\u015fa\u00e7\u0131lar t\u0259r\u0259find\u0259n b\u00f6y\u00fck maraqla izl\u0259nil\u0259n &#8220;Kamerton&#8221; verili\u015finin apar\u0131c\u0131s\u0131 olmu\u015f G\u00fclnar\u0259 M\u0259mm\u0259dovan\u0131n ail\u0259si maraql\u0131 g\u00f6r\u00fcnt\u00fcl\u0259ri sosial \u015f\u0259b\u0259k\u0259d\u0259 yay\u0131l\u0131b.<\/p>\n\n\n\n<p>Ke\u00e7mi\u015f teleapar\u0131c\u0131 haz\u0131rda \u015f\u0259xsi h\u0259yat\u0131na daha \u00e7ox zaman ay\u0131r\u0131r. O, t\u00fcrk \u0259silli h\u0259yat yolda\u015f\u0131 v\u0259 o\u011flu il\u0259 birlikd\u0259 xo\u015fb\u0259xt ail\u0259 h\u0259yat\u0131 qurub. Sosial \u015f\u0259b\u0259k\u0259d\u0259 yay\u0131lan yeni fotolarda G\u00fclnar\u0259nin ail\u0259si il\u0259 s\u0259mimi g\u00f6r\u00fcnt\u00fcl\u0259ri izl\u0259yicil\u0259r aras\u0131nda maraq do\u011furub.<\/p>\n\n\n\n<p>Bir \u00e7ox sosial \u015f\u0259b\u0259k\u0259 istifad\u0259\u00e7il\u0259ri G\u00fclnar\u0259nin uzun fasil\u0259d\u0259n sonra ekranlardan uzaq qalmas\u0131na baxmayaraq, ail\u0259 h\u0259yat\u0131 il\u0259 xo\u015fb\u0259xt g\u00f6r\u00fcnd\u00fcy\u00fcn\u00fc yazaraq, ona xo\u015f arzular \u00fcnvanlay\u0131blar.<\/p>\n\n\n\n<p>Xat\u0131rladaq ki, &#8220;Kamerton&#8221; verili\u015fi bir vaxtlar ANS-in \u0259n sevil\u0259n layih\u0259l\u0259rind\u0259n biri idi v\u0259 G\u00fclnar\u0259nin apar\u0131c\u0131l\u0131\u011f\u0131 il\u0259 tama\u015fa\u00e7\u0131lar t\u0259r\u0259find\u0259n r\u0259\u011fb\u0259tl\u0259 qar\u015f\u0131lan\u0131rd\u0131.\/Milli.Az<\/p>\n\n\n\n<p><a href=\"https:\/\/newstube.az\/embed\/186407\" target=\"_blank\" rel=\"noopener\">https:\/\/newstube.az\/embed\/186407<\/a><\/p>\n","protected":false},"excerpt":{"rendered":"<p>Bir zamanlar ANS telekanal\u0131nda yay\u0131mlanan v\u0259 tama\u015fa\u00e7\u0131lar t\u0259r\u0259find\u0259n b\u00f6y\u00fck maraqla izl\u0259nil\u0259n &#8220;Kamerton&#8221; verili\u015finin apar\u0131c\u0131s\u0131 olmu\u015f G\u00fclnar\u0259 M\u0259mm\u0259dovan\u0131n ail\u0259si maraql\u0131 g\u00f6r\u00fcnt\u00fcl\u0259ri sosial \u015f\u0259b\u0259k\u0259d\u0259 yay\u0131l\u0131b. Ke\u00e7mi\u015f teleapar\u0131c\u0131 haz\u0131rda \u015f\u0259xsi h\u0259yat\u0131na daha \u00e7ox zaman ay\u0131r\u0131r. O, t\u00fcrk \u0259silli h\u0259yat yolda\u015f\u0131 v\u0259 o\u011flu il\u0259 birlikd\u0259 xo\u015fb\u0259xt ail\u0259 h\u0259yat\u0131 qurub. Sosial \u015f\u0259b\u0259k\u0259d\u0259 yay\u0131lan yeni fotolarda G\u00fclnar\u0259nin ail\u0259si il\u0259 s\u0259mimi g\u00f6r\u00fcnt\u00fcl\u0259ri &hellip;<\/p>\n","protected":false},"author":1,"featured_media":20263,"comment_status":"open","ping_status":"closed","sticky":false,"template":"","format":"standard","meta":{"footnotes":""},"categories":[1],"tags":[31],"class_list":["post-20262","post","type-post","status-publish","format-standard","has-post-thumbnail","hentry","category-idman","tag-ans"],"_links":{"self":[{"href":"https:\/\/millitv.net\/index.php?rest_route=\/wp\/v2\/posts\/20262","targetHints":{"allow":["GET"]}}],"collection":[{"href":"https:\/\/millitv.net\/index.php?rest_route=\/wp\/v2\/posts"}],"about":[{"href":"https:\/\/millitv.net\/index.php?rest_route=\/wp\/v2\/types\/post"}],"author":[{"embeddable":true,"href":"https:\/\/millitv.net\/index.php?rest_route=\/wp\/v2\/users\/1"}],"replies":[{"embeddable":true,"href":"https:\/\/millitv.net\/index.php?rest_route=%2Fwp%2Fv2%2Fcomments&post=20262"}],"version-history":[{"count":2,"href":"https:\/\/millitv.net\/index.php?rest_route=\/wp\/v2\/posts\/20262\/revisions"}],"predecessor-version":[{"id":20265,"href":"https:\/\/millitv.net\/index.php?rest_route=\/wp\/v2\/posts\/20262\/revisions\/20265"}],"wp:featuredmedia":[{"embeddable":true,"href":"https:\/\/millitv.net\/index.php?rest_route=\/wp\/v2\/media\/20263"}],"wp:attachment":[{"href":"https:\/\/millitv.net\/index.php?rest_route=%2Fwp%2Fv2%2Fmedia&parent=20262"}],"wp:term":[{"taxonomy":"category","embeddable":true,"href":"https:\/\/millitv.net\/index.php?rest_route=%2Fwp%2Fv2%2Fcategories&post=20262"},{"taxonomy":"post_tag","embeddable":true,"href":"https:\/\/millitv.net\/index.php?rest_route=%2Fwp%2Fv2%2Ftags&post=20262"}],"curies":[{"name":"wp","href":"https:\/\/api.w.org\/{rel}","templated":true}]}}