{"id":20244,"date":"2025-09-10T14:24:31","date_gmt":"2025-09-10T14:24:31","guid":{"rendered":"https:\/\/millitv.net\/?p=20244"},"modified":"2025-09-10T14:24:32","modified_gmt":"2025-09-10T14:24:32","slug":"qizima-kiray%C9%99-ev-axtaririq-bizim-imkanimiz-olsaydi","status":"publish","type":"post","link":"https:\/\/millitv.net\/?p=20244","title":{"rendered":"&#8220;Q\u0131z\u0131ma kiray\u0259 ev axtar\u0131r\u0131q, bizim imkan\u0131m\u0131z olsayd\u0131&#8230;&#8221;"},"content":{"rendered":"\n<p><strong>&#8220;Alim m\u00fc\u0259llim d\u00fcz deyib, dostunundur. Bel\u0259 yalan x\u0259b\u0259rl\u0259ri yayma\u011fa sizl\u0259r vasit\u0259\u00e7i olmay\u0131n. Ay\u0131bd\u0131r o boyda insandan. Siz onun s\u0259n\u0259tind\u0259n, verdiyi h\u0259yat m\u00fccadil\u0259sind\u0259n, s\u0259n\u0259ti \u00fc\u00e7\u00fcn n\u0259l\u0259ri f\u0259da verdiyind\u0259n dan\u0131\u015f\u0131n, etdiyi xeyirxahl\u0131qlardan dan\u0131\u015f\u0131n. Alim m\u00fc\u0259llim s\u0259n\u0259tind\u0259n qazand\u0131\u011f\u0131 pullar\u0131 kas\u0131b insanlara k\u00f6m\u0259klik edib h\u0259mi\u015f\u0259\u201d.<\/strong><\/p>\n\n\n\n<p>Bunu Demokrat.az-a a\u00e7\u0131qlamas\u0131nda \u018fm\u0259kdar artist F\u0259rqan\u0259 Qas\u0131mova deyib.<\/p>\n\n\n\n<p><strong>O bildirib ki, Alim m\u00fc\u0259llim 10 milyonluq evd\u0259 ya\u015famal\u0131d\u0131r, \u00e7\u00fcnki o, Az\u0259rbaycan\u0131n mu\u011fam s\u0259firidir:<\/strong><\/p>\n\n\n\n<p>\u201cQ\u0131z\u0131m ail\u0259 qurur, onlara kiray\u0259 ev axtar\u0131r\u0131q. Bel\u0259 imkan\u0131m\u0131z olsayd\u0131, kiray\u0259 niy\u0259 axtar\u0131r\u0131q? Bu bir. \u0130kincisi d\u0259, d\u00fcn\u0259nki oxuyanlar\u0131n ba\u011f\u0131, ba\u011f\u00e7as\u0131, villas\u0131 var. 70 ya\u015fl\u0131 s\u0259n\u0259tkarlar\u0131n n\u0259yi var, n\u0259yi yox, onlar\u0131 maraqland\u0131rmas\u0131n. T\u00fcrk oxuyanlar\u0131n \u015f\u0259xsi t\u0259yyar\u0259l\u0259ri var. M\u0259n h\u0259r d\u0259f\u0259 namazda dua ed\u0259nd\u0259 bu x\u0259b\u0259rl\u0259ri yayanlara qar\u011f\u0131\u015f t\u00f6k\u00fcr\u0259m. Kim m\u0259nim, atam\u0131n haqq\u0131nda yalan \u015feyl\u0259r yay\u0131rsa, Allah\u0131n b\u0259las\u0131na g\u0259lsin. Kim\u0259 da\u015f at\u0131rs\u0131n\u0131z at\u0131n, bizim ail\u0259y\u0259 da\u015f atmay\u0131n. D\u00f6vl\u0259t ba\u015f\u00e7\u0131m\u0131z, d\u0259y\u0259rli Prezidentimiz v\u0259 mu\u011fama x\u00fcsusi d\u0259y\u0259r ver\u0259n h\u00f6rm\u0259tli Mehriban xan\u0131m h\u0259r zaman Alim m\u00fc\u0259llimin h\u00f6rm\u0259tini \u0259ziz tutublar\u201d.<\/p>\n","protected":false},"excerpt":{"rendered":"<p>&#8220;Alim m\u00fc\u0259llim d\u00fcz deyib, dostunundur. Bel\u0259 yalan x\u0259b\u0259rl\u0259ri yayma\u011fa sizl\u0259r vasit\u0259\u00e7i olmay\u0131n. Ay\u0131bd\u0131r o boyda insandan. Siz onun s\u0259n\u0259tind\u0259n, verdiyi h\u0259yat m\u00fccadil\u0259sind\u0259n, s\u0259n\u0259ti \u00fc\u00e7\u00fcn n\u0259l\u0259ri f\u0259da verdiyind\u0259n dan\u0131\u015f\u0131n, etdiyi xeyirxahl\u0131qlardan dan\u0131\u015f\u0131n. Alim m\u00fc\u0259llim s\u0259n\u0259tind\u0259n qazand\u0131\u011f\u0131 pullar\u0131 kas\u0131b insanlara k\u00f6m\u0259klik edib h\u0259mi\u015f\u0259\u201d. Bunu Demokrat.az-a a\u00e7\u0131qlamas\u0131nda \u018fm\u0259kdar artist F\u0259rqan\u0259 Qas\u0131mova deyib. O bildirib ki, Alim m\u00fc\u0259llim 10 &hellip;<\/p>\n","protected":false},"author":1,"featured_media":20245,"comment_status":"open","ping_status":"closed","sticky":false,"template":"","format":"standard","meta":{"footnotes":""},"categories":[6],"tags":[21,22,17,14],"class_list":["post-20244","post","type-post","status-publish","format-standard","has-post-thumbnail","hentry","category-maqazin","tag-alim-qasimov","tag-ev","tag-mugnni","tag-sou-biznes"],"_links":{"self":[{"href":"https:\/\/millitv.net\/index.php?rest_route=\/wp\/v2\/posts\/20244","targetHints":{"allow":["GET"]}}],"collection":[{"href":"https:\/\/millitv.net\/index.php?rest_route=\/wp\/v2\/posts"}],"about":[{"href":"https:\/\/millitv.net\/index.php?rest_route=\/wp\/v2\/types\/post"}],"author":[{"embeddable":true,"href":"https:\/\/millitv.net\/index.php?rest_route=\/wp\/v2\/users\/1"}],"replies":[{"embeddable":true,"href":"https:\/\/millitv.net\/index.php?rest_route=%2Fwp%2Fv2%2Fcomments&post=20244"}],"version-history":[{"count":2,"href":"https:\/\/millitv.net\/index.php?rest_route=\/wp\/v2\/posts\/20244\/revisions"}],"predecessor-version":[{"id":20247,"href":"https:\/\/millitv.net\/index.php?rest_route=\/wp\/v2\/posts\/20244\/revisions\/20247"}],"wp:featuredmedia":[{"embeddable":true,"href":"https:\/\/millitv.net\/index.php?rest_route=\/wp\/v2\/media\/20245"}],"wp:attachment":[{"href":"https:\/\/millitv.net\/index.php?rest_route=%2Fwp%2Fv2%2Fmedia&parent=20244"}],"wp:term":[{"taxonomy":"category","embeddable":true,"href":"https:\/\/millitv.net\/index.php?rest_route=%2Fwp%2Fv2%2Fcategories&post=20244"},{"taxonomy":"post_tag","embeddable":true,"href":"https:\/\/millitv.net\/index.php?rest_route=%2Fwp%2Fv2%2Ftags&post=20244"}],"curies":[{"name":"wp","href":"https:\/\/api.w.org\/{rel}","templated":true}]}}