{"id":20234,"date":"2025-09-10T14:22:08","date_gmt":"2025-09-10T14:22:08","guid":{"rendered":"https:\/\/millitv.net\/?p=20234"},"modified":"2025-09-10T14:22:10","modified_gmt":"2025-09-10T14:22:10","slug":"uzak-sehirin-bu-goruntul%C9%99ri-tamasacilari-h%C9%99y%C9%99canlandirdi-video","status":"publish","type":"post","link":"https:\/\/millitv.net\/?p=20234","title":{"rendered":"&#8220;Uzak \u015fehir&#8221;in bu g\u00f6r\u00fcnt\u00fcl\u0259ri tama\u015fa\u00e7\u0131lar\u0131 h\u0259y\u0259canland\u0131rd\u0131 &#8211; V\u0130DEO"},"content":{"rendered":"\n<p><strong>&#8220;Uzak \u015fehir&#8221; serial\u0131n\u0131n yeni sezonu \u00fc\u00e7\u00fcn geri say\u0131m ba\u015flay\u0131b.<\/strong><\/p>\n\n\n\n<p><strong>Musavat.com<\/strong>&nbsp;x\u0259b\u0259r verir ki, yeni sezonun ikinci anonsu da yay\u0131mlanan serial tama\u015fa\u00e7\u0131larda h\u0259y\u0259can yaratma\u011f\u0131 bacar\u0131b.<\/p>\n\n\n\n<p>Cihan il\u0259 Alyan\u0131n yax\u0131nla\u015fma s\u0259hn\u0259si tama\u015fa\u00e7\u0131larda maraq yarad\u0131b. Onlar serial\u0131 v\u0259 Alya il\u0259 Cihan\u0131n e\u015fqini izl\u0259m\u0259yi s\u0259birsizlikl\u0259 g\u00f6zl\u0259dikl\u0259rini bildiribl\u0259r.<\/p>\n\n\n\n<figure class=\"wp-block-embed is-type-video is-provider-youtube wp-block-embed-youtube wp-embed-aspect-16-9 wp-has-aspect-ratio\"><div class=\"wp-block-embed__wrapper\">\n<iframe loading=\"lazy\" title=\"Uzak \u015eehir 29. B\u00f6l\u00fcm 2. Fragman | \u201cBiz birlikteyiz ya, bu yol beni art\u0131k hi\u00e7 korkutmuyor\u2026\u201d \u2764\ufe0f\" width=\"500\" height=\"281\" src=\"https:\/\/www.youtube.com\/embed\/w6oz5uYm4gc?feature=oembed\" frameborder=\"0\" allow=\"accelerometer; autoplay; clipboard-write; encrypted-media; gyroscope; picture-in-picture; web-share\" referrerpolicy=\"strict-origin-when-cross-origin\" allowfullscreen><\/iframe>\n<\/div><\/figure>\n\n\n\n<p><strong>Qeyd ed\u0259k ki, &#8220;Uzak \u015fehir&#8221; 15 sentyabrda ikinci sezonu il\u0259 geri d\u00f6n\u00fcr.<\/strong><\/p>\n\n\n\n<p>Ba\u015f rol ifa\u00e7\u0131lar\u0131 Sinem \u00dcnsal v\u0259 Ozan Akbaba &#8220;Yeni m\u00f6vs\u00fcm\u0259 bomba kimi haz\u0131r\u0131q&#8221; dey\u0259 serial haqq\u0131nda fikirl\u0259rini b\u00f6l\u00fc\u015f\u00fcb.<\/p>\n","protected":false},"excerpt":{"rendered":"<p>&#8220;Uzak \u015fehir&#8221; serial\u0131n\u0131n yeni sezonu \u00fc\u00e7\u00fcn geri say\u0131m ba\u015flay\u0131b. Musavat.com&nbsp;x\u0259b\u0259r verir ki, yeni sezonun ikinci anonsu da yay\u0131mlanan serial tama\u015fa\u00e7\u0131larda h\u0259y\u0259can yaratma\u011f\u0131 bacar\u0131b. Cihan il\u0259 Alyan\u0131n yax\u0131nla\u015fma s\u0259hn\u0259si tama\u015fa\u00e7\u0131larda maraq yarad\u0131b. Onlar serial\u0131 v\u0259 Alya il\u0259 Cihan\u0131n e\u015fqini izl\u0259m\u0259yi s\u0259birsizlikl\u0259 g\u00f6zl\u0259dikl\u0259rini bildiribl\u0259r. Qeyd ed\u0259k ki, &#8220;Uzak \u015fehir&#8221; 15 sentyabrda ikinci sezonu il\u0259 geri d\u00f6n\u00fcr. Ba\u015f &hellip;<\/p>\n","protected":false},"author":1,"featured_media":20236,"comment_status":"open","ping_status":"closed","sticky":false,"template":"","format":"standard","meta":{"footnotes":""},"categories":[1],"tags":[],"class_list":["post-20234","post","type-post","status-publish","format-standard","has-post-thumbnail","hentry","category-idman"],"_links":{"self":[{"href":"https:\/\/millitv.net\/index.php?rest_route=\/wp\/v2\/posts\/20234","targetHints":{"allow":["GET"]}}],"collection":[{"href":"https:\/\/millitv.net\/index.php?rest_route=\/wp\/v2\/posts"}],"about":[{"href":"https:\/\/millitv.net\/index.php?rest_route=\/wp\/v2\/types\/post"}],"author":[{"embeddable":true,"href":"https:\/\/millitv.net\/index.php?rest_route=\/wp\/v2\/users\/1"}],"replies":[{"embeddable":true,"href":"https:\/\/millitv.net\/index.php?rest_route=%2Fwp%2Fv2%2Fcomments&post=20234"}],"version-history":[{"count":2,"href":"https:\/\/millitv.net\/index.php?rest_route=\/wp\/v2\/posts\/20234\/revisions"}],"predecessor-version":[{"id":20239,"href":"https:\/\/millitv.net\/index.php?rest_route=\/wp\/v2\/posts\/20234\/revisions\/20239"}],"wp:featuredmedia":[{"embeddable":true,"href":"https:\/\/millitv.net\/index.php?rest_route=\/wp\/v2\/media\/20236"}],"wp:attachment":[{"href":"https:\/\/millitv.net\/index.php?rest_route=%2Fwp%2Fv2%2Fmedia&parent=20234"}],"wp:term":[{"taxonomy":"category","embeddable":true,"href":"https:\/\/millitv.net\/index.php?rest_route=%2Fwp%2Fv2%2Fcategories&post=20234"},{"taxonomy":"post_tag","embeddable":true,"href":"https:\/\/millitv.net\/index.php?rest_route=%2Fwp%2Fv2%2Ftags&post=20234"}],"curies":[{"name":"wp","href":"https:\/\/api.w.org\/{rel}","templated":true}]}}