{"id":20220,"date":"2025-09-10T14:12:31","date_gmt":"2025-09-10T14:12:31","guid":{"rendered":"https:\/\/millitv.net\/?p=20220"},"modified":"2025-09-10T14:17:06","modified_gmt":"2025-09-10T14:17:06","slug":"51-yasli-m%C9%99shur-aktrisanin-bu-goruntul%C9%99ri-yayildi-eri-gorun-n%C9%99l%C9%99r-dedi","status":"publish","type":"post","link":"https:\/\/millitv.net\/?p=20220","title":{"rendered":"51 ya\u015fl\u0131 m\u0259\u015fhur aktrisan\u0131n bu g\u00f6r\u00fcnt\u00fcl\u0259ri yay\u0131ld\u0131 &#8211; \u018fri g\u00f6r\u00fcn n\u0259l\u0259r dedi"},"content":{"rendered":"\n<p><strong>Aktyor Ya\u011fmur Atacan h\u0259yat yolda\u015f\u0131 P\u0131nar Altu\u011fun yoqa t\u0259lim\u00e7isi il\u0259 m\u0259\u015fq etdiyi videolara g\u00f6r\u0259 \u00fcnvanlanan t\u0259nqidl\u0259r\u0259 m\u00fcnasib\u0259t bildirib.<\/strong><\/p>\n\n\n\n<p>P\u0131nar Altu\u011fun yoqa t\u0259lim\u00e7isi il\u0259 i\u015fl\u0259m\u0259si sosial mediada m\u00fczakir\u0259 m\u0259nb\u0259yin\u0259 \u00e7evrilir. B\u0259zi istifad\u0259\u00e7il\u0259r \u201cYa\u011fmur Atacan q\u0131sqanc deyilmi?\u201d kimi \u015f\u0259rhl\u0259rl\u0259 payla\u015f\u0131lan g\u00f6r\u00fcnt\u00fcl\u0259ri t\u0259nqid edib. Ya\u011fmur Atacan bu \u015f\u0259rhl\u0259r\u0259 birba\u015fa diqq\u0259t\u00e7\u0259k\u0259n cavab verib:<\/p>\n\n\n\n<p>&#8220;P\u0131nar\u0131n 50-d\u0259n \u00e7ox ya\u015f\u0131 var, amma o ya\u015fda g\u00f6r\u00fcnm\u00fcr. &nbsp;T\u0259nqid ed\u0259nl\u0259r pax\u0131ll\u0131q edirl\u0259r. Bu q\u0259d\u0259r dard\u00fc\u015f\u00fcnc\u0259li olmamal\u0131y\u0131q&#8221;.<\/p>\n\n\n\n<p>P\u0131nar Altu\u011fun yoqa t\u0259limat\u00e7\u0131s\u0131 il\u0259 m\u0259\u015fq etdiyi videolar q\u0131sa zamanda \u00e7oxlu istifad\u0259\u00e7i say\u0131na \u00e7at\u0131b. \u015e\u0259rhl\u0259rin \u0259ks\u0259riyy\u0259ti m\u00fcsb\u0259t olsa da, b\u0259zi izl\u0259yicil\u0259r c\u00fctl\u00fcy\u00fcn \u015f\u0259xsi h\u0259yat\u0131n\u0131 t\u0259nqid edib. Bir izl\u0259yicisi \u201cYa\u011fmur b\u0259y q\u0131sqanc deyilmi?\u201d dey\u0259 soru\u015fduqda, Atacan \u201cNiy\u0259 olsun ki?\u201d dey\u0259 cavab ver\u0259r\u0259k m\u0259s\u0259l\u0259y\u0259 ayd\u0131nl\u0131q g\u0259tirib.<\/p>\n\n\n\n<p>Qeyd ed\u0259k ki, 1994-c\u00fc ild\u0259 &#8220;Miss T\u00fcrkiy\u0259&#8221; titulunu alan P\u0131nar Altu\u011f 2008-ci ild\u0259 \u00f6z\u00fcnd\u0259n 9 ya\u015f ki\u00e7ik Ya\u011fmur Atacanla ail\u0259 h\u0259yat\u0131 qurub. C\u00fctl\u00fck 2009-cu ild\u0259 Su adl\u0131 q\u0131zlar\u0131n\u0131n d\u00fcnyaya g\u0259lm\u0259si il\u0259 valideyn olmaq sevincini ya\u015fay\u0131b. \u0130ll\u0259rdir birlikd\u0259 olan ikili ictimaiyy\u0259t\u0259 n\u00fcmun\u0259vi c\u00fctl\u00fck kimi tan\u0131n\u0131r.<br><strong>Musavat.com<\/strong><\/p>\n","protected":false},"excerpt":{"rendered":"<p>Aktyor Ya\u011fmur Atacan h\u0259yat yolda\u015f\u0131 P\u0131nar Altu\u011fun yoqa t\u0259lim\u00e7isi il\u0259 m\u0259\u015fq etdiyi videolara g\u00f6r\u0259 \u00fcnvanlanan t\u0259nqidl\u0259r\u0259 m\u00fcnasib\u0259t bildirib. P\u0131nar Altu\u011fun yoqa t\u0259lim\u00e7isi il\u0259 i\u015fl\u0259m\u0259si sosial mediada m\u00fczakir\u0259 m\u0259nb\u0259yin\u0259 \u00e7evrilir. B\u0259zi istifad\u0259\u00e7il\u0259r \u201cYa\u011fmur Atacan q\u0131sqanc deyilmi?\u201d kimi \u015f\u0259rhl\u0259rl\u0259 payla\u015f\u0131lan g\u00f6r\u00fcnt\u00fcl\u0259ri t\u0259nqid edib. Ya\u011fmur Atacan bu \u015f\u0259rhl\u0259r\u0259 birba\u015fa diqq\u0259t\u00e7\u0259k\u0259n cavab verib: &#8220;P\u0131nar\u0131n 50-d\u0259n \u00e7ox ya\u015f\u0131 var, amma &hellip;<\/p>\n","protected":false},"author":1,"featured_media":20221,"comment_status":"open","ping_status":"closed","sticky":false,"template":"","format":"standard","meta":{"footnotes":""},"categories":[1],"tags":[13,14],"class_list":["post-20220","post","type-post","status-publish","format-standard","has-post-thumbnail","hentry","category-idman","tag-aktrisa","tag-sou-biznes"],"_links":{"self":[{"href":"https:\/\/millitv.net\/index.php?rest_route=\/wp\/v2\/posts\/20220","targetHints":{"allow":["GET"]}}],"collection":[{"href":"https:\/\/millitv.net\/index.php?rest_route=\/wp\/v2\/posts"}],"about":[{"href":"https:\/\/millitv.net\/index.php?rest_route=\/wp\/v2\/types\/post"}],"author":[{"embeddable":true,"href":"https:\/\/millitv.net\/index.php?rest_route=\/wp\/v2\/users\/1"}],"replies":[{"embeddable":true,"href":"https:\/\/millitv.net\/index.php?rest_route=%2Fwp%2Fv2%2Fcomments&post=20220"}],"version-history":[{"count":1,"href":"https:\/\/millitv.net\/index.php?rest_route=\/wp\/v2\/posts\/20220\/revisions"}],"predecessor-version":[{"id":20222,"href":"https:\/\/millitv.net\/index.php?rest_route=\/wp\/v2\/posts\/20220\/revisions\/20222"}],"wp:featuredmedia":[{"embeddable":true,"href":"https:\/\/millitv.net\/index.php?rest_route=\/wp\/v2\/media\/20221"}],"wp:attachment":[{"href":"https:\/\/millitv.net\/index.php?rest_route=%2Fwp%2Fv2%2Fmedia&parent=20220"}],"wp:term":[{"taxonomy":"category","embeddable":true,"href":"https:\/\/millitv.net\/index.php?rest_route=%2Fwp%2Fv2%2Fcategories&post=20220"},{"taxonomy":"post_tag","embeddable":true,"href":"https:\/\/millitv.net\/index.php?rest_route=%2Fwp%2Fv2%2Ftags&post=20220"}],"curies":[{"name":"wp","href":"https:\/\/api.w.org\/{rel}","templated":true}]}}