{"id":20213,"date":"2025-09-10T13:59:03","date_gmt":"2025-09-10T13:59:03","guid":{"rendered":"https:\/\/millitv.net\/?p=20213"},"modified":"2025-09-10T13:59:04","modified_gmt":"2025-09-10T13:59:04","slug":"nadir-v%C9%99-ayan-arasinda-qalmaqal-n%C9%99-azarim-var","status":"publish","type":"post","link":"https:\/\/millitv.net\/?p=20213","title":{"rendered":"Nadir v\u0259 Ayan aras\u0131nda QALMAQAL: \u201cN\u0259 azar\u0131m var?!\u201d"},"content":{"rendered":"\n<p><strong>Tan\u0131nm\u0131\u015f m\u00fc\u011f\u0259nni Ayan Babaki\u015fiyeva ill\u0259rdir duet orta\u011f\u0131 v\u0259 s\u0259n\u0259t dostu olan Nadir Qafarzad\u0259nin o\u011flunun toyunda g\u00f6r\u00fcnm\u0259yib.<\/strong><\/p>\n\n\n\n<p>M\u0259s\u0259l\u0259 \u0130sa \u015e\u00fck\u00fcrovun t\u0259qdimat\u0131nda yay\u0131mlanan \u201c\u00d6z Aram\u0131zda\u201d verili\u015find\u0259 m\u00fczakir\u0259 olunub. Apar\u0131c\u0131 \u0130sa \u015e\u00fck\u00fcrov m\u00f6vzuya bel\u0259 giri\u015f edib:<\/p>\n\n\n\n<p>\u201c\u00d6t\u0259n burax\u0131l\u0131\u015f\u0131m\u0131zda qonaq olan m\u00fc\u011f\u0259nni Ayan Babaki\u015fiyeva ill\u0259rdir dostluq etdiyi, silsil\u0259 duet oxudu\u011fu h\u0259mkar\u0131 Nadir Qafarzad\u0259nin o\u011flunun toyuna niy\u0259 g\u0259lm\u0259di? Qafarzad\u0259 duet orta\u011f\u0131n\u0131 o\u011flunun toyuna d\u0259v\u0259t etm\u0259yib? Nadir Qafarzad\u0259 il\u0259 Ayan aras\u0131nda n\u0259l\u0259r ya\u015fan\u0131r?\u201d<\/p>\n\n\n\n<p>M\u00fc\u011f\u0259nni m\u00f6vzu il\u0259 ba\u011fl\u0131 q\u0131sa \u015f\u0259kild\u0259 bildirib:<\/p>\n\n\n\n<p>\u201cD\u0259v\u0259t olunmayan yerd\u0259 m\u0259nim n\u0259 i\u015fim, n\u0259 azar\u0131m var? M\u0259n d\u0259v\u0259t olunmad\u0131\u011f\u0131m m\u0259clis\u0259 getmir\u0259m.\u201d<\/p>\n\n\n\n<p>M\u0259s\u0259l\u0259 il\u0259 ba\u011fl\u0131 m\u00fcnasib\u0259t bildir\u0259n Nadir Qafarzad\u0259 is\u0259 Babaki\u015fiyevan\u0131n dedikl\u0259rini t\u0259kzib edib:<\/p>\n\n\n\n<p>\u201cAyan xan\u0131ma \u00e7atd\u0131r\u0131n ki, ilk d\u0259v\u0259t olunanlardan biri odur. 21 avqust tarixind\u0259 onun \u201cWhatsApp\u201d\u0131na d\u0259v\u0259tnam\u0259 g\u00f6nd\u0259rmi\u015f\u0259m. \u0130lk d\u0259v\u0259t olunanlar aras\u0131nda Fatim\u0259, Xatun v\u0259 Ayan vard\u0131. Amma g\u0259lm\u0259yib, \u00e7ox sa\u011f olsun. Biz d\u0259 qism\u0259t olsa, gedib onu t\u0259brik ed\u0259rik. Amma dem\u0259k ki, d\u0259v\u0259t olunmam\u0131\u015fam, bu art\u0131q m\u0259n\u0259 bir az t\u0259sir edir\u201d.<\/p>\n\n\n\n<p>M\u00fc\u011f\u0259nni h\u0259m\u00e7inin s\u00f6z\u00fcged\u0259n d\u0259v\u0259tnam\u0259nin ekran g\u00f6r\u00fcnt\u00fcs\u00fcn\u00fc d\u0259 apar\u0131c\u0131 \u0130sa \u015e\u00fck\u00fcrova g\u00f6nd\u0259rib.(Yenisabah.az)<\/p>\n","protected":false},"excerpt":{"rendered":"<p>Tan\u0131nm\u0131\u015f m\u00fc\u011f\u0259nni Ayan Babaki\u015fiyeva ill\u0259rdir duet orta\u011f\u0131 v\u0259 s\u0259n\u0259t dostu olan Nadir Qafarzad\u0259nin o\u011flunun toyunda g\u00f6r\u00fcnm\u0259yib. M\u0259s\u0259l\u0259 \u0130sa \u015e\u00fck\u00fcrovun t\u0259qdimat\u0131nda yay\u0131mlanan \u201c\u00d6z Aram\u0131zda\u201d verili\u015find\u0259 m\u00fczakir\u0259 olunub. Apar\u0131c\u0131 \u0130sa \u015e\u00fck\u00fcrov m\u00f6vzuya bel\u0259 giri\u015f edib: \u201c\u00d6t\u0259n burax\u0131l\u0131\u015f\u0131m\u0131zda qonaq olan m\u00fc\u011f\u0259nni Ayan Babaki\u015fiyeva ill\u0259rdir dostluq etdiyi, silsil\u0259 duet oxudu\u011fu h\u0259mkar\u0131 Nadir Qafarzad\u0259nin o\u011flunun toyuna niy\u0259 g\u0259lm\u0259di? Qafarzad\u0259 duet &hellip;<\/p>\n","protected":false},"author":1,"featured_media":20214,"comment_status":"open","ping_status":"closed","sticky":false,"template":"","format":"standard","meta":{"footnotes":""},"categories":[1],"tags":[],"class_list":["post-20213","post","type-post","status-publish","format-standard","has-post-thumbnail","hentry","category-idman"],"_links":{"self":[{"href":"https:\/\/millitv.net\/index.php?rest_route=\/wp\/v2\/posts\/20213","targetHints":{"allow":["GET"]}}],"collection":[{"href":"https:\/\/millitv.net\/index.php?rest_route=\/wp\/v2\/posts"}],"about":[{"href":"https:\/\/millitv.net\/index.php?rest_route=\/wp\/v2\/types\/post"}],"author":[{"embeddable":true,"href":"https:\/\/millitv.net\/index.php?rest_route=\/wp\/v2\/users\/1"}],"replies":[{"embeddable":true,"href":"https:\/\/millitv.net\/index.php?rest_route=%2Fwp%2Fv2%2Fcomments&post=20213"}],"version-history":[{"count":2,"href":"https:\/\/millitv.net\/index.php?rest_route=\/wp\/v2\/posts\/20213\/revisions"}],"predecessor-version":[{"id":20216,"href":"https:\/\/millitv.net\/index.php?rest_route=\/wp\/v2\/posts\/20213\/revisions\/20216"}],"wp:featuredmedia":[{"embeddable":true,"href":"https:\/\/millitv.net\/index.php?rest_route=\/wp\/v2\/media\/20214"}],"wp:attachment":[{"href":"https:\/\/millitv.net\/index.php?rest_route=%2Fwp%2Fv2%2Fmedia&parent=20213"}],"wp:term":[{"taxonomy":"category","embeddable":true,"href":"https:\/\/millitv.net\/index.php?rest_route=%2Fwp%2Fv2%2Fcategories&post=20213"},{"taxonomy":"post_tag","embeddable":true,"href":"https:\/\/millitv.net\/index.php?rest_route=%2Fwp%2Fv2%2Ftags&post=20213"}],"curies":[{"name":"wp","href":"https:\/\/api.w.org\/{rel}","templated":true}]}}