{"id":20209,"date":"2025-09-10T13:52:44","date_gmt":"2025-09-10T13:52:44","guid":{"rendered":"https:\/\/millitv.net\/?p=20209"},"modified":"2025-09-10T13:52:45","modified_gmt":"2025-09-10T13:52:45","slug":"aygun-kazimova-kisi-h%C9%99mkarini-bel%C9%99-p%C9%99rt-etdi-video","status":"publish","type":"post","link":"https:\/\/millitv.net\/?p=20209","title":{"rendered":"Ayg\u00fcn Kaz\u0131mova ki\u015fi h\u0259mkar\u0131n\u0131 bel\u0259 p\u0259rt etdi &#8211;\u00a0V\u0130DEO"},"content":{"rendered":"\n<p><strong>Xalq artisti Ayg\u00fcn Kaz\u0131mova m\u00fc\u011f\u0259nni h\u0259mkar\u0131 Eld\u0259niz M\u0259mm\u0259dova h\u00f6rm\u0259tsizlik edib.<\/strong><\/p>\n\n\n\n<p>Ayg\u00fcn Kaz\u0131movan\u0131n \u00e7\u0131x\u0131\u015f etdiyi m\u0259kanlardan birind\u0259 m\u00fc\u011f\u0259nni Eld\u0259niz M\u0259mm\u0259dov onunla \u015f\u0259kil \u00e7\u0259kdirm\u0259k \u00fc\u00e7\u00fcn s\u0259hn\u0259y\u0259 qalx\u0131b.<br><br>Lakin Ayg\u00fcn Kaz\u0131mova Eld\u0259niz M\u0259mm\u0259dovun ist\u0259yin\u0259 s\u0259rt reaksiya verib:<\/p>\n\n\n\n<p>O, h\u0259mkar\u0131n\u0131 guya tan\u0131mad\u0131\u011f\u0131 kimi davranaraq, onunla \u015f\u0259kil \u00e7\u0259kdirm\u0259k ist\u0259m\u0259y\u0259r\u0259k E.M\u0259mm\u0259dovu p\u0259rt edib.<br><br>Ayg\u00fcn Kaz\u0131movan\u0131n bu h\u0259r\u0259k\u0259ti sosial \u015f\u0259b\u0259k\u0259l\u0259rd\u0259 q\u0131nan\u0131l\u0131b.<\/p>\n\n\n\n<script async src=\"https:\/\/telegram.org\/js\/telegram-widget.js?22\" data-telegram-post=\"millitivi\/99\" data-width=\"100%\"><\/script>\n","protected":false},"excerpt":{"rendered":"<p>Xalq artisti Ayg\u00fcn Kaz\u0131mova m\u00fc\u011f\u0259nni h\u0259mkar\u0131 Eld\u0259niz M\u0259mm\u0259dova h\u00f6rm\u0259tsizlik edib. Ayg\u00fcn Kaz\u0131movan\u0131n \u00e7\u0131x\u0131\u015f etdiyi m\u0259kanlardan birind\u0259 m\u00fc\u011f\u0259nni Eld\u0259niz M\u0259mm\u0259dov onunla \u015f\u0259kil \u00e7\u0259kdirm\u0259k \u00fc\u00e7\u00fcn s\u0259hn\u0259y\u0259 qalx\u0131b.Lakin Ayg\u00fcn Kaz\u0131mova Eld\u0259niz M\u0259mm\u0259dovun ist\u0259yin\u0259 s\u0259rt reaksiya verib: O, h\u0259mkar\u0131n\u0131 guya tan\u0131mad\u0131\u011f\u0131 kimi davranaraq, onunla \u015f\u0259kil \u00e7\u0259kdirm\u0259k ist\u0259m\u0259y\u0259r\u0259k E.M\u0259mm\u0259dovu p\u0259rt edib.Ayg\u00fcn Kaz\u0131movan\u0131n bu h\u0259r\u0259k\u0259ti sosial \u015f\u0259b\u0259k\u0259l\u0259rd\u0259 q\u0131nan\u0131l\u0131b.<\/p>\n","protected":false},"author":1,"featured_media":20210,"comment_status":"open","ping_status":"closed","sticky":false,"template":"","format":"standard","meta":{"footnotes":""},"categories":[1],"tags":[],"class_list":["post-20209","post","type-post","status-publish","format-standard","has-post-thumbnail","hentry","category-idman"],"_links":{"self":[{"href":"https:\/\/millitv.net\/index.php?rest_route=\/wp\/v2\/posts\/20209","targetHints":{"allow":["GET"]}}],"collection":[{"href":"https:\/\/millitv.net\/index.php?rest_route=\/wp\/v2\/posts"}],"about":[{"href":"https:\/\/millitv.net\/index.php?rest_route=\/wp\/v2\/types\/post"}],"author":[{"embeddable":true,"href":"https:\/\/millitv.net\/index.php?rest_route=\/wp\/v2\/users\/1"}],"replies":[{"embeddable":true,"href":"https:\/\/millitv.net\/index.php?rest_route=%2Fwp%2Fv2%2Fcomments&post=20209"}],"version-history":[{"count":2,"href":"https:\/\/millitv.net\/index.php?rest_route=\/wp\/v2\/posts\/20209\/revisions"}],"predecessor-version":[{"id":20212,"href":"https:\/\/millitv.net\/index.php?rest_route=\/wp\/v2\/posts\/20209\/revisions\/20212"}],"wp:featuredmedia":[{"embeddable":true,"href":"https:\/\/millitv.net\/index.php?rest_route=\/wp\/v2\/media\/20210"}],"wp:attachment":[{"href":"https:\/\/millitv.net\/index.php?rest_route=%2Fwp%2Fv2%2Fmedia&parent=20209"}],"wp:term":[{"taxonomy":"category","embeddable":true,"href":"https:\/\/millitv.net\/index.php?rest_route=%2Fwp%2Fv2%2Fcategories&post=20209"},{"taxonomy":"post_tag","embeddable":true,"href":"https:\/\/millitv.net\/index.php?rest_route=%2Fwp%2Fv2%2Ftags&post=20209"}],"curies":[{"name":"wp","href":"https:\/\/api.w.org\/{rel}","templated":true}]}}