{"id":20205,"date":"2025-09-10T13:44:36","date_gmt":"2025-09-10T13:44:36","guid":{"rendered":"https:\/\/millitv.net\/?p=20205"},"modified":"2025-09-10T14:17:52","modified_gmt":"2025-09-10T14:17:52","slug":"pensiya-alanlara-sad-x%C9%99b%C9%99r","status":"publish","type":"post","link":"https:\/\/millitv.net\/?p=20205","title":{"rendered":"Pensiya alanlara \u015fad x\u0259b\u0259r!"},"content":{"rendered":"\n<p><strong>Bak\u0131, Sumqay\u0131t \u015f\u0259h\u0259rl\u0259ri, Ab\u015feron rayonu v\u0259 Nax\u00e7\u0131van Muxtar Respublikas\u0131 \u00fczr\u0259 sentyabr ay\u0131n\u0131n pensiyalar\u0131 \u00f6d\u0259nilib.<\/strong><\/p>\n\n\n\n<p>Bu bar\u0259d\u0259 D\u00f6vl\u0259t Sosial M\u00fcdafi\u0259 Fondu m\u0259lumat yay\u0131b.<\/p>\n\n\n\n<p>Respublikan\u0131n dig\u0259r b\u00f6lg\u0259l\u0259ri \u00fczr\u0259, habel\u0259 g\u00fcz\u0259\u015ftli \u015f\u0259rtl\u0259rl\u0259 pensiya h\u00fcququna malik \u015f\u0259xsl\u0259rin sentyabr ay\u0131 \u00fczr\u0259 pensiyalar\u0131 da bu ay qrafik \u00fczr\u0259 \u00f6d\u0259nil\u0259c\u0259k.<\/p>\n","protected":false},"excerpt":{"rendered":"<p>Bak\u0131, Sumqay\u0131t \u015f\u0259h\u0259rl\u0259ri, Ab\u015feron rayonu v\u0259 Nax\u00e7\u0131van Muxtar Respublikas\u0131 \u00fczr\u0259 sentyabr ay\u0131n\u0131n pensiyalar\u0131 \u00f6d\u0259nilib. Bu bar\u0259d\u0259 D\u00f6vl\u0259t Sosial M\u00fcdafi\u0259 Fondu m\u0259lumat yay\u0131b. Respublikan\u0131n dig\u0259r b\u00f6lg\u0259l\u0259ri \u00fczr\u0259, habel\u0259 g\u00fcz\u0259\u015ftli \u015f\u0259rtl\u0259rl\u0259 pensiya h\u00fcququna malik \u015f\u0259xsl\u0259rin sentyabr ay\u0131 \u00fczr\u0259 pensiyalar\u0131 da bu ay qrafik \u00fczr\u0259 \u00f6d\u0259nil\u0259c\u0259k.<\/p>\n","protected":false},"author":1,"featured_media":20206,"comment_status":"open","ping_status":"closed","sticky":false,"template":"","format":"standard","meta":{"footnotes":""},"categories":[1],"tags":[12,11,16],"class_list":["post-20205","post","type-post","status-publish","format-standard","has-post-thumbnail","hentry","category-idman","tag-muavint","tag-pensiya","tag-sosial"],"_links":{"self":[{"href":"https:\/\/millitv.net\/index.php?rest_route=\/wp\/v2\/posts\/20205","targetHints":{"allow":["GET"]}}],"collection":[{"href":"https:\/\/millitv.net\/index.php?rest_route=\/wp\/v2\/posts"}],"about":[{"href":"https:\/\/millitv.net\/index.php?rest_route=\/wp\/v2\/types\/post"}],"author":[{"embeddable":true,"href":"https:\/\/millitv.net\/index.php?rest_route=\/wp\/v2\/users\/1"}],"replies":[{"embeddable":true,"href":"https:\/\/millitv.net\/index.php?rest_route=%2Fwp%2Fv2%2Fcomments&post=20205"}],"version-history":[{"count":1,"href":"https:\/\/millitv.net\/index.php?rest_route=\/wp\/v2\/posts\/20205\/revisions"}],"predecessor-version":[{"id":20207,"href":"https:\/\/millitv.net\/index.php?rest_route=\/wp\/v2\/posts\/20205\/revisions\/20207"}],"wp:featuredmedia":[{"embeddable":true,"href":"https:\/\/millitv.net\/index.php?rest_route=\/wp\/v2\/media\/20206"}],"wp:attachment":[{"href":"https:\/\/millitv.net\/index.php?rest_route=%2Fwp%2Fv2%2Fmedia&parent=20205"}],"wp:term":[{"taxonomy":"category","embeddable":true,"href":"https:\/\/millitv.net\/index.php?rest_route=%2Fwp%2Fv2%2Fcategories&post=20205"},{"taxonomy":"post_tag","embeddable":true,"href":"https:\/\/millitv.net\/index.php?rest_route=%2Fwp%2Fv2%2Ftags&post=20205"}],"curies":[{"name":"wp","href":"https:\/\/api.w.org\/{rel}","templated":true}]}}