{"id":20195,"date":"2025-09-10T09:08:21","date_gmt":"2025-09-10T09:08:21","guid":{"rendered":"https:\/\/millitv.net\/?p=20195"},"modified":"2025-09-10T09:08:22","modified_gmt":"2025-09-10T09:08:22","slug":"az%C9%99rbaycanda-14-yasli-qizla-20-yasli-oglan-nisanlandi","status":"publish","type":"post","link":"https:\/\/millitv.net\/?p=20195","title":{"rendered":"Az\u0259rbaycanda 14 ya\u015fl\u0131 q\u0131zla 20 ya\u015fl\u0131 o\u011flan ni\u015fanland\u0131"},"content":{"rendered":"\n<p><strong>Sabirabad rayonunda 14 ya\u015fl\u0131 q\u0131zla 20 ya\u015fl\u0131 o\u011flan ni\u015fanlan\u0131b.<\/strong><\/p>\n\n\n\n<p>\u201cQafqazinfo\u201dya x\u0259b\u0259r verir ki, hadis\u0259 rayonun \u018fs\u0259dli k\u0259ndind\u0259 qeyd\u0259 al\u0131n\u0131b.<\/p>\n\n\n\n<p>Bu bar\u0259d\u0259 polis\u0259 m\u0259lumat daxil olduqdan sonra ni\u015fanlanan yeniyetm\u0259 il\u0259 g\u0259ncin atas\u0131 Sabirabad Rayon Polis \u015e\u00f6b\u0259sin\u0259 d\u0259v\u0259t edilib. Burada m\u0259lumatlar d\u0259qiql\u0259\u015fdiril\u0259rk\u0259n 14 ya\u015fl\u0131 q\u0131z\u0131n 1987-ci il t\u0259v\u0259ll\u00fcdl\u00fc atas\u0131 S.F\u0259rzal\u0131yev q\u0131\u015fq\u0131raraq s\u00f6y\u00fc\u015f s\u00f6ym\u0259y\u0259, q\u0131z\u0131 il\u0259 ni\u015fanlanan o\u011flan\u0131n atas\u0131n\u0131 t\u0259hqir etm\u0259y\u0259 ba\u015flay\u0131b.<\/p>\n\n\n\n<p>O, q\u0131z\u0131n\u0131 ni\u015fanlamaq fikrinin olmad\u0131\u011f\u0131n\u0131, qar\u015f\u0131 t\u0259r\u0259fin t\u0259kidi il\u0259 \u201cH\u0259ri\u201d m\u0259clisinin oldu\u011funu deyib.<\/p>\n\n\n\n<p>\u0130ctimai asayi\u015fi pozan \u015f\u0259xs bar\u0259sind\u0259 \u0130nzibati X\u0259talar M\u0259c\u0259ll\u0259sinin 510-cu (x\u0131rda xuliqanl\u0131q) madd\u0259si il\u0259 protokol t\u0259rtib edilib. Sabirabad Rayon M\u0259hk\u0259m\u0259sinin q\u0259rar\u0131 il\u0259 S.F\u0259rzal\u0131yev 8 sutkal\u0131q h\u0259bs edilib.<\/p>\n","protected":false},"excerpt":{"rendered":"<p>Sabirabad rayonunda 14 ya\u015fl\u0131 q\u0131zla 20 ya\u015fl\u0131 o\u011flan ni\u015fanlan\u0131b. \u201cQafqazinfo\u201dya x\u0259b\u0259r verir ki, hadis\u0259 rayonun \u018fs\u0259dli k\u0259ndind\u0259 qeyd\u0259 al\u0131n\u0131b. Bu bar\u0259d\u0259 polis\u0259 m\u0259lumat daxil olduqdan sonra ni\u015fanlanan yeniyetm\u0259 il\u0259 g\u0259ncin atas\u0131 Sabirabad Rayon Polis \u015e\u00f6b\u0259sin\u0259 d\u0259v\u0259t edilib. Burada m\u0259lumatlar d\u0259qiql\u0259\u015fdiril\u0259rk\u0259n 14 ya\u015fl\u0131 q\u0131z\u0131n 1987-ci il t\u0259v\u0259ll\u00fcdl\u00fc atas\u0131 S.F\u0259rzal\u0131yev q\u0131\u015fq\u0131raraq s\u00f6y\u00fc\u015f s\u00f6ym\u0259y\u0259, q\u0131z\u0131 il\u0259 ni\u015fanlanan o\u011flan\u0131n &hellip;<\/p>\n","protected":false},"author":1,"featured_media":20196,"comment_status":"open","ping_status":"closed","sticky":false,"template":"","format":"standard","meta":{"footnotes":""},"categories":[1],"tags":[],"class_list":["post-20195","post","type-post","status-publish","format-standard","has-post-thumbnail","hentry","category-idman"],"_links":{"self":[{"href":"https:\/\/millitv.net\/index.php?rest_route=\/wp\/v2\/posts\/20195","targetHints":{"allow":["GET"]}}],"collection":[{"href":"https:\/\/millitv.net\/index.php?rest_route=\/wp\/v2\/posts"}],"about":[{"href":"https:\/\/millitv.net\/index.php?rest_route=\/wp\/v2\/types\/post"}],"author":[{"embeddable":true,"href":"https:\/\/millitv.net\/index.php?rest_route=\/wp\/v2\/users\/1"}],"replies":[{"embeddable":true,"href":"https:\/\/millitv.net\/index.php?rest_route=%2Fwp%2Fv2%2Fcomments&post=20195"}],"version-history":[{"count":2,"href":"https:\/\/millitv.net\/index.php?rest_route=\/wp\/v2\/posts\/20195\/revisions"}],"predecessor-version":[{"id":20198,"href":"https:\/\/millitv.net\/index.php?rest_route=\/wp\/v2\/posts\/20195\/revisions\/20198"}],"wp:featuredmedia":[{"embeddable":true,"href":"https:\/\/millitv.net\/index.php?rest_route=\/wp\/v2\/media\/20196"}],"wp:attachment":[{"href":"https:\/\/millitv.net\/index.php?rest_route=%2Fwp%2Fv2%2Fmedia&parent=20195"}],"wp:term":[{"taxonomy":"category","embeddable":true,"href":"https:\/\/millitv.net\/index.php?rest_route=%2Fwp%2Fv2%2Fcategories&post=20195"},{"taxonomy":"post_tag","embeddable":true,"href":"https:\/\/millitv.net\/index.php?rest_route=%2Fwp%2Fv2%2Ftags&post=20195"}],"curies":[{"name":"wp","href":"https:\/\/api.w.org\/{rel}","templated":true}]}}