{"id":20183,"date":"2025-09-09T15:10:24","date_gmt":"2025-09-09T15:10:24","guid":{"rendered":"https:\/\/millitv.net\/?p=20183"},"modified":"2025-09-09T15:10:25","modified_gmt":"2025-09-09T15:10:25","slug":"ehaliy%C9%99-x%C9%99b%C9%99rdarliq-edildi-sentyabrin-10-u-axsamdan-15-d%C9%99k","status":"publish","type":"post","link":"https:\/\/millitv.net\/?p=20183","title":{"rendered":"\u018fhaliy\u0259 x\u0259b\u0259rdarl\u0131q edildi: Sentyabr\u0131n 10-u ax\u015famdan 15-d\u0259k&#8230;"},"content":{"rendered":"\n<p><strong>Sentyabr\u0131n 10-u g\u00fcn\u00fcn ikinci yar\u0131s\u0131 \u015fimal v\u0259 q\u0259rb rayonlar\u0131ndan ba\u015flayaraq b\u00f6lg\u0259l\u0259rd\u0259 fasil\u0259l\u0259rl\u0259 leysan xarakterli ya\u011f\u0131\u015f ya\u011faca\u011f\u0131, \u015fim\u015f\u0259k \u00e7axaca\u011f\u0131 g\u00f6zl\u0259nilir. <\/strong><\/p>\n\n\n\n<p>Bu bar\u0259d\u0259 Milli Hidrometeorologiya Xidm\u0259ti m\u0259lumat yay\u0131b. Ayr\u0131-ayr\u0131 yerl\u0259rd\u0259 ya\u011f\u0131nt\u0131lar\u0131n intensiv v\u0259 g\u00fccl\u00fc olaca\u011f\u0131, dolu d\u00fc\u015f\u0259c\u0259yi, y\u00fcks\u0259k da\u011fl\u0131q \u0259razil\u0259rd\u0259 is\u0259 sulu qara ke\u00e7\u0259c\u0259yi ehtimal olunur.<\/p>\n\n\n\n<p>\u00d6lk\u0259 \u0259razisind\u0259 sentyabr\u0131n 15-d\u0259k havan\u0131n temperaturunun \u00f6t\u0259n g\u00fcnl\u0259rl\u0259 m\u00fcqayis\u0259d\u0259 t\u0259dric\u0259n 5-10 d\u0259r\u0259c\u0259 en\u0259c\u0259yi, \u015fimal-q\u0259rb k\u00fcl\u0259yinin arabir g\u00fccl\u0259n\u0259c\u0259yi g\u00f6zl\u0259nilir.<\/p>\n\n\n\n<p>\u00c7aylarda sululu\u011fun artaca\u011f\u0131, b\u0259zi da\u011f \u00e7aylar\u0131ndan q\u0131sam\u00fcdd\u0259tli sel ke\u00e7\u0259c\u0259yi ehtimal\u0131 var.<\/p>\n\n\n\n<p><strong>xxx<\/strong><\/p>\n\n\n\n<p><strong>17:55<\/strong><\/p>\n\n\n\n<p><strong>Sentyabr\u0131n 10-u ax\u015famdan 14-d\u0259k Az\u0259rbycanda k\u00fcl\u0259k g\u00fccl\u0259n\u0259c\u0259k.<\/strong><\/p>\n\n\n\n<p>Bu bar\u0259d\u0259 Milli Hidrometeorologiya Xidm\u0259ti m\u0259lumat yay\u0131b.<\/p>\n\n\n\n<p>Bak\u0131da v\u0259 Ab\u015feron yar\u0131madas\u0131nda, G\u0259nc\u0259, Tovuz, Goranboy, Da\u015fk\u0259s\u0259n, A\u011fstafa, Qazax, Qusar, X\u0131z\u0131, Qobustan, Neft\u00e7alada \u015fimal-q\u0259rb k\u00fcl\u0259yi \u0259s\u0259c\u0259k, k\u00fcl\u0259yin s\u00fcr\u0259ti 20.8-28.4 m\/san-d\u0259k g\u00fccl\u0259n\u0259c\u0259k. Bu da nar\u0131nc\u0131 x\u0259b\u0259rdarl\u0131\u011fa uy\u011fundur.<\/p>\n\n\n\n<p>Az\u0259rbaycan\u0131n dig\u0259r b\u00f6lg\u0259l\u0259rind\u0259 is\u0259 fasil\u0259l\u0259rl\u0259 \u015fimal-q\u0259rb k\u00fcl\u0259yi \u0259s\u0259c\u0259k, k\u00fcl\u0259yin s\u00fcr\u0259ti 13.9-20.7 m\/san t\u0259\u015fkil ed\u0259c\u0259k. Bu is\u0259 sar\u0131 x\u0259b\u0259rdarl\u0131q dem\u0259kdir.<\/p>\n","protected":false},"excerpt":{"rendered":"<p>Sentyabr\u0131n 10-u g\u00fcn\u00fcn ikinci yar\u0131s\u0131 \u015fimal v\u0259 q\u0259rb rayonlar\u0131ndan ba\u015flayaraq b\u00f6lg\u0259l\u0259rd\u0259 fasil\u0259l\u0259rl\u0259 leysan xarakterli ya\u011f\u0131\u015f ya\u011faca\u011f\u0131, \u015fim\u015f\u0259k \u00e7axaca\u011f\u0131 g\u00f6zl\u0259nilir. Bu bar\u0259d\u0259 Milli Hidrometeorologiya Xidm\u0259ti m\u0259lumat yay\u0131b. Ayr\u0131-ayr\u0131 yerl\u0259rd\u0259 ya\u011f\u0131nt\u0131lar\u0131n intensiv v\u0259 g\u00fccl\u00fc olaca\u011f\u0131, dolu d\u00fc\u015f\u0259c\u0259yi, y\u00fcks\u0259k da\u011fl\u0131q \u0259razil\u0259rd\u0259 is\u0259 sulu qara ke\u00e7\u0259c\u0259yi ehtimal olunur. \u00d6lk\u0259 \u0259razisind\u0259 sentyabr\u0131n 15-d\u0259k havan\u0131n temperaturunun \u00f6t\u0259n g\u00fcnl\u0259rl\u0259 m\u00fcqayis\u0259d\u0259 t\u0259dric\u0259n 5-10 &hellip;<\/p>\n","protected":false},"author":1,"featured_media":20184,"comment_status":"open","ping_status":"closed","sticky":false,"template":"","format":"standard","meta":{"footnotes":""},"categories":[1],"tags":[],"class_list":["post-20183","post","type-post","status-publish","format-standard","has-post-thumbnail","hentry","category-idman"],"_links":{"self":[{"href":"https:\/\/millitv.net\/index.php?rest_route=\/wp\/v2\/posts\/20183","targetHints":{"allow":["GET"]}}],"collection":[{"href":"https:\/\/millitv.net\/index.php?rest_route=\/wp\/v2\/posts"}],"about":[{"href":"https:\/\/millitv.net\/index.php?rest_route=\/wp\/v2\/types\/post"}],"author":[{"embeddable":true,"href":"https:\/\/millitv.net\/index.php?rest_route=\/wp\/v2\/users\/1"}],"replies":[{"embeddable":true,"href":"https:\/\/millitv.net\/index.php?rest_route=%2Fwp%2Fv2%2Fcomments&post=20183"}],"version-history":[{"count":2,"href":"https:\/\/millitv.net\/index.php?rest_route=\/wp\/v2\/posts\/20183\/revisions"}],"predecessor-version":[{"id":20186,"href":"https:\/\/millitv.net\/index.php?rest_route=\/wp\/v2\/posts\/20183\/revisions\/20186"}],"wp:featuredmedia":[{"embeddable":true,"href":"https:\/\/millitv.net\/index.php?rest_route=\/wp\/v2\/media\/20184"}],"wp:attachment":[{"href":"https:\/\/millitv.net\/index.php?rest_route=%2Fwp%2Fv2%2Fmedia&parent=20183"}],"wp:term":[{"taxonomy":"category","embeddable":true,"href":"https:\/\/millitv.net\/index.php?rest_route=%2Fwp%2Fv2%2Fcategories&post=20183"},{"taxonomy":"post_tag","embeddable":true,"href":"https:\/\/millitv.net\/index.php?rest_route=%2Fwp%2Fv2%2Ftags&post=20183"}],"curies":[{"name":"wp","href":"https:\/\/api.w.org\/{rel}","templated":true}]}}