{"id":20156,"date":"2025-09-09T14:59:06","date_gmt":"2025-09-09T14:59:06","guid":{"rendered":"https:\/\/millitv.net\/?p=20156"},"modified":"2025-09-09T14:59:07","modified_gmt":"2025-09-09T14:59:07","slug":"az%C9%99rbaycanin-m%C9%99shur-mug%C9%99nnisi-dinini-d%C9%99yisdi","status":"publish","type":"post","link":"https:\/\/millitv.net\/?p=20156","title":{"rendered":"Az\u0259rbaycan\u0131n m\u0259\u015fhur m\u00fc\u011f\u0259nnisi dinini d\u0259yi\u015fdi"},"content":{"rendered":"\n<p><strong>M\u00fc\u011f\u0259nni Ayan Babaki\u015fiyeva aktyor Kamran A\u011fabalayevin apar\u0131c\u0131l\u0131q etdiyi &#8220;Qapqara&#8221; yutub layih\u0259sind\u0259 qonaq olub.<\/strong><\/p>\n\n\n\n<p>Millitv.net Musavat.com-a istinad\u0259n x\u0259b\u0259r verir ki, s\u0259n\u0259t\u00e7i dinini d\u0259yi\u015fm\u0259sind\u0259n s\u00f6hb\u0259t a\u00e7\u0131b:<\/p>\n\n\n\n<p>&#8220;Son 3 ild\u0259 dinimi d\u0259yi\u015fib \u0130slam\u0131, m\u00fcs\u0259lmanl\u0131\u011f\u0131 q\u0259bul etmi\u015f\u0259m. H\u00fczur tapm\u0131\u015fam, daha sa\u011flam beyin\u0259 sahib\u0259m. \u018fn xo\u015fb\u0259xt, \u0259n \u00e7\u0259tin g\u00fcn\u00fcmd\u0259 Allaha s\u0131\u011f\u0131n\u0131rd\u0131m. Namaz q\u0131landa hiss etdim ki, h\u00fczurluyam. Yaralar\u0131m sa\u011fald\u0131. \u00c7ox \u00fcsyan edirdim: niy\u0259 bel\u0259 oldu? Bu q\u0259d\u0259r yax\u015f\u0131l\u0131q etdim, niy\u0259 \u015f\u0259r, b\u00f6htan oldu? \u0130slam\u0131 q\u0259bul etm\u0259k m\u0259n\u0259 yax\u015f\u0131 t\u0259sir ba\u011f\u0131\u015flad\u0131&#8221;.<\/p>\n","protected":false},"excerpt":{"rendered":"<p>M\u00fc\u011f\u0259nni Ayan Babaki\u015fiyeva aktyor Kamran A\u011fabalayevin apar\u0131c\u0131l\u0131q etdiyi &#8220;Qapqara&#8221; yutub layih\u0259sind\u0259 qonaq olub. Millitv.net Musavat.com-a istinad\u0259n x\u0259b\u0259r verir ki, s\u0259n\u0259t\u00e7i dinini d\u0259yi\u015fm\u0259sind\u0259n s\u00f6hb\u0259t a\u00e7\u0131b: &#8220;Son 3 ild\u0259 dinimi d\u0259yi\u015fib \u0130slam\u0131, m\u00fcs\u0259lmanl\u0131\u011f\u0131 q\u0259bul etmi\u015f\u0259m. H\u00fczur tapm\u0131\u015fam, daha sa\u011flam beyin\u0259 sahib\u0259m. \u018fn xo\u015fb\u0259xt, \u0259n \u00e7\u0259tin g\u00fcn\u00fcmd\u0259 Allaha s\u0131\u011f\u0131n\u0131rd\u0131m. Namaz q\u0131landa hiss etdim ki, h\u00fczurluyam. Yaralar\u0131m sa\u011fald\u0131. \u00c7ox &hellip;<\/p>\n","protected":false},"author":1,"featured_media":20157,"comment_status":"open","ping_status":"closed","sticky":false,"template":"","format":"standard","meta":{"footnotes":""},"categories":[1],"tags":[],"class_list":["post-20156","post","type-post","status-publish","format-standard","has-post-thumbnail","hentry","category-idman"],"_links":{"self":[{"href":"https:\/\/millitv.net\/index.php?rest_route=\/wp\/v2\/posts\/20156","targetHints":{"allow":["GET"]}}],"collection":[{"href":"https:\/\/millitv.net\/index.php?rest_route=\/wp\/v2\/posts"}],"about":[{"href":"https:\/\/millitv.net\/index.php?rest_route=\/wp\/v2\/types\/post"}],"author":[{"embeddable":true,"href":"https:\/\/millitv.net\/index.php?rest_route=\/wp\/v2\/users\/1"}],"replies":[{"embeddable":true,"href":"https:\/\/millitv.net\/index.php?rest_route=%2Fwp%2Fv2%2Fcomments&post=20156"}],"version-history":[{"count":1,"href":"https:\/\/millitv.net\/index.php?rest_route=\/wp\/v2\/posts\/20156\/revisions"}],"predecessor-version":[{"id":20158,"href":"https:\/\/millitv.net\/index.php?rest_route=\/wp\/v2\/posts\/20156\/revisions\/20158"}],"wp:featuredmedia":[{"embeddable":true,"href":"https:\/\/millitv.net\/index.php?rest_route=\/wp\/v2\/media\/20157"}],"wp:attachment":[{"href":"https:\/\/millitv.net\/index.php?rest_route=%2Fwp%2Fv2%2Fmedia&parent=20156"}],"wp:term":[{"taxonomy":"category","embeddable":true,"href":"https:\/\/millitv.net\/index.php?rest_route=%2Fwp%2Fv2%2Fcategories&post=20156"},{"taxonomy":"post_tag","embeddable":true,"href":"https:\/\/millitv.net\/index.php?rest_route=%2Fwp%2Fv2%2Ftags&post=20156"}],"curies":[{"name":"wp","href":"https:\/\/api.w.org\/{rel}","templated":true}]}}