{"id":20148,"date":"2025-09-09T14:56:56","date_gmt":"2025-09-09T14:56:56","guid":{"rendered":"https:\/\/millitv.net\/?p=20148"},"modified":"2025-09-09T14:56:57","modified_gmt":"2025-09-09T14:56:57","slug":"8-illik-sevgilim-m%C9%99nd%C9%99n-gizli-nisanlandi-sok","status":"publish","type":"post","link":"https:\/\/millitv.net\/?p=20148","title":{"rendered":"8 illik sevgilim m\u0259nd\u0259n gizli N\u0130\u015eANLANDI &#8211; \u015eOK"},"content":{"rendered":"\n<p><strong>Bloger Mehin Oktayl\u0131 \u015f\u0259xsi h\u0259yat\u0131 il\u0259 ba\u011fl\u0131 maraql\u0131 a\u00e7\u0131qlama verib.<\/strong><\/p>\n\n\n\n<p>O, 8 illik sevgilisinin ondan x\u0259b\u0259rsiz gizli \u015f\u0259kild\u0259 ni\u015fanlanmas\u0131ndan dan\u0131\u015f\u0131b.<\/p>\n\n\n\n<p>Mehin Oktayl\u0131 bildirib ki, uzun ill\u0259r davam ed\u0259n m\u00fcnasib\u0259td\u0259n sonra bel\u0259 bir hadis\u0259 il\u0259 qar\u015f\u0131la\u015fmas\u0131 onun \u00fc\u00e7\u00fcn g\u00f6zl\u0259nilm\u0259z olub:<\/p>\n\n\n\n<p>&#8220;M\u0259nim \u00fc\u00e7\u00fcn bu, b\u00f6y\u00fck s\u00fcrpriz v\u0259 eyni zamanda m\u0259yusedici bir an idi&#8221;.<\/p>\n\n\n\n<p>Blogerin bu etiraf\u0131 izl\u0259yicil\u0259ri aras\u0131nda b\u00f6y\u00fck maraq do\u011furub. Sosial \u015f\u0259b\u0259k\u0259l\u0259rd\u0259 payla\u015f\u0131lan a\u00e7\u0131qlama q\u0131sa m\u00fcdd\u0259td\u0259 geni\u015f m\u00fczakir\u0259l\u0259r\u0259 s\u0259b\u0259b olub.<\/p>\n\n\n\n<p>\u0130zl\u0259yicil\u0259rin bir qismi m\u00fcnasib\u0259tl\u0259rd\u0259 d\u00fcr\u00fcstl\u00fcy\u00fcn vacibliyini \u00f6n\u0259 \u00e7\u0259kibl\u0259r.(Milli.Az)<\/p>\n","protected":false},"excerpt":{"rendered":"<p>Bloger Mehin Oktayl\u0131 \u015f\u0259xsi h\u0259yat\u0131 il\u0259 ba\u011fl\u0131 maraql\u0131 a\u00e7\u0131qlama verib. O, 8 illik sevgilisinin ondan x\u0259b\u0259rsiz gizli \u015f\u0259kild\u0259 ni\u015fanlanmas\u0131ndan dan\u0131\u015f\u0131b. Mehin Oktayl\u0131 bildirib ki, uzun ill\u0259r davam ed\u0259n m\u00fcnasib\u0259td\u0259n sonra bel\u0259 bir hadis\u0259 il\u0259 qar\u015f\u0131la\u015fmas\u0131 onun \u00fc\u00e7\u00fcn g\u00f6zl\u0259nilm\u0259z olub: &#8220;M\u0259nim \u00fc\u00e7\u00fcn bu, b\u00f6y\u00fck s\u00fcrpriz v\u0259 eyni zamanda m\u0259yusedici bir an idi&#8221;. Blogerin bu etiraf\u0131 izl\u0259yicil\u0259ri &hellip;<\/p>\n","protected":false},"author":1,"featured_media":20150,"comment_status":"open","ping_status":"closed","sticky":false,"template":"","format":"standard","meta":{"footnotes":""},"categories":[1],"tags":[],"class_list":["post-20148","post","type-post","status-publish","format-standard","has-post-thumbnail","hentry","category-idman"],"_links":{"self":[{"href":"https:\/\/millitv.net\/index.php?rest_route=\/wp\/v2\/posts\/20148","targetHints":{"allow":["GET"]}}],"collection":[{"href":"https:\/\/millitv.net\/index.php?rest_route=\/wp\/v2\/posts"}],"about":[{"href":"https:\/\/millitv.net\/index.php?rest_route=\/wp\/v2\/types\/post"}],"author":[{"embeddable":true,"href":"https:\/\/millitv.net\/index.php?rest_route=\/wp\/v2\/users\/1"}],"replies":[{"embeddable":true,"href":"https:\/\/millitv.net\/index.php?rest_route=%2Fwp%2Fv2%2Fcomments&post=20148"}],"version-history":[{"count":1,"href":"https:\/\/millitv.net\/index.php?rest_route=\/wp\/v2\/posts\/20148\/revisions"}],"predecessor-version":[{"id":20151,"href":"https:\/\/millitv.net\/index.php?rest_route=\/wp\/v2\/posts\/20148\/revisions\/20151"}],"wp:featuredmedia":[{"embeddable":true,"href":"https:\/\/millitv.net\/index.php?rest_route=\/wp\/v2\/media\/20150"}],"wp:attachment":[{"href":"https:\/\/millitv.net\/index.php?rest_route=%2Fwp%2Fv2%2Fmedia&parent=20148"}],"wp:term":[{"taxonomy":"category","embeddable":true,"href":"https:\/\/millitv.net\/index.php?rest_route=%2Fwp%2Fv2%2Fcategories&post=20148"},{"taxonomy":"post_tag","embeddable":true,"href":"https:\/\/millitv.net\/index.php?rest_route=%2Fwp%2Fv2%2Ftags&post=20148"}],"curies":[{"name":"wp","href":"https:\/\/api.w.org\/{rel}","templated":true}]}}