{"id":20142,"date":"2025-09-09T14:44:14","date_gmt":"2025-09-09T14:44:14","guid":{"rendered":"https:\/\/millitv.net\/?p=20142"},"modified":"2025-09-09T14:44:15","modified_gmt":"2025-09-09T14:44:15","slug":"qadin-ifacilar-s%C9%99hn%C9%99y%C9%99-satiliq-mal-kimi-cixirlar","status":"publish","type":"post","link":"https:\/\/millitv.net\/?p=20142","title":{"rendered":"&#8220;Qad\u0131n ifa\u00e7\u0131lar s\u0259hn\u0259y\u0259 &#8220;sat\u0131l\u0131q mal&#8221; kimi \u00e7\u0131x\u0131rlar&#8221;"},"content":{"rendered":"\n<p><strong>&#8220;Qad\u0131n ifa\u00e7\u0131lar &#8220;sat\u0131l\u0131q mal&#8221; kimi \u00f6zl\u0259rini s\u0259hn\u0259y\u0259 \u00e7\u0131xard\u0131rlar. Alman\u0131n \u00fcst\u00fcn\u0259 parafin vururlar ki, par\u0131ldas\u0131n. Sil\u0259nd\u0259 g\u00f6r\u00fcrs\u0259n ki, dadl\u0131 deyil&#8221;.<\/strong><\/p>\n\n\n\n<p>Bu s\u00f6zl\u0259ri Xalq artisti Faiq A\u011fayev m\u00fc\u011f\u0259nni K\u0259rim Abasovun &#8220;Meqa \u015fou&#8221; verili\u015find\u0259 deyib. A\u011fayev xan\u0131m ifa\u00e7\u0131lar\u0131 t\u0259nqid edib:<\/p>\n\n\n\n<p>&#8220;\u00dcst\u0259g\u0259l Qafqazda, Az\u0259rbaycanda qad\u0131n \u00f6z\u00fcn\u00fc o v\u0259ziyy\u0259t\u0259 salmamal\u0131d\u0131r. El\u0259 insanlar\u0131n qar\u015f\u0131s\u0131n\u0131 k\u0259s\u0259rdim. B\u0259d\u0259nin var, qoy sevgilin, h\u0259yat yolda\u015f\u0131n onu g\u00f6rs\u00fcn. Amma efir\u0259 bel\u0259 geyinm\u0259. Gedib \u0259m\u0259liyyat edib h\u0259kiml\u0259r\u0259 pul qazand\u0131rm\u0131san. H\u0259kim d\u0259 kimd\u0259n qazanmal\u0131d\u0131r?&#8221;<\/p>\n","protected":false},"excerpt":{"rendered":"<p>&#8220;Qad\u0131n ifa\u00e7\u0131lar &#8220;sat\u0131l\u0131q mal&#8221; kimi \u00f6zl\u0259rini s\u0259hn\u0259y\u0259 \u00e7\u0131xard\u0131rlar. Alman\u0131n \u00fcst\u00fcn\u0259 parafin vururlar ki, par\u0131ldas\u0131n. Sil\u0259nd\u0259 g\u00f6r\u00fcrs\u0259n ki, dadl\u0131 deyil&#8221;. Bu s\u00f6zl\u0259ri Xalq artisti Faiq A\u011fayev m\u00fc\u011f\u0259nni K\u0259rim Abasovun &#8220;Meqa \u015fou&#8221; verili\u015find\u0259 deyib. A\u011fayev xan\u0131m ifa\u00e7\u0131lar\u0131 t\u0259nqid edib: &#8220;\u00dcst\u0259g\u0259l Qafqazda, Az\u0259rbaycanda qad\u0131n \u00f6z\u00fcn\u00fc o v\u0259ziyy\u0259t\u0259 salmamal\u0131d\u0131r. El\u0259 insanlar\u0131n qar\u015f\u0131s\u0131n\u0131 k\u0259s\u0259rdim. B\u0259d\u0259nin var, qoy sevgilin, h\u0259yat yolda\u015f\u0131n &hellip;<\/p>\n","protected":false},"author":1,"featured_media":20143,"comment_status":"open","ping_status":"closed","sticky":false,"template":"","format":"standard","meta":{"footnotes":""},"categories":[1],"tags":[],"class_list":["post-20142","post","type-post","status-publish","format-standard","has-post-thumbnail","hentry","category-idman"],"_links":{"self":[{"href":"https:\/\/millitv.net\/index.php?rest_route=\/wp\/v2\/posts\/20142","targetHints":{"allow":["GET"]}}],"collection":[{"href":"https:\/\/millitv.net\/index.php?rest_route=\/wp\/v2\/posts"}],"about":[{"href":"https:\/\/millitv.net\/index.php?rest_route=\/wp\/v2\/types\/post"}],"author":[{"embeddable":true,"href":"https:\/\/millitv.net\/index.php?rest_route=\/wp\/v2\/users\/1"}],"replies":[{"embeddable":true,"href":"https:\/\/millitv.net\/index.php?rest_route=%2Fwp%2Fv2%2Fcomments&post=20142"}],"version-history":[{"count":1,"href":"https:\/\/millitv.net\/index.php?rest_route=\/wp\/v2\/posts\/20142\/revisions"}],"predecessor-version":[{"id":20144,"href":"https:\/\/millitv.net\/index.php?rest_route=\/wp\/v2\/posts\/20142\/revisions\/20144"}],"wp:featuredmedia":[{"embeddable":true,"href":"https:\/\/millitv.net\/index.php?rest_route=\/wp\/v2\/media\/20143"}],"wp:attachment":[{"href":"https:\/\/millitv.net\/index.php?rest_route=%2Fwp%2Fv2%2Fmedia&parent=20142"}],"wp:term":[{"taxonomy":"category","embeddable":true,"href":"https:\/\/millitv.net\/index.php?rest_route=%2Fwp%2Fv2%2Fcategories&post=20142"},{"taxonomy":"post_tag","embeddable":true,"href":"https:\/\/millitv.net\/index.php?rest_route=%2Fwp%2Fv2%2Ftags&post=20142"}],"curies":[{"name":"wp","href":"https:\/\/api.w.org\/{rel}","templated":true}]}}