{"id":20132,"date":"2025-09-09T14:39:14","date_gmt":"2025-09-09T14:39:14","guid":{"rendered":"https:\/\/millitv.net\/?p=20132"},"modified":"2025-09-09T14:39:15","modified_gmt":"2025-09-09T14:39:15","slug":"miri-yusif-izmird%C9%99ki-villasini-satdi-s%C9%99b%C9%99bi-bu-imis","status":"publish","type":"post","link":"https:\/\/millitv.net\/?p=20132","title":{"rendered":"Miri Yusif \u0130zmird\u0259ki villas\u0131n\u0131 satd\u0131 &#8211; S\u0259b\u0259bi bu imi\u015f"},"content":{"rendered":"\n<p><strong>Xalq artisti Miri Yusif \u0130zmird\u0259ki villas\u0131n\u0131 sat\u0131b.<\/strong><\/p>\n\n\n\n<p>\u0130yunun \u0259vv\u0259lind\u0259 Bak\u0131ya k\u00f6\u00e7\u0259n s\u0259n\u0259t\u00e7i &#8220;X\u0259z\u0259r ax\u015fam\u0131&#8221;na m\u00fcsahib\u0259sind\u0259 \u00f6vladlar\u0131n\u0131n t\u0259hsili il\u0259 ba\u011fl\u0131 orada ya\u015fad\u0131qlar\u0131n\u0131 bildirib:<\/p>\n\n\n\n<p>&#8220;Bak\u0131n\u0131 t\u0259rk etm\u0259mi\u015fdim. M\u0259n bu xalq\u0131n artistiy\u0259m dey\u0259, Az\u0259rbaycan\u0131 he\u00e7 vaxt t\u0259rk etm\u0259y\u0259c\u0259y\u0259m. Sad\u0259c\u0259 u\u015faqlar\u0131m\u0131z orada t\u0259hsil al\u0131rd\u0131. Art\u0131q Bak\u0131dad\u0131rlar. Onlar\u0131n t\u0259hsili bitm\u0259k \u00fczr\u0259dir. D\u00fc\u015f\u00fcnd\u00fck ki, \u00f6vladlar\u0131m\u0131z az\u0259rbaycanl\u0131 oldu\u011fu \u00fc\u00e7\u00fcn \u00f6lk\u0259miz\u0259 daha \u00e7ox laz\u0131md\u0131r.<\/p>\n\n\n\n<p>Artlq h\u0259r bir \u015fey bahala\u015f\u0131b. Bizim zaman\u0131m\u0131z da q\u0131sal\u0131b, cavanl\u0131q qocal\u0131b. K\u0259narda he\u00e7 bir biznesim yoxdur. M\u0259nim \u0259n g\u00f6z\u0259l dinl\u0259yicil\u0259rim, izl\u0259yicil\u0259rim Az\u0259rbaycandad\u0131r. Sizi qoyub hara ged\u0259c\u0259y\u0259m? Bu he\u00e7 vaxt m\u00fcmk\u00fcn deyil&#8221;.<\/p>\n\n\n\n<p>(Ax\u015fam.az)<\/p>\n","protected":false},"excerpt":{"rendered":"<p>Xalq artisti Miri Yusif \u0130zmird\u0259ki villas\u0131n\u0131 sat\u0131b. \u0130yunun \u0259vv\u0259lind\u0259 Bak\u0131ya k\u00f6\u00e7\u0259n s\u0259n\u0259t\u00e7i &#8220;X\u0259z\u0259r ax\u015fam\u0131&#8221;na m\u00fcsahib\u0259sind\u0259 \u00f6vladlar\u0131n\u0131n t\u0259hsili il\u0259 ba\u011fl\u0131 orada ya\u015fad\u0131qlar\u0131n\u0131 bildirib: &#8220;Bak\u0131n\u0131 t\u0259rk etm\u0259mi\u015fdim. M\u0259n bu xalq\u0131n artistiy\u0259m dey\u0259, Az\u0259rbaycan\u0131 he\u00e7 vaxt t\u0259rk etm\u0259y\u0259c\u0259y\u0259m. Sad\u0259c\u0259 u\u015faqlar\u0131m\u0131z orada t\u0259hsil al\u0131rd\u0131. Art\u0131q Bak\u0131dad\u0131rlar. Onlar\u0131n t\u0259hsili bitm\u0259k \u00fczr\u0259dir. D\u00fc\u015f\u00fcnd\u00fck ki, \u00f6vladlar\u0131m\u0131z az\u0259rbaycanl\u0131 oldu\u011fu \u00fc\u00e7\u00fcn \u00f6lk\u0259miz\u0259 daha \u00e7ox &hellip;<\/p>\n","protected":false},"author":1,"featured_media":20133,"comment_status":"open","ping_status":"closed","sticky":false,"template":"","format":"standard","meta":{"footnotes":""},"categories":[1],"tags":[],"class_list":["post-20132","post","type-post","status-publish","format-standard","has-post-thumbnail","hentry","category-idman"],"_links":{"self":[{"href":"https:\/\/millitv.net\/index.php?rest_route=\/wp\/v2\/posts\/20132","targetHints":{"allow":["GET"]}}],"collection":[{"href":"https:\/\/millitv.net\/index.php?rest_route=\/wp\/v2\/posts"}],"about":[{"href":"https:\/\/millitv.net\/index.php?rest_route=\/wp\/v2\/types\/post"}],"author":[{"embeddable":true,"href":"https:\/\/millitv.net\/index.php?rest_route=\/wp\/v2\/users\/1"}],"replies":[{"embeddable":true,"href":"https:\/\/millitv.net\/index.php?rest_route=%2Fwp%2Fv2%2Fcomments&post=20132"}],"version-history":[{"count":1,"href":"https:\/\/millitv.net\/index.php?rest_route=\/wp\/v2\/posts\/20132\/revisions"}],"predecessor-version":[{"id":20134,"href":"https:\/\/millitv.net\/index.php?rest_route=\/wp\/v2\/posts\/20132\/revisions\/20134"}],"wp:featuredmedia":[{"embeddable":true,"href":"https:\/\/millitv.net\/index.php?rest_route=\/wp\/v2\/media\/20133"}],"wp:attachment":[{"href":"https:\/\/millitv.net\/index.php?rest_route=%2Fwp%2Fv2%2Fmedia&parent=20132"}],"wp:term":[{"taxonomy":"category","embeddable":true,"href":"https:\/\/millitv.net\/index.php?rest_route=%2Fwp%2Fv2%2Fcategories&post=20132"},{"taxonomy":"post_tag","embeddable":true,"href":"https:\/\/millitv.net\/index.php?rest_route=%2Fwp%2Fv2%2Ftags&post=20132"}],"curies":[{"name":"wp","href":"https:\/\/api.w.org\/{rel}","templated":true}]}}