{"id":20109,"date":"2025-09-09T14:24:44","date_gmt":"2025-09-09T14:24:44","guid":{"rendered":"https:\/\/millitv.net\/?p=20109"},"modified":"2025-09-09T14:24:45","modified_gmt":"2025-09-09T14:24:45","slug":"damla-aylardir-uzunu-gorm%C9%99diyi-ogluna-qovusdu","status":"publish","type":"post","link":"https:\/\/millitv.net\/?p=20109","title":{"rendered":"Damla aylard\u0131r \u00fcz\u00fcn\u00fc g\u00f6rm\u0259diyi o\u011fluna qovu\u015fdu"},"content":{"rendered":"\n<p><strong>M\u00fc\u011f\u0259nni Damla o\u011flu \u0130brahimin&nbsp;fotosunu payla\u015f\u0131b.&nbsp;<\/strong><\/p>\n\n\n\n<p>S\u0259n\u0259t\u00e7i \u015f\u0259kli hava liman\u0131nda lent\u0259 ald\u0131r\u0131b.\u00a0<\/p>\n\n\n\n<p>S\u0259n\u0259t\u00e7i Amerikada t\u0259hsil alan o\u011flunun yay t\u0259tili \u00fc\u00e7\u00fcn Bak\u0131ya g\u0259ldiyini, indi is\u0259 geri qay\u0131yd\u0131\u011f\u0131n\u0131 g\u00f6st\u0259rib.&nbsp;<\/p>\n\n\n\n<p>Qeyd ed\u0259k ki, Damla uzun m\u00fcdd\u0259tdir \u00f6vlad\u0131n\u0131 g\u00f6r\u0259 bilm\u0259diyini deyib. Buna s\u0259b\u0259b Amerika s\u0259firliyinin ona viza verm\u0259m\u0259sidir. Bel\u0259 ki, bir d\u0259f\u0259 s\u0259n\u0259t\u00e7inin AB\u015e vizas\u0131na qada\u011fa qoyulub.<\/p>\n\n\n\n<figure class=\"wp-block-image\"><img decoding=\"async\" src=\"https:\/\/axsam.az\/img\/pics\/large\/2025-09\/298819_b9ey5ms5bj.jpg\" alt=\"\" title=\"\"><\/figure>\n","protected":false},"excerpt":{"rendered":"<p>M\u00fc\u011f\u0259nni Damla o\u011flu \u0130brahimin&nbsp;fotosunu payla\u015f\u0131b.&nbsp; S\u0259n\u0259t\u00e7i \u015f\u0259kli hava liman\u0131nda lent\u0259 ald\u0131r\u0131b.\u00a0 S\u0259n\u0259t\u00e7i Amerikada t\u0259hsil alan o\u011flunun yay t\u0259tili \u00fc\u00e7\u00fcn Bak\u0131ya g\u0259ldiyini, indi is\u0259 geri qay\u0131yd\u0131\u011f\u0131n\u0131 g\u00f6st\u0259rib.&nbsp; Qeyd ed\u0259k ki, Damla uzun m\u00fcdd\u0259tdir \u00f6vlad\u0131n\u0131 g\u00f6r\u0259 bilm\u0259diyini deyib. Buna s\u0259b\u0259b Amerika s\u0259firliyinin ona viza verm\u0259m\u0259sidir. Bel\u0259 ki, bir d\u0259f\u0259 s\u0259n\u0259t\u00e7inin AB\u015e vizas\u0131na qada\u011fa qoyulub.<\/p>\n","protected":false},"author":1,"featured_media":20110,"comment_status":"open","ping_status":"closed","sticky":false,"template":"","format":"standard","meta":{"footnotes":""},"categories":[1],"tags":[],"class_list":["post-20109","post","type-post","status-publish","format-standard","has-post-thumbnail","hentry","category-idman"],"_links":{"self":[{"href":"https:\/\/millitv.net\/index.php?rest_route=\/wp\/v2\/posts\/20109","targetHints":{"allow":["GET"]}}],"collection":[{"href":"https:\/\/millitv.net\/index.php?rest_route=\/wp\/v2\/posts"}],"about":[{"href":"https:\/\/millitv.net\/index.php?rest_route=\/wp\/v2\/types\/post"}],"author":[{"embeddable":true,"href":"https:\/\/millitv.net\/index.php?rest_route=\/wp\/v2\/users\/1"}],"replies":[{"embeddable":true,"href":"https:\/\/millitv.net\/index.php?rest_route=%2Fwp%2Fv2%2Fcomments&post=20109"}],"version-history":[{"count":1,"href":"https:\/\/millitv.net\/index.php?rest_route=\/wp\/v2\/posts\/20109\/revisions"}],"predecessor-version":[{"id":20111,"href":"https:\/\/millitv.net\/index.php?rest_route=\/wp\/v2\/posts\/20109\/revisions\/20111"}],"wp:featuredmedia":[{"embeddable":true,"href":"https:\/\/millitv.net\/index.php?rest_route=\/wp\/v2\/media\/20110"}],"wp:attachment":[{"href":"https:\/\/millitv.net\/index.php?rest_route=%2Fwp%2Fv2%2Fmedia&parent=20109"}],"wp:term":[{"taxonomy":"category","embeddable":true,"href":"https:\/\/millitv.net\/index.php?rest_route=%2Fwp%2Fv2%2Fcategories&post=20109"},{"taxonomy":"post_tag","embeddable":true,"href":"https:\/\/millitv.net\/index.php?rest_route=%2Fwp%2Fv2%2Ftags&post=20109"}],"curies":[{"name":"wp","href":"https:\/\/api.w.org\/{rel}","templated":true}]}}