{"id":20105,"date":"2025-09-09T14:21:56","date_gmt":"2025-09-09T14:21:56","guid":{"rendered":"https:\/\/millitv.net\/?p=20105"},"modified":"2025-09-09T14:21:59","modified_gmt":"2025-09-09T14:21:59","slug":"nazir-afaq-b%C9%99sirqizina-ordenini-t%C9%99qdim-etdi","status":"publish","type":"post","link":"https:\/\/millitv.net\/?p=20105","title":{"rendered":"Nazir Afaq B\u0259\u015firq\u0131z\u0131na ordenini t\u0259qdim etdi"},"content":{"rendered":"\n<p><strong><a href=\"https:\/\/axsam.az\/news\/186911-ilham-eliyevden-afaq-besirqizi-ile-bagli-serencam\" target=\"_blank\" rel=\"noopener\">X\u0259b\u0259r verdiyimiz kimi,&nbsp;<\/a>Prezident \u0130lham \u018fliyevin s\u0259r\u0259ncam\u0131 il\u0259 Az\u0259rbaycan m\u0259d\u0259niyy\u0259tinin inki\u015faf\u0131nda b\u00f6y\u00fck xidm\u0259tl\u0259rin\u0259 g\u00f6r\u0259 Xalq artisti, g\u00f6rk\u0259mli teatr v\u0259 kino aktrisas\u0131 Afaq B\u0259\u015firq\u0131z\u0131 \u201c\u015e\u0259r\u0259f\u201d ordeni il\u0259 t\u0259ltif olunub.<\/strong><ins><\/ins><\/p>\n\n\n\n<p>\u00d6t\u0259n g\u00fcn Az\u0259rbaycan D\u00f6vl\u0259t Akademik Musiqili Teatr\u0131nda ke\u00e7iril\u0259n m\u0259rasimd\u0259 orden aktrisaya t\u0259qdim edilib.<\/p>\n\n\n\n<p>M\u0259d\u0259niyy\u0259t naziri Adil K\u0259rimli Afaq B\u0259\u015firq\u0131z\u0131n\u0131 70 illik yubileyi v\u0259 y\u00fcks\u0259k d\u00f6vl\u0259t t\u0259ltifi m\u00fcnasib\u0259til\u0259 t\u0259brik ed\u0259r\u0259k, onun s\u0259hn\u0259 v\u0259 ekran yarad\u0131c\u0131l\u0131\u011f\u0131n\u0131n milli m\u0259d\u0259niyy\u0259timizin inki\u015faf\u0131nda m\u00fch\u00fcm rol oynad\u0131\u011f\u0131n\u0131 vur\u011fulay\u0131b.<\/p>\n\n\n\n<p>M\u0259rasimd\u0259 aktrisaya h\u0259m\u00e7inin M\u0259d\u0259niyy\u0259t Nazirliyinin F\u0259xri diplomu v\u0259 Az\u0259rbaycan Teatr Xadiml\u0259ri \u0130ttifaq\u0131n\u0131n \u201cTeatr f\u0259daisi\u201d medal\u0131 t\u0259qdim olunub.<\/p>\n\n\n\n<figure class=\"wp-block-image\"><a href=\"https:\/\/axsam.az\/showpic_el100.jpg?yol=vE0Jh0F%2BILbQP2r6qNrU2evbLLpOCp6p0q7jSx1bMvZzfyWwXYOLSusaqLD5fWeBQ9L5KS7TIvKv1kVklefROs8nHmMnpRZQsL4F7H3ZSfovIoKlhLj1prx3lwc%2F7YJP\" target=\"_blank\" rel=\"noreferrer noopener\"><img decoding=\"async\" src=\"https:\/\/axsam.az\/showpic_el100.jpg?yol=vE0Jh0F%2BILbQP2r6qNrU2evbLLpOCp6p0q7jSx1bMvZzfyWwXYOLSusaqLD5fWeBQ9L5KS7TIvKv1kVklefROs8nHmMnpRZQsL4F7H3ZSfovIoKlhLj1prx3lwc%2F7YJP\" alt=\"\" title=\"\"><\/a><\/figure>\n\n\n\n<figure class=\"wp-block-image\"><a href=\"https:\/\/axsam.az\/showpic_el100.jpg?yol=vE0Jh0F%2BILbQP2r6qNrU2evbLLpOCp6p0q7jSx1bMvYDmcmRnvj0f46mL5omLuvCzSCpFfLoqp9pD%2F%2Bbw%2FO3JNc4cfgkIdRoJjrqDDHpVnhzIOwQfN0C4ZI%2BqAS3bo%2FT\" target=\"_blank\" rel=\"noreferrer noopener\"><img decoding=\"async\" src=\"https:\/\/axsam.az\/showpic_el100.jpg?yol=vE0Jh0F%2BILbQP2r6qNrU2evbLLpOCp6p0q7jSx1bMvYDmcmRnvj0f46mL5omLuvCzSCpFfLoqp9pD%2F%2Bbw%2FO3JNc4cfgkIdRoJjrqDDHpVnhzIOwQfN0C4ZI%2BqAS3bo%2FT\" alt=\"\" title=\"\"><\/a><\/figure>\n\n\n\n<figure class=\"wp-block-image\"><a href=\"https:\/\/axsam.az\/showpic_el100.jpg?yol=vE0Jh0F%2BILbQP2r6qNrU2evbLLpOCp6p0q7jSx1bMvbchPXZ5fSsDQ5OUBfZKq0wSzpVg0jeSyGmM1qgrspQExKqv0eRoITaPKGgQ%2BDlU0GFxMGspgUAojyHorfFqW2Q\" target=\"_blank\" rel=\"noreferrer noopener\"><img decoding=\"async\" src=\"https:\/\/axsam.az\/showpic_el100.jpg?yol=vE0Jh0F%2BILbQP2r6qNrU2evbLLpOCp6p0q7jSx1bMvbchPXZ5fSsDQ5OUBfZKq0wSzpVg0jeSyGmM1qgrspQExKqv0eRoITaPKGgQ%2BDlU0GFxMGspgUAojyHorfFqW2Q\" alt=\"\" title=\"\"><\/a><\/figure>\n\n\n\n<figure class=\"wp-block-image\"><a href=\"https:\/\/axsam.az\/showpic_el100.jpg?yol=vE0Jh0F%2BILbQP2r6qNrU2evbLLpOCp6p0q7jSx1bMvbZ%2B1n8AA6vTEbJLA80ZOsxRh%2FtD0vLC1eUYeh9vK62mAp4s%2Fjm1X9GdyhVsr4gSa9zpPl4fPOTgxC2EBqMRzc7\" target=\"_blank\" rel=\"noreferrer noopener\"><img decoding=\"async\" src=\"https:\/\/axsam.az\/showpic_el100.jpg?yol=vE0Jh0F%2BILbQP2r6qNrU2evbLLpOCp6p0q7jSx1bMvbZ%2B1n8AA6vTEbJLA80ZOsxRh%2FtD0vLC1eUYeh9vK62mAp4s%2Fjm1X9GdyhVsr4gSa9zpPl4fPOTgxC2EBqMRzc7\" alt=\"\" title=\"\"><\/a><\/figure>\n","protected":false},"excerpt":{"rendered":"<p>X\u0259b\u0259r verdiyimiz kimi,&nbsp;Prezident \u0130lham \u018fliyevin s\u0259r\u0259ncam\u0131 il\u0259 Az\u0259rbaycan m\u0259d\u0259niyy\u0259tinin inki\u015faf\u0131nda b\u00f6y\u00fck xidm\u0259tl\u0259rin\u0259 g\u00f6r\u0259 Xalq artisti, g\u00f6rk\u0259mli teatr v\u0259 kino aktrisas\u0131 Afaq B\u0259\u015firq\u0131z\u0131 \u201c\u015e\u0259r\u0259f\u201d ordeni il\u0259 t\u0259ltif olunub. \u00d6t\u0259n g\u00fcn Az\u0259rbaycan D\u00f6vl\u0259t Akademik Musiqili Teatr\u0131nda ke\u00e7iril\u0259n m\u0259rasimd\u0259 orden aktrisaya t\u0259qdim edilib. M\u0259d\u0259niyy\u0259t naziri Adil K\u0259rimli Afaq B\u0259\u015firq\u0131z\u0131n\u0131 70 illik yubileyi v\u0259 y\u00fcks\u0259k d\u00f6vl\u0259t t\u0259ltifi m\u00fcnasib\u0259til\u0259 t\u0259brik &hellip;<\/p>\n","protected":false},"author":1,"featured_media":20106,"comment_status":"open","ping_status":"closed","sticky":false,"template":"","format":"standard","meta":{"footnotes":""},"categories":[1],"tags":[],"class_list":["post-20105","post","type-post","status-publish","format-standard","has-post-thumbnail","hentry","category-idman"],"_links":{"self":[{"href":"https:\/\/millitv.net\/index.php?rest_route=\/wp\/v2\/posts\/20105","targetHints":{"allow":["GET"]}}],"collection":[{"href":"https:\/\/millitv.net\/index.php?rest_route=\/wp\/v2\/posts"}],"about":[{"href":"https:\/\/millitv.net\/index.php?rest_route=\/wp\/v2\/types\/post"}],"author":[{"embeddable":true,"href":"https:\/\/millitv.net\/index.php?rest_route=\/wp\/v2\/users\/1"}],"replies":[{"embeddable":true,"href":"https:\/\/millitv.net\/index.php?rest_route=%2Fwp%2Fv2%2Fcomments&post=20105"}],"version-history":[{"count":2,"href":"https:\/\/millitv.net\/index.php?rest_route=\/wp\/v2\/posts\/20105\/revisions"}],"predecessor-version":[{"id":20108,"href":"https:\/\/millitv.net\/index.php?rest_route=\/wp\/v2\/posts\/20105\/revisions\/20108"}],"wp:featuredmedia":[{"embeddable":true,"href":"https:\/\/millitv.net\/index.php?rest_route=\/wp\/v2\/media\/20106"}],"wp:attachment":[{"href":"https:\/\/millitv.net\/index.php?rest_route=%2Fwp%2Fv2%2Fmedia&parent=20105"}],"wp:term":[{"taxonomy":"category","embeddable":true,"href":"https:\/\/millitv.net\/index.php?rest_route=%2Fwp%2Fv2%2Fcategories&post=20105"},{"taxonomy":"post_tag","embeddable":true,"href":"https:\/\/millitv.net\/index.php?rest_route=%2Fwp%2Fv2%2Ftags&post=20105"}],"curies":[{"name":"wp","href":"https:\/\/api.w.org\/{rel}","templated":true}]}}