{"id":20097,"date":"2025-09-09T14:16:30","date_gmt":"2025-09-09T14:16:30","guid":{"rendered":"https:\/\/millitv.net\/?p=20097"},"modified":"2025-09-09T14:16:31","modified_gmt":"2025-09-09T14:16:31","slug":"hami-bacilardan-danisir-barmagina-diqqet","status":"publish","type":"post","link":"https:\/\/millitv.net\/?p=20097","title":{"rendered":"Ham\u0131 bac\u0131lardan dan\u0131\u015f\u0131r: Barma\u011f\u0131na D\u0130QQ\u018fT"},"content":{"rendered":"\n<p><strong>\u018fkiz bac\u0131lar Sevil v\u0259 Sevinc S\u0259f\u0259rovalar\u0131n payla\u015f\u0131m\u0131 diqq\u0259t \u00e7\u0259kib.&nbsp;<\/strong><ins><\/ins><\/p>\n\n\n\n<p>M\u00fc\u011f\u0259nnil\u0259rd\u0259n biri instaqramda hekay\u0259 b\u00f6l\u00fcm\u00fcnd\u0259 \u0259linin \u015f\u0259klini yay\u0131mlay\u0131b. Onun barma\u011f\u0131ndak\u0131 t\u0259k da\u015f evlilik \u00fcz\u00fcy\u00fc diqq\u0259t \u00e7\u0259kib.<\/p>\n\n\n\n<p>\u00dcz\u00fck eyni zamanda &#8220;ads\u0131z&#8221;, y\u0259ni d\u00f6rd\u00fcnc\u00fc barmaqda olmas\u0131 bir \u00e7ox sual do\u011furub.&nbsp;<\/p>\n\n\n\n<p>Qeyd ed\u0259k ki, ill\u0259r \u0259vv\u0259l bac\u0131lardan biri olan Sevilin ail\u0259 qurmas\u0131 x\u0259b\u0259ri yay\u0131lm\u0131\u015fd\u0131. \u0130fa\u00e7\u0131lar is\u0259 bunu t\u0259kzib etmi\u015fdi.<\/p>\n\n\n\n<figure class=\"wp-block-image\"><img decoding=\"async\" src=\"https:\/\/axsam.az\/img\/pics\/large\/2025-09\/298904_it08ojklsp.jpg\" alt=\"\" title=\"\"><\/figure>\n","protected":false},"excerpt":{"rendered":"<p>\u018fkiz bac\u0131lar Sevil v\u0259 Sevinc S\u0259f\u0259rovalar\u0131n payla\u015f\u0131m\u0131 diqq\u0259t \u00e7\u0259kib.&nbsp; M\u00fc\u011f\u0259nnil\u0259rd\u0259n biri instaqramda hekay\u0259 b\u00f6l\u00fcm\u00fcnd\u0259 \u0259linin \u015f\u0259klini yay\u0131mlay\u0131b. Onun barma\u011f\u0131ndak\u0131 t\u0259k da\u015f evlilik \u00fcz\u00fcy\u00fc diqq\u0259t \u00e7\u0259kib. \u00dcz\u00fck eyni zamanda &#8220;ads\u0131z&#8221;, y\u0259ni d\u00f6rd\u00fcnc\u00fc barmaqda olmas\u0131 bir \u00e7ox sual do\u011furub.&nbsp; Qeyd ed\u0259k ki, ill\u0259r \u0259vv\u0259l bac\u0131lardan biri olan Sevilin ail\u0259 qurmas\u0131 x\u0259b\u0259ri yay\u0131lm\u0131\u015fd\u0131. \u0130fa\u00e7\u0131lar is\u0259 bunu t\u0259kzib etmi\u015fdi.<\/p>\n","protected":false},"author":1,"featured_media":20098,"comment_status":"open","ping_status":"closed","sticky":false,"template":"","format":"standard","meta":{"footnotes":""},"categories":[1],"tags":[],"class_list":["post-20097","post","type-post","status-publish","format-standard","has-post-thumbnail","hentry","category-idman"],"_links":{"self":[{"href":"https:\/\/millitv.net\/index.php?rest_route=\/wp\/v2\/posts\/20097","targetHints":{"allow":["GET"]}}],"collection":[{"href":"https:\/\/millitv.net\/index.php?rest_route=\/wp\/v2\/posts"}],"about":[{"href":"https:\/\/millitv.net\/index.php?rest_route=\/wp\/v2\/types\/post"}],"author":[{"embeddable":true,"href":"https:\/\/millitv.net\/index.php?rest_route=\/wp\/v2\/users\/1"}],"replies":[{"embeddable":true,"href":"https:\/\/millitv.net\/index.php?rest_route=%2Fwp%2Fv2%2Fcomments&post=20097"}],"version-history":[{"count":2,"href":"https:\/\/millitv.net\/index.php?rest_route=\/wp\/v2\/posts\/20097\/revisions"}],"predecessor-version":[{"id":20100,"href":"https:\/\/millitv.net\/index.php?rest_route=\/wp\/v2\/posts\/20097\/revisions\/20100"}],"wp:featuredmedia":[{"embeddable":true,"href":"https:\/\/millitv.net\/index.php?rest_route=\/wp\/v2\/media\/20098"}],"wp:attachment":[{"href":"https:\/\/millitv.net\/index.php?rest_route=%2Fwp%2Fv2%2Fmedia&parent=20097"}],"wp:term":[{"taxonomy":"category","embeddable":true,"href":"https:\/\/millitv.net\/index.php?rest_route=%2Fwp%2Fv2%2Fcategories&post=20097"},{"taxonomy":"post_tag","embeddable":true,"href":"https:\/\/millitv.net\/index.php?rest_route=%2Fwp%2Fv2%2Ftags&post=20097"}],"curies":[{"name":"wp","href":"https:\/\/api.w.org\/{rel}","templated":true}]}}