{"id":20085,"date":"2025-09-09T13:55:24","date_gmt":"2025-09-09T13:55:24","guid":{"rendered":"https:\/\/millitv.net\/?p=20085"},"modified":"2025-09-09T13:55:26","modified_gmt":"2025-09-09T13:55:26","slug":"bakida-evl%C9%99r%C9%99-girm%C9%99y%C9%99-calisan-qadin-peyda-olub-video","status":"publish","type":"post","link":"https:\/\/millitv.net\/?p=20085","title":{"rendered":"Bak\u0131da evl\u0259r\u0259 girm\u0259y\u0259 \u00e7al\u0131\u015fan qad\u0131n peyda olub &#8211;\u00a0V\u0130DEO"},"content":{"rendered":"\n<p><strong>Bak\u0131n\u0131n N\u0259rimanov rayonu, Azadl\u0131q prospektind\u0259 yerl\u0259\u015f\u0259n binalar\u0131n birind\u0259 nam\u0259lum qad\u0131n bloklara daxil olaraq evl\u0259r\u0259 girm\u0259y\u0259 \u00e7al\u0131\u015f\u0131b.<\/strong><ins><\/ins><\/p>\n\n\n\n<p>Qap\u0131lardan birinin a\u00e7\u0131q oldu\u011funu g\u00f6r\u0259n qad\u0131n m\u0259nzil\u0259 daxil olub.<\/p>\n\n\n\n<p>H\u0259min g\u00f6r\u00fcnt\u00fcl\u0259ri is\u0259 sosial \u015f\u0259b\u0259k\u0259d\u0259 sakinl\u0259r payla\u015f\u0131blar.<\/p>\n\n\n\n<p>M\u0259s\u0259l\u0259 il\u0259 ba\u011fl\u0131 Daxili \u0130\u015fl\u0259r Nazirliyinin (D\u0130N) M\u0259tbuat Xidm\u0259tinin \u0259m\u0259kda\u015f\u0131 Elbrus \u0130brahimov bildirib ki, paytaxt\u0131n N\u0259rimanov rayonunda yerl\u0259\u015f\u0259n binalardan birinin m\u0259nzill\u0259rin\u0259 daxil olma\u011fa \u00e7al\u0131\u015fan nam\u0259lum qad\u0131nla ba\u011fl\u0131 yay\u0131lan g\u00f6r\u00fcnt\u00fcl\u0259r polis \u0259m\u0259kda\u015flar\u0131 t\u0259r\u0259find\u0259n ara\u015fd\u0131r\u0131l\u0131r.<\/p>\n\n\n\n<p>H\u0259min \u015f\u0259xsin saxlan\u0131lmas\u0131 istiqam\u0259tind\u0259 m\u00fcvafiq t\u0259dbirl\u0259r g\u00f6r\u00fcl\u00fcr.<\/p>\n\n\n\n<figure class=\"wp-block-embed is-type-video is-provider-youtube wp-block-embed-youtube wp-embed-aspect-16-9 wp-has-aspect-ratio\"><div class=\"wp-block-embed__wrapper\">\n<iframe loading=\"lazy\" title=\"Bak\u0131da evl\u0259r\u0259 gir\u0259n qad\u0131n kimdir? - ANBAAN G\u00d6R\u00dcNT\u00dcL\u018fR\" width=\"500\" height=\"281\" src=\"https:\/\/www.youtube.com\/embed\/tCLZZjTZRHQ?feature=oembed\" frameborder=\"0\" allow=\"accelerometer; autoplay; clipboard-write; encrypted-media; gyroscope; picture-in-picture; web-share\" referrerpolicy=\"strict-origin-when-cross-origin\" allowfullscreen><\/iframe>\n<\/div><\/figure>\n","protected":false},"excerpt":{"rendered":"<p>Bak\u0131n\u0131n N\u0259rimanov rayonu, Azadl\u0131q prospektind\u0259 yerl\u0259\u015f\u0259n binalar\u0131n birind\u0259 nam\u0259lum qad\u0131n bloklara daxil olaraq evl\u0259r\u0259 girm\u0259y\u0259 \u00e7al\u0131\u015f\u0131b. Qap\u0131lardan birinin a\u00e7\u0131q oldu\u011funu g\u00f6r\u0259n qad\u0131n m\u0259nzil\u0259 daxil olub. H\u0259min g\u00f6r\u00fcnt\u00fcl\u0259ri is\u0259 sosial \u015f\u0259b\u0259k\u0259d\u0259 sakinl\u0259r payla\u015f\u0131blar. M\u0259s\u0259l\u0259 il\u0259 ba\u011fl\u0131 Daxili \u0130\u015fl\u0259r Nazirliyinin (D\u0130N) M\u0259tbuat Xidm\u0259tinin \u0259m\u0259kda\u015f\u0131 Elbrus \u0130brahimov bildirib ki, paytaxt\u0131n N\u0259rimanov rayonunda yerl\u0259\u015f\u0259n binalardan birinin m\u0259nzill\u0259rin\u0259 daxil olma\u011fa &hellip;<\/p>\n","protected":false},"author":1,"featured_media":20086,"comment_status":"open","ping_status":"closed","sticky":false,"template":"","format":"standard","meta":{"footnotes":""},"categories":[1],"tags":[],"class_list":["post-20085","post","type-post","status-publish","format-standard","has-post-thumbnail","hentry","category-idman"],"_links":{"self":[{"href":"https:\/\/millitv.net\/index.php?rest_route=\/wp\/v2\/posts\/20085","targetHints":{"allow":["GET"]}}],"collection":[{"href":"https:\/\/millitv.net\/index.php?rest_route=\/wp\/v2\/posts"}],"about":[{"href":"https:\/\/millitv.net\/index.php?rest_route=\/wp\/v2\/types\/post"}],"author":[{"embeddable":true,"href":"https:\/\/millitv.net\/index.php?rest_route=\/wp\/v2\/users\/1"}],"replies":[{"embeddable":true,"href":"https:\/\/millitv.net\/index.php?rest_route=%2Fwp%2Fv2%2Fcomments&post=20085"}],"version-history":[{"count":1,"href":"https:\/\/millitv.net\/index.php?rest_route=\/wp\/v2\/posts\/20085\/revisions"}],"predecessor-version":[{"id":20088,"href":"https:\/\/millitv.net\/index.php?rest_route=\/wp\/v2\/posts\/20085\/revisions\/20088"}],"wp:featuredmedia":[{"embeddable":true,"href":"https:\/\/millitv.net\/index.php?rest_route=\/wp\/v2\/media\/20086"}],"wp:attachment":[{"href":"https:\/\/millitv.net\/index.php?rest_route=%2Fwp%2Fv2%2Fmedia&parent=20085"}],"wp:term":[{"taxonomy":"category","embeddable":true,"href":"https:\/\/millitv.net\/index.php?rest_route=%2Fwp%2Fv2%2Fcategories&post=20085"},{"taxonomy":"post_tag","embeddable":true,"href":"https:\/\/millitv.net\/index.php?rest_route=%2Fwp%2Fv2%2Ftags&post=20085"}],"curies":[{"name":"wp","href":"https:\/\/api.w.org\/{rel}","templated":true}]}}