{"id":20018,"date":"2025-09-09T12:54:03","date_gmt":"2025-09-09T12:54:03","guid":{"rendered":"https:\/\/millitv.net\/?p=20018"},"modified":"2025-09-09T12:54:04","modified_gmt":"2025-09-09T12:54:04","slug":"az%C9%99rbaycan-ordusunun-cinli-%C9%99sg%C9%99ri-m%C9%99n-f%C9%99xr-edir%C9%99m-ki-video","status":"publish","type":"post","link":"https:\/\/millitv.net\/?p=20018","title":{"rendered":"Az\u0259rbaycan Ordusunun \u00e7inli \u0259sg\u0259ri: M\u0259n f\u0259xr edir\u0259m ki&#8230; &#8211; V\u0130DEO"},"content":{"rendered":"\n<p><strong>Az\u0259rbaycan Ordusunda xidm\u0259t ed\u0259n \u00c7in \u0259silli \u0259sg\u0259r maraqla qar\u015f\u0131lan\u0131b.<\/strong><\/p>\n\n\n\n<p>Millitv.net APA TV-y\u0259 istinad\u0259n x\u0259b\u0259r verir ki, \u0259sg\u0259r Emin Lin h\u0259m silahda\u015flar\u0131n\u0131n, h\u0259m d\u0259 komandirl\u0259rinin h\u00f6rm\u0259tini qazan\u0131b.<\/p>\n\n\n\n<p>O, ingilis, rus v\u0259 Az\u0259rbaycan dill\u0259rind\u0259 d\u0259 s\u0259rb\u0259st dan\u0131\u015fa bilir. \u018fsg\u0259r yolda\u015flar\u0131ndan b\u0259zil\u0259ri onu Lin, b\u0259zil\u0259ri is\u0259 \u201c\u00e7inli\u201d dey\u0259 \u00e7a\u011f\u0131r\u0131r.<\/p>\n\n\n\n<p>\u201cM\u0259n f\u0259xr edir\u0259m ki, Az\u0259rbaycan Ordusunda xidm\u0259t edir\u0259m. 1 il 6 ay \u0259rzind\u0259 \u00e7ox \u015fey\u0259 uy\u011funla\u015fd\u0131m. \u0130lk d\u0259f\u0259 m\u0259ni \u00e7ox maraqla qar\u015f\u0131lad\u0131lar. Ham\u0131ya maraql\u0131 oldu ki, \u00e7inli biri Az\u0259rbaycan Ordusunda xidm\u0259t edir. H\u0259m\u00e7inin \u00c7in m\u0259tb\u0259xi nec\u0259dir, Az\u0259rbaycan m\u0259tb\u0259xin\u0259 ox\u015fay\u0131rm\u0131? \u018fslind\u0259 m\u0259n \u00c7in m\u0259tb\u0259xini o q\u0259d\u0259r d\u0259 bilmir\u0259m. Anam evd\u0259 h\u0259m Az\u0259rbaycan, h\u0259m d\u0259 \u00c7in m\u0259tb\u0259xind\u0259n yem\u0259kl\u0259r bi\u015firir\u201d,- dey\u0259 Emin Lin s\u00f6yl\u0259yib.<\/p>\n\n\n\n<p>Bildirilib ki, ail\u0259 1998-ci ild\u0259n Az\u0259rbaycanda ya\u015fay\u0131r.&nbsp;<strong>Eminin b\u00f6y\u00fck qarda\u015f\u0131 Ayd\u0131n&nbsp;<\/strong>da Az\u0259rbaycan Ordusunda xidm\u0259t edib.<\/p>\n\n\n\n<p><em>Daha \u0259trafl\u0131 s\u00fcjetd\u0259:<\/em><\/p>\n\n\n\n<figure class=\"wp-block-embed is-type-video is-provider-youtube wp-block-embed-youtube wp-embed-aspect-16-9 wp-has-aspect-ratio\"><div class=\"wp-block-embed__wrapper\">\n<iframe loading=\"lazy\" title=\"Kimi onu Lin dey\u0259 \u00e7a\u011f\u0131r\u0131r, kimi is\u0259 &quot;\u00e7inli&quot; dey\u0259 - Ordumuzun \u00e7inli \u0259sg\u0259rinin hekay\u0259si \u2013 APA TV\" width=\"500\" height=\"281\" src=\"https:\/\/www.youtube.com\/embed\/gNb7ze5dbOw?feature=oembed\" frameborder=\"0\" allow=\"accelerometer; autoplay; clipboard-write; encrypted-media; gyroscope; picture-in-picture; web-share\" referrerpolicy=\"strict-origin-when-cross-origin\" allowfullscreen><\/iframe>\n<\/div><\/figure>\n","protected":false},"excerpt":{"rendered":"<p>Az\u0259rbaycan Ordusunda xidm\u0259t ed\u0259n \u00c7in \u0259silli \u0259sg\u0259r maraqla qar\u015f\u0131lan\u0131b. Millitv.net APA TV-y\u0259 istinad\u0259n x\u0259b\u0259r verir ki, \u0259sg\u0259r Emin Lin h\u0259m silahda\u015flar\u0131n\u0131n, h\u0259m d\u0259 komandirl\u0259rinin h\u00f6rm\u0259tini qazan\u0131b. O, ingilis, rus v\u0259 Az\u0259rbaycan dill\u0259rind\u0259 d\u0259 s\u0259rb\u0259st dan\u0131\u015fa bilir. \u018fsg\u0259r yolda\u015flar\u0131ndan b\u0259zil\u0259ri onu Lin, b\u0259zil\u0259ri is\u0259 \u201c\u00e7inli\u201d dey\u0259 \u00e7a\u011f\u0131r\u0131r. \u201cM\u0259n f\u0259xr edir\u0259m ki, Az\u0259rbaycan Ordusunda xidm\u0259t edir\u0259m. 1 &hellip;<\/p>\n","protected":false},"author":1,"featured_media":20020,"comment_status":"open","ping_status":"closed","sticky":false,"template":"","format":"standard","meta":{"footnotes":""},"categories":[1],"tags":[],"class_list":["post-20018","post","type-post","status-publish","format-standard","has-post-thumbnail","hentry","category-idman"],"_links":{"self":[{"href":"https:\/\/millitv.net\/index.php?rest_route=\/wp\/v2\/posts\/20018","targetHints":{"allow":["GET"]}}],"collection":[{"href":"https:\/\/millitv.net\/index.php?rest_route=\/wp\/v2\/posts"}],"about":[{"href":"https:\/\/millitv.net\/index.php?rest_route=\/wp\/v2\/types\/post"}],"author":[{"embeddable":true,"href":"https:\/\/millitv.net\/index.php?rest_route=\/wp\/v2\/users\/1"}],"replies":[{"embeddable":true,"href":"https:\/\/millitv.net\/index.php?rest_route=%2Fwp%2Fv2%2Fcomments&post=20018"}],"version-history":[{"count":2,"href":"https:\/\/millitv.net\/index.php?rest_route=\/wp\/v2\/posts\/20018\/revisions"}],"predecessor-version":[{"id":20022,"href":"https:\/\/millitv.net\/index.php?rest_route=\/wp\/v2\/posts\/20018\/revisions\/20022"}],"wp:featuredmedia":[{"embeddable":true,"href":"https:\/\/millitv.net\/index.php?rest_route=\/wp\/v2\/media\/20020"}],"wp:attachment":[{"href":"https:\/\/millitv.net\/index.php?rest_route=%2Fwp%2Fv2%2Fmedia&parent=20018"}],"wp:term":[{"taxonomy":"category","embeddable":true,"href":"https:\/\/millitv.net\/index.php?rest_route=%2Fwp%2Fv2%2Fcategories&post=20018"},{"taxonomy":"post_tag","embeddable":true,"href":"https:\/\/millitv.net\/index.php?rest_route=%2Fwp%2Fv2%2Ftags&post=20018"}],"curies":[{"name":"wp","href":"https:\/\/api.w.org\/{rel}","templated":true}]}}