{"id":19929,"date":"2025-07-07T16:16:25","date_gmt":"2025-07-07T16:16:25","guid":{"rendered":"https:\/\/millitv.net\/?p=19929"},"modified":"2025-07-07T16:16:27","modified_gmt":"2025-07-07T16:16:27","slug":"rus-dilini-bilm%C9%99liyik-amma-danismamaliyiq","status":"publish","type":"post","link":"https:\/\/millitv.net\/?p=19929","title":{"rendered":"\u201cRus dilini bilm\u0259liyik, amma dan\u0131\u015fmamal\u0131y\u0131q&#8221;"},"content":{"rendered":"\n<p><strong>\u201cRus dilini bilm\u0259liyik, amma dan\u0131\u015fmamal\u0131y\u0131q. Dili ona g\u00f6r\u0259 bilm\u0259liyik ki, televiziyada bizim haqqm\u0131zda n\u0259l\u0259r dan\u0131\u015f\u0131ld\u0131\u011f\u0131n\u0131 anlayaq. Yeni tendesiyan\u0131 anlamaq \u00fc\u00e7\u00fcn biz\u0259 rus dili laz\u0131md\u0131r\u201d<\/strong><\/p>\n\n\n\n<p><strong>Musavat.com<\/strong>&nbsp;x\u0259b\u0259r verir ki, bu s\u00f6zl\u0259ri apar\u0131c\u0131 Ulvira Qarayeva \u201cQapqara\u201d layih\u0259sind\u0259 deyib.<\/p>\n\n\n\n<p>O, rus dili \u0259traf\u0131nda ya\u015fanan m\u00fczakir\u0259l\u0259r\u0259 bel\u0259 m\u00fcnasib\u0259t bildirib:<\/p>\n\n\n\n<p>\u201cAz\u0259rbaycan dili il\u0259 rus dili aras\u0131nda f\u0259rql\u0259r n\u0259 q\u0259d\u0259r \u00e7oxdursa, rus dili il\u0259 ingilis dili aras\u0131nda da f\u0259rq o q\u0259d\u0259rdir. G\u0259lin, ingilis dilini bil\u0259k. M\u0259n rus dilini bilir\u0259m, b\u0259z\u0259n dan\u0131\u015f\u0131ram. Amma g\u00fcnd\u0259lik dan\u0131\u015f\u0131q dilim Az\u0259rbaycan dilidir.<\/p>\n\n\n\n<p>Az\u0259rbaycan dilini populyarla\u015fd\u0131rmaq \u0259sas m\u0259s\u0259l\u0259miz olmal\u0131d\u0131r. Az\u0259rbaycan dilind\u0259 \u00e7ox v\u0259 h\u0259mi\u015f\u0259 dan\u0131\u015fmal\u0131y\u0131q. Dilimiz\u0259 sayq\u0131n\u0131 art\u0131rmal\u0131y\u0131q. G\u00fcnd\u0259lik h\u0259yat\u0131m\u0131zda rus dilin\u0259 yer verm\u0259m\u0259liyik\u201d.<\/p>\n\n\n\n<figure class=\"wp-block-embed is-type-rich is-provider-g-mme-tutucu wp-block-embed-g-mme-tutucu wp-embed-aspect-16-9 wp-has-aspect-ratio\"><div class=\"wp-block-embed__wrapper\">\n<iframe loading=\"lazy\" title=\"\u00dclvira Qarayevadan &quot;Toy olsun&quot;la ba\u011fl\u0131 \u015fok etiraf | &quot;Tolik dan\u0131\u015fmaqdan qorxur&quot; - QAPQARA\" width=\"500\" height=\"281\" src=\"https:\/\/www.youtube.com\/embed\/9UUhEB9G_A8?feature=oembed\" frameborder=\"0\" allow=\"accelerometer; autoplay; clipboard-write; encrypted-media; gyroscope; picture-in-picture; web-share\" referrerpolicy=\"strict-origin-when-cross-origin\" allowfullscreen><\/iframe>\n<\/div><\/figure>\n","protected":false},"excerpt":{"rendered":"<p>\u201cRus dilini bilm\u0259liyik, amma dan\u0131\u015fmamal\u0131y\u0131q. Dili ona g\u00f6r\u0259 bilm\u0259liyik ki, televiziyada bizim haqqm\u0131zda n\u0259l\u0259r dan\u0131\u015f\u0131ld\u0131\u011f\u0131n\u0131 anlayaq. Yeni tendesiyan\u0131 anlamaq \u00fc\u00e7\u00fcn biz\u0259 rus dili laz\u0131md\u0131r\u201d Musavat.com&nbsp;x\u0259b\u0259r verir ki, bu s\u00f6zl\u0259ri apar\u0131c\u0131 Ulvira Qarayeva \u201cQapqara\u201d layih\u0259sind\u0259 deyib. O, rus dili \u0259traf\u0131nda ya\u015fanan m\u00fczakir\u0259l\u0259r\u0259 bel\u0259 m\u00fcnasib\u0259t bildirib: \u201cAz\u0259rbaycan dili il\u0259 rus dili aras\u0131nda f\u0259rql\u0259r n\u0259 q\u0259d\u0259r \u00e7oxdursa, rus &hellip;<\/p>\n","protected":false},"author":1,"featured_media":19931,"comment_status":"open","ping_status":"closed","sticky":false,"template":"","format":"standard","meta":{"footnotes":""},"categories":[1],"tags":[],"class_list":["post-19929","post","type-post","status-publish","format-standard","has-post-thumbnail","hentry","category-idman"],"_links":{"self":[{"href":"https:\/\/millitv.net\/index.php?rest_route=\/wp\/v2\/posts\/19929","targetHints":{"allow":["GET"]}}],"collection":[{"href":"https:\/\/millitv.net\/index.php?rest_route=\/wp\/v2\/posts"}],"about":[{"href":"https:\/\/millitv.net\/index.php?rest_route=\/wp\/v2\/types\/post"}],"author":[{"embeddable":true,"href":"https:\/\/millitv.net\/index.php?rest_route=\/wp\/v2\/users\/1"}],"replies":[{"embeddable":true,"href":"https:\/\/millitv.net\/index.php?rest_route=%2Fwp%2Fv2%2Fcomments&post=19929"}],"version-history":[{"count":1,"href":"https:\/\/millitv.net\/index.php?rest_route=\/wp\/v2\/posts\/19929\/revisions"}],"predecessor-version":[{"id":19932,"href":"https:\/\/millitv.net\/index.php?rest_route=\/wp\/v2\/posts\/19929\/revisions\/19932"}],"wp:featuredmedia":[{"embeddable":true,"href":"https:\/\/millitv.net\/index.php?rest_route=\/wp\/v2\/media\/19931"}],"wp:attachment":[{"href":"https:\/\/millitv.net\/index.php?rest_route=%2Fwp%2Fv2%2Fmedia&parent=19929"}],"wp:term":[{"taxonomy":"category","embeddable":true,"href":"https:\/\/millitv.net\/index.php?rest_route=%2Fwp%2Fv2%2Fcategories&post=19929"},{"taxonomy":"post_tag","embeddable":true,"href":"https:\/\/millitv.net\/index.php?rest_route=%2Fwp%2Fv2%2Ftags&post=19929"}],"curies":[{"name":"wp","href":"https:\/\/api.w.org\/{rel}","templated":true}]}}