{"id":19825,"date":"2025-07-07T15:38:39","date_gmt":"2025-07-07T15:38:39","guid":{"rendered":"https:\/\/millitv.net\/?p=19825"},"modified":"2025-07-07T15:38:41","modified_gmt":"2025-07-07T15:38:41","slug":"136-yasinda-ata-oldu-ol%C9%99nd%C9%99-n%C9%99v%C9%99sinin-100-yasi-vardi-dunyani-heyr%C9%99t%C9%99-g%C9%99tir%C9%99n-az%C9%99rbaycanli","status":"publish","type":"post","link":"https:\/\/millitv.net\/?p=19825","title":{"rendered":"136 ya\u015f\u0131nda ata oldu, \u00f6l\u0259nd\u0259 n\u0259v\u0259sinin 100 ya\u015f\u0131 vard\u0131&#8230; \u2013\u00a0D\u00fcnyan\u0131 heyr\u0259t\u0259 g\u0259tir\u0259n az\u0259rbaycanl\u0131"},"content":{"rendered":"\n<p>\u015eir\u0259li F\u0259rz\u0259li o\u011flu M\u00fcsl\u00fcmov 1805-ci il mart\u0131n 26-da Lerik rayonunun Barzavu k\u0259ndind\u0259 do\u011fulub. \u00d6mr\u00fcn\u00fcn b\u00f6y\u00fck hiss\u0259sini Lerik da\u011flar\u0131nda \u00e7obanl\u0131q etm\u0259kl\u0259 ke\u00e7ir\u0259n \u015eir\u0259li baba 3 d\u0259f\u0259 evl\u0259nib v\u0259 23 \u00f6vlad sahibi olub.<\/p>\n\n\n\n<p>***<\/p>\n\n\n\n<p>Onun iki arvad\u0131n\u0131n ad\u0131 m\u0259lum deyil. Amma yaz\u0131lanlara inansaq, \u00f6l\u0259n g\u00fcn\u00fcn\u0259 kimi yadda\u015f\u0131 iti imi\u015f. Sonucu arvad\u0131 is\u0259 Xatun Nuriyeva olub. V\u0259 deyil\u0259n\u0259 g\u00f6r\u0259, \u015eir\u0259li M\u00fcslimov 136 ya\u015f\u0131nda olanda Xatun xan\u0131m\u0131n ondan bir q\u0131z u\u015fa\u011f\u0131 da d\u00fcnyaya g\u0259tiribmi\u015f.<\/p>\n\n\n\n<figure class=\"wp-block-image\"><img decoding=\"async\" src=\"https:\/\/www.kulis.az\/storage\/news\/2020\/september\/02\/big\/1599032865801_5dXS4qd3.webp\" alt=\"Gallery\" title=\"\"><\/figure>\n\n\n\n<p>1966-c\u0131 ild\u0259 Az\u0259rbaycan Kinostudiyas\u0131 t\u0259r\u0259find\u0259n onun haqq\u0131nda &#8220;\u015eir\u0259li da\u011fdan endi&#8221; adl\u0131 s\u0259n\u0259dli film \u00e7\u0259kilib. Uzun \u00f6m\u00fcrl\u00fcl\u00fcy\u00fcn\u0259 g\u00f6r\u0259 Ginnesin Rekordlar Kitab\u0131na d\u00fc\u015f\u00fcb.<\/p>\n\n\n\n<p>***<\/p>\n\n\n\n<p>Onun ya\u015f\u0131n\u0131 t\u0259sdiql\u0259y\u0259n yegan\u0259 s\u0259n\u0259d pasportu olub. Do\u011fum haqq\u0131nda \u015f\u0259had\u0259tnam\u0259si v\u0259 ya onu \u0259v\u0259z ed\u0259n h\u0259r hans\u0131 s\u0259n\u0259d olmad\u0131\u011f\u0131ndan, onun ya\u015f\u0131 \u015f\u00fcbh\u0259 do\u011furub. \u015eir\u0259li M\u00fcsl\u00fcmov haqq\u0131nda yay\u0131mlanan m\u0259lumatlar SSR\u0130 d\u00f6vr\u00fcn\u0259 t\u0259sad\u00fcf etdiyind\u0259n, Frans\u0131z tarix\u00e7isi v\u0259 sosioloqu Mo\u015fep Ud Tovem ke\u00e7\u0259n \u0259srin 60-c\u0131 ill\u0259rind\u0259 \u00e7ap olunmu\u015f \u00f6z\u00fcn\u00fcn &#8220;Qafqaz xalqlar\u0131 v\u0259 onlar\u0131n m\u0259d\u0259niyy\u0259ti&#8221; kitab\u0131nda \u015eir\u0259li M\u00fcsl\u00fcmovun do\u011fum tarixinin d\u00fczg\u00fcn olmamas\u0131n\u0131 g\u00f6st\u0259rm\u0259kl\u0259, 100 il\u0259 yax\u0131n ya\u015famas\u0131n\u0131, \u00f6l\u00fcm tarixinin is\u0259 1973-c\u00fc il\u0259 t\u0259sad\u00fcf etdiyini qeyd edib.<\/p>\n\n\n\n<figure class=\"wp-block-image\"><img decoding=\"async\" src=\"https:\/\/www.kulis.az\/storage\/news\/2020\/september\/02\/big\/1599033104626_TBIRdK38.jpeg\" alt=\"Gallery\" title=\"\"><\/figure>\n\n\n\n<p>B\u0259zil\u0259ri iddia edir ki, guya, \u015eir\u0259li baban\u0131n 168 il ya\u015fama\u011f\u0131 haqda deyil\u0259nl\u0259r sovet d\u00f6vr\u00fcn\u00fcn ucuz t\u0259bli\u011fat formalar\u0131ndan biri olub. Guya \u015eir\u0259li M\u00fcsl\u00fcmov kimi uzun\u00f6m\u00fcrl\u00fcl\u0259ri turistl\u0259rin qaba\u011f\u0131na \u00e7\u0131xar\u0131blar ki, qoy \u0259cn\u0259bil\u0259r g\u00f6rs\u00fcnl\u0259r ki, sovet insanlar\u0131 sad\u0259 \u0259m\u0259k hesab\u0131na nec\u0259 \u00e7ox ya\u015faya bilibl\u0259r. Ancaq Lerik uzun \u00f6m\u00fcrl\u00fcl\u0259r diyar\u0131 oldu\u011fundan onun 168 ya\u015f\u0131nda v\u0259fat etm\u0259sin\u0259 inananlar daha \u00e7oxdur.<\/p>\n\n\n\n<p>***<\/p>\n\n\n\n<p>\u015eir\u0259li M\u00fcslimovun qida rasionu bar\u0259d\u0259 yaz\u0131lanlar da birm\u0259nal\u0131 deyil. Deyil\u0259n\u0259 g\u00f6r\u0259, o, pendir, meyv\u0259, t\u0259r\u0259v\u0259z v\u0259 balla qidalan\u0131rm\u0131\u015f. Ancaq bulaq suyu i\u00e7irmi\u015f. Tez-tez Bak\u0131ya m\u00fcxt\u0259lif t\u0259dbirl\u0259r\u0259, \u00e7\u0259kili\u015fl\u0259r\u0259 \u00e7a\u011f\u0131r\u0131lan \u015eir\u0259li babaya x\u00fcsusi diyetoloqlar tutulurmu\u015f. Bir d\u0259f\u0259 Bak\u0131ya 10 g\u00fcnl\u00fck s\u0259f\u0259rind\u0259 M\u00fcsl\u00fcmov diyetik yem\u0259kl\u0259rd\u0259n bezir v\u0259 n\u00fcmayi\u015fkaran\u0259 \u015f\u0259kild\u0259 \u201cM\u0259n\u0259 \u0259t verin, \u0259t\u201d dey\u0259 az qala \u00fcsyan edir.<\/p>\n\n\n\n<figure class=\"wp-block-image\"><img decoding=\"async\" src=\"https:\/\/www.kulis.az\/storage\/news\/2020\/september\/02\/big\/1599032864677_cGDTIAEr.jpeg\" alt=\"Gallery\" title=\"\"><\/figure>\n\n\n\n<p>He\u00e7 kimd\u0259n k\u00f6m\u0259k ist\u0259m\u0259d\u0259n, g\u00f6zl\u0259m\u0259d\u0259n b\u00fct\u00fcn i\u015fl\u0259rini, o c\u00fcml\u0259d\u0259n a\u011f\u0131r i\u015fl\u0259rini \u00f6z\u00fc g\u00f6r\u00fcb. O, saxlad\u0131\u011f\u0131 s\u00fcr\u00fc il\u0259 m\u00fcnt\u0259z\u0259m olaraq h\u0259r g\u00fcn 15-20 km yol q\u0259t edir, x\u0259st\u0259 vaxt\u0131nda bel\u0259 bir i\u015f tap\u0131b m\u0259\u015f\u011ful olmal\u0131san deyirmi\u015f. T\u0259nb\u0259llik \u00f6l\u00fcm\u00fc tezl\u0259\u015fdirir.<\/p>\n\n\n\n<p><br>\u00d6l\u00fcm\u00fcn\u0259 q\u0259d\u0259r \u00f6z\u00fc \u0259kib bec\u0259r\u0259r, fiziki aktivliyini daim saxlayar, \u00e7ox yem\u0259z, daha \u00e7ox da\u011fda, yaylaqda \u00e7oban yem\u0259kl\u0259ri il\u0259 qidalanarm\u0131\u015f.<\/p>\n\n\n\n<figure class=\"wp-block-image\"><img decoding=\"async\" src=\"https:\/\/www.kulis.az\/storage\/news\/2020\/september\/02\/big\/1599033104915_KHnmxRXq.jpeg\" alt=\"Gallery\" title=\"\"><\/figure>\n\n\n\n<p>Bulaq suyundan ba\u015fqa suyu i\u00e7\u0259 bilm\u0259yib, El\u0259c\u0259 d\u0259 o he\u00e7 vaxt sat\u0131\u015fda olan \u00e7aylardan i\u00e7m\u0259yib. Y\u0131\u011fd\u0131\u011f\u0131 da\u011f, \u00e7\u0259m\u0259n, \u00e7\u00f6l bitkil\u0259rind\u0259n \u00e7aya uy\u011fun olanlar\u0131n\u0131 d\u0259ml\u0259yib. Nadir hallarda q\u0259nd yeyib.<\/p>\n\n\n\n<p>***<\/p>\n\n\n\n<p>Lerikd\u0259n ba\u015fqa he\u00e7 yerd\u0259 ya\u015famay\u0131b, iqlimini d\u0259yi\u015fm\u0259yib v\u0259 m\u00fc\u0259yy\u0259n d\u00f6vrl\u0259rd\u0259 paytaxta, rayon m\u0259rk\u0259zin\u0259 k\u00f6\u00e7m\u0259k t\u0259klifl\u0259rind\u0259n imtina edib.<\/p>\n\n\n\n<figure class=\"wp-block-image\"><img decoding=\"async\" src=\"https:\/\/www.kulis.az\/storage\/news\/2020\/september\/02\/big\/1599032866302_QjfcrH4B.jpeg\" alt=\"Gallery\" title=\"\"><\/figure>\n\n\n\n<p>Siqaret \u00e7\u0259kmirdi, i\u00e7ki i\u00e7mirdi, nadir halda bayramlarda k\u0259ndd\u0259 \u00f6zl\u0259rinin d\u00fcz\u0259ltdiyi \u00fcz\u00fcm \u00e7ax\u0131r\u0131ndan i\u00e7ib. \u201c\u0130\u015fi \u00e7ox olan, b\u00f6y\u00fck ail\u0259 saxlayan adam\u0131n i\u00e7m\u0259y\u0259 vaxt\u0131 olmaz\u201d deyib. Birc\u0259 d\u0259f\u0259 dilin\u0259 siqaret vurubmu\u015f, onda da \u00f6z\u00fcn\u00fc pis hiss edib, h\u0259kim k\u00f6m\u0259yin\u0259 ehtiyac duyub.<\/p>\n\n\n\n<p><br>***<\/p>\n\n\n\n<p>1973-c\u00fc ilin yanvar\u0131nda o, sonuncu d\u0259f\u0259 tibbi yoxlamadan ke\u00e7\u0259nd\u0259 m\u00fc\u0259yy\u0259n olunub ki, 161 sm boyu olan M\u00fcsl\u00fcmovun \u00e7\u0259kisi 56 kq-d\u0131r, d\u0259qiq\u0259d\u0259 16 d\u0259f\u0259 n\u0259f\u0259s al\u0131b-verir. \u00dcr\u0259yinin bir d\u0259qiq\u0259d\u0259 d\u00f6y\u00fcnt\u00fcs\u00fc 76 d\u0259f\u0259dir. T\u0259zyiqi is\u0259 y\u00fcz\u00fcn altm\u0131\u015fa olub.<\/p>\n\n\n\n<figure class=\"wp-block-image\"><img decoding=\"async\" src=\"https:\/\/www.kulis.az\/storage\/news\/2020\/september\/02\/big\/1599032865479_mmtM2pR3.jpeg\" alt=\"Gallery\" title=\"\"><\/figure>\n\n\n\n<p>\u015eir\u0259li M\u00fcsl\u00fcmov \u00f6mr\u00fcn\u00fcn son ill\u0259rini yataqda ke\u00e7irib. Oxuyub \u2013 yazma\u011f\u0131 is\u0259, \u00fcmumiyy\u0259tl\u0259 bacarm\u0131rm\u0131\u015f. \u015eir\u0259li baba ilk d\u0259f\u0259 \u00f6l\u00fcm\u00fcnd\u0259n bir il \u0259vv\u0259l x\u0259st\u0259l\u0259nib. V\u0259 1973-c\u00fc ild\u0259 v\u0259fat edib. O, d\u00fcnyas\u0131n\u0131 d\u0259yi\u015f\u0259nd\u0259 is\u0259 n\u0259v\u0259sinin art\u0131q 100 ya\u015f\u0131 varm\u0131\u015f.<\/p>\n\n\n\n<p>kulis.az<\/p>\n","protected":false},"excerpt":{"rendered":"<p>\u015eir\u0259li F\u0259rz\u0259li o\u011flu M\u00fcsl\u00fcmov 1805-ci il mart\u0131n 26-da Lerik rayonunun Barzavu k\u0259ndind\u0259 do\u011fulub. \u00d6mr\u00fcn\u00fcn b\u00f6y\u00fck hiss\u0259sini Lerik da\u011flar\u0131nda \u00e7obanl\u0131q etm\u0259kl\u0259 ke\u00e7ir\u0259n \u015eir\u0259li baba 3 d\u0259f\u0259 evl\u0259nib v\u0259 23 \u00f6vlad sahibi olub. *** Onun iki arvad\u0131n\u0131n ad\u0131 m\u0259lum deyil. Amma yaz\u0131lanlara inansaq, \u00f6l\u0259n g\u00fcn\u00fcn\u0259 kimi yadda\u015f\u0131 iti imi\u015f. Sonucu arvad\u0131 is\u0259 Xatun Nuriyeva olub. V\u0259 deyil\u0259n\u0259 &hellip;<\/p>\n","protected":false},"author":1,"featured_media":19826,"comment_status":"open","ping_status":"closed","sticky":false,"template":"","format":"standard","meta":{"footnotes":""},"categories":[1],"tags":[],"class_list":["post-19825","post","type-post","status-publish","format-standard","has-post-thumbnail","hentry","category-idman"],"_links":{"self":[{"href":"https:\/\/millitv.net\/index.php?rest_route=\/wp\/v2\/posts\/19825","targetHints":{"allow":["GET"]}}],"collection":[{"href":"https:\/\/millitv.net\/index.php?rest_route=\/wp\/v2\/posts"}],"about":[{"href":"https:\/\/millitv.net\/index.php?rest_route=\/wp\/v2\/types\/post"}],"author":[{"embeddable":true,"href":"https:\/\/millitv.net\/index.php?rest_route=\/wp\/v2\/users\/1"}],"replies":[{"embeddable":true,"href":"https:\/\/millitv.net\/index.php?rest_route=%2Fwp%2Fv2%2Fcomments&post=19825"}],"version-history":[{"count":1,"href":"https:\/\/millitv.net\/index.php?rest_route=\/wp\/v2\/posts\/19825\/revisions"}],"predecessor-version":[{"id":19827,"href":"https:\/\/millitv.net\/index.php?rest_route=\/wp\/v2\/posts\/19825\/revisions\/19827"}],"wp:featuredmedia":[{"embeddable":true,"href":"https:\/\/millitv.net\/index.php?rest_route=\/wp\/v2\/media\/19826"}],"wp:attachment":[{"href":"https:\/\/millitv.net\/index.php?rest_route=%2Fwp%2Fv2%2Fmedia&parent=19825"}],"wp:term":[{"taxonomy":"category","embeddable":true,"href":"https:\/\/millitv.net\/index.php?rest_route=%2Fwp%2Fv2%2Fcategories&post=19825"},{"taxonomy":"post_tag","embeddable":true,"href":"https:\/\/millitv.net\/index.php?rest_route=%2Fwp%2Fv2%2Ftags&post=19825"}],"curies":[{"name":"wp","href":"https:\/\/api.w.org\/{rel}","templated":true}]}}