{"id":19821,"date":"2025-07-07T15:37:34","date_gmt":"2025-07-07T15:37:34","guid":{"rendered":"https:\/\/millitv.net\/?p=19821"},"modified":"2025-07-07T15:37:36","modified_gmt":"2025-07-07T15:37:36","slug":"icib-aztv-d%C9%99-dava-saldi-bir-gec%C9%99y%C9%99-saclari-agardi-qizi-hec-vaxt-m%C9%99zari-ustun%C9%99-getm%C9%99di-yasar-nuri-haqda-10-nadir-fakt","status":"publish","type":"post","link":"https:\/\/millitv.net\/?p=19821","title":{"rendered":"\u0130\u00e7ib AzTV-d\u0259 dava sald\u0131, bir gec\u0259y\u0259 sa\u00e7lar\u0131 a\u011fard\u0131, q\u0131z\u0131 he\u00e7 vaxt m\u0259zar\u0131 \u00fcst\u00fcn\u0259 getm\u0259di \u2013\u00a0Ya\u015far Nuri haqda 10 nadir fakt"},"content":{"rendered":"\n<p><strong>Xalq artisti Ya\u015far Nuri &#8211; Kulis.az bu m\u00fcnasib\u0259tl\u0259 aktyor haqda 10 maraql\u0131 fakt\u0131 t\u0259qdim edir.<\/strong><\/p>\n\n\n\n<p>Aktyor M\u0259mm\u0259dsad\u0131q Nuriyevin ail\u0259sind\u0259 d\u00fcnyaya g\u00f6z a\u00e7\u0131b. U\u015faq vaxt\u0131ndan aktyorlu\u011fa meyli varm\u0131\u015f. Bunun da bir s\u0259b\u0259bi var. Bir d\u0259f\u0259 m\u0259kt\u0259b p\u0259nc\u0259r\u0259sini s\u0131nd\u0131r\u0131b, direktor deyib ki, get atan\u0131 \u00e7a\u011f\u0131r, \u015f\u00fc\u015f\u0259nin pulunu versin. Atas\u0131 m\u0259kt\u0259b\u0259 g\u0259l\u0259nd\u0259 direktor onu tan\u0131y\u0131r v\u0259 x\u0259cal\u0259t \u00e7\u0259kir, Ya\u015far\u0131 da ba\u011f\u0131\u015flay\u0131r.<\/p>\n\n\n\n<p>\u201cD\u00fc\u015f\u00fcnd\u00fcm ki, m\u0259nim ki\u00e7ik x\u0259tam\u0131, d\u0259l\u0259duzlu\u011fumu atama g\u00f6r\u0259 ke\u00e7dil\u0259r, g\u0259r\u0259k m\u0259n d\u0259 aktyor olam ki, b\u00f6y\u00fcy\u0259nd\u0259 b\u00f6y\u00fck x\u0259ta v\u0259 d\u0259l\u0259duzluqlar\u0131m\u0131 da \u00f6z\u00fcm\u0259 g\u00f6r\u0259 ke\u00e7sinl\u0259r. \u00d6z\u00fcm\u0259 b\u0259l\u0259d idim ax\u0131\u201d. \u2013 sonradan Ya\u015far Nuri o g\u00fcnl\u0259ri bel\u0259 xat\u0131rlayacaqd\u0131.<\/p>\n\n\n\n<p>***<\/p>\n\n\n\n<p>12 ya\u015f\u0131nda \u201cToy kimindir?\u201d tama\u015fas\u0131na baxma\u011fa gedir. Tama\u015faya az qalm\u0131\u015f rejissor \u0259s\u0259bilikl\u0259 deyir ki, b\u0259s dem\u0259zs\u0259nmi, Tapd\u0131q rolunu oynayan aktyor x\u0259st\u0259l\u0259nib. Aktyorlardan biri deyib, M\u0259mm\u0259dsad\u0131\u011f\u0131n o\u011flu burdad\u0131r, tama\u015fan\u0131 da \u0259zb\u0259r bilir, ne\u00e7\u0259 d\u0259f\u0259 bax\u0131b, bir yoxlayaq onu. Ya\u015far bu g\u00f6zl\u0259nilm\u0259zliy\u0259 \u00e7ox sevinib v\u0259 rolun \u00f6hd\u0259sind\u0259n g\u0259lib. \u0130lk d\u0259f\u0259 atas\u0131yla bir s\u0259hn\u0259ni payla\u015f\u0131b. H\u0259min tama\u015fada N\u0259sib\u0259 Zeynalova, L\u00fctf\u0259li Abdullayev kimi aktyorlar da vard\u0131&#8230;<\/p>\n\n\n\n<figure class=\"wp-block-image\"><img decoding=\"async\" src=\"https:\/\/www.kulis.az\/storage\/other\/1630664900017_v2nku3zi.jpg\" alt=\"\" title=\"\"><\/figure>\n\n\n\n<p>T\u0259l\u0259b\u0259 vaxt\u0131 art\u0131q populyar idi. \u018ftraf\u0131nda q\u0131zlar p\u0259rvan\u0259 kimi dolan\u0131rd\u0131. Ya\u015far is\u0259 q\u0131zlar\u0131n he\u00e7 birin\u0259 fikir vermirmi\u015f. Anas\u0131n\u0131n s\u00f6z\u00fcn\u00fc qula\u011f\u0131nda s\u0131r\u011fa edibmi\u015f: \u201cS\u0259n\u0259 q\u0131z\u0131 \u00f6z\u00fcm tapacam\u201d. El\u0259 d\u0259 olub. Q\u0131z da kim ola? Konservatoriyada t\u0259hsil alan R\u0259him\u0259 adl\u0131 uzaq qohum. Ya\u015far Nuri q\u0131z\u0131n izin\u0259 d\u00fc\u015f\u00fcr, bir-iki g\u00fcn arxas\u0131nca gedir, ax\u0131rda bezib q\u0131z\u0131n yolunu k\u0259sir v\u0259 ona deyir:<\/p>\n\n\n\n<p>&#8211; Bilirs\u0259n, n\u0259 var? Vaxt yoxdur ssenari qurma\u011fa, b\u00fct\u00fcn g\u00fcn\u00fc s\u0259hn\u0259d\u0259 ssenari il\u0259 oynay\u0131ram. Evl\u0259nirik. V\u0259ssalam.<br>Ya\u015far Nuriy\u0259 hans\u0131 q\u0131z \u201cyox\u201d dey\u0259 bil\u0259rdi ki? Evl\u0259n\u0259n kimi Dram Teatr\u0131na i\u015f\u0259 d\u0259v\u0259t olunur. Pe\u015f\u0259kar s\u0259hn\u0259d\u0259 ilk rolu da vampir obraz\u0131 olur.<\/p>\n\n\n\n<p>***<\/p>\n\n\n\n<p>Ona \u0259n \u00e7ox m\u0259\u015fhurluq g\u0259tir\u0259n televiziya tama\u015fas\u0131 \u201cS\u0259ni axtar\u0131ram\u201d olub. Fir\u0259ngiz M\u00fct\u0259llimova il\u0259 bir yerd\u0259 oynay\u0131blar v\u0259 deyil\u0259n\u0259 g\u00f6r\u0259, bundan sonra aralar\u0131nda sevgi m\u00fcnasib\u0259ti yaran\u0131b.<\/p>\n\n\n\n<p>Q\u0131z\u0131 Kulis.az a m\u00fcsahib\u0259sind\u0259 atas\u0131n\u0131n Fir\u0259ngiz xan\u0131mla m\u00fcnasib\u0259tin\u0259 bu c\u00fcr reaksiya verib:<\/p>\n\n\n\n<p>\u201c\u018fg\u0259r onlar\u0131n aras\u0131nda m\u0259h\u0259bb\u0259t olubsa, yaxud atam\u0131n Fir\u0259ngiz xan\u0131ma qar\u015f\u0131 hisl\u0259ri olubsa, bu g\u00f6z\u0259ldir\u201d.<br>Aktyorun h\u0259yat yolda\u015f\u0131 R\u0259him\u0259 xan\u0131m is\u0259 deyir: \u201cFir\u0259ngizl\u0259 olan s\u00f6hb\u0259tl\u0259r yalan idi. Ola bil\u0259rdi ki, Ya\u015far Fir\u0259ngizi sevsin. M\u0259n hiss edirdim ki, Ya\u015far ona meyil edir. &#8220;S\u0259ni axtar\u0131ram&#8221; tama\u015fas\u0131 \u00e7\u0259kil\u0259nd\u0259 d\u0259 bir \u00e7ox m\u0259s\u0259l\u0259l\u0259rd\u0259 d\u0259rin\u0259 getmirdim. \u0130ndinin \u00f6z\u00fcnd\u0259 d\u0259 siz\u0259 o vaxtlar ke\u00e7irdiyim hissin ad\u0131n\u0131 a\u00e7\u0131qlaya bilmir\u0259m. Amma qad\u0131nam da, m\u00fc\u0259yy\u0259n m\u0259nada Ya\u015far\u0131n Fir\u0259ngiz\u0259 olan hissl\u0259rini duyurdum. Bir-iki d\u0259f\u0259 \u00f6z\u00fcn\u0259 bu haqda dey\u0259nd\u0259, Ya\u015far dedi ki, biz dostuq. M\u0259n d\u0259 ona demi\u015fdim, b\u0259xtin onda g\u0259tirib ki, s\u0259n ona qar\u015f\u0131 bigan\u0259 deyils\u0259n, amma o s\u0259n\u0259 qar\u015f\u0131 bigan\u0259dir. B\u0259lk\u0259 d\u0259, Fir\u0259ngizin Ya\u015fara qar\u015f\u0131 g\u00fccl\u00fc m\u0259h\u0259bb\u0259ti olsayd\u0131, evl\u0259n\u0259rdil\u0259r. Amma Fir\u0259ngiz m\u0259n\u0259, dost oldu\u011fu insana qar\u015f\u0131 he\u00e7 vaxt el\u0259 h\u0259r\u0259k\u0259t etm\u0259zdi. H\u0259m d\u0259 h\u0259min d\u00f6vrd\u0259 onun da \u00f6z daxili al\u0259mi, \u015f\u0259xsi h\u0259yat\u0131 vard\u0131. Sad\u0259c\u0259 olaraq o tama\u015fadak\u0131 rollar\u0131 ifa ed\u0259nd\u0259n sonra qar\u015f\u0131 t\u0259r\u0259fd\u0259n birinin sevm\u0259m\u0259si m\u00fcmk\u00fcns\u00fcz idi. Onlar el\u0259 ifa edirdil\u0259r ki, buna inanmamaq olmurdu. Amma m\u0259n Fir\u0259ngizd\u0259n arxay\u0131n idim. Ba\u015fqa qad\u0131nlarla ba\u011fl\u0131 n\u0259s\u0259 e\u015fid\u0259nd\u0259 d\u0259 m\u0259n\u0259 toxunmurdu. Ya\u015far\u0131n s\u0259n\u0259tkarl\u0131\u011f\u0131 qar\u015f\u0131s\u0131nda qad\u0131n s\u00f6hb\u0259tl\u0259ri m\u0259nim \u00fc\u00e7\u00fcn c\u0131l\u0131z m\u0259s\u0259l\u0259l\u0259r idi\u201d.<\/p>\n\n\n\n<figure class=\"wp-block-image\"><img decoding=\"async\" src=\"https:\/\/www.kulis.az\/storage\/other\/1630664973953_kJRZTuFT.png\" alt=\"\" title=\"\"><\/figure>\n\n\n\n<p>Fir\u0259ngiz xan\u0131m bir d\u0259f\u0259 Ya\u015far\u0131n xan\u0131m\u0131na demi\u015fdi ki, iki q\u0131z\u0131n var, ver birini m\u0259n saxlay\u0131m. \u00c7ox q\u0259rib\u0259dir, Ya\u015far\u0131n yolda\u015f\u0131 bundan sonra da evlilikl\u0259rind\u0259 problem yaratmam\u0131\u015fd\u0131.<\/p>\n\n\n\n<p>***<\/p>\n\n\n\n<p>\u018fn b\u00f6y\u00fck arzusu kuklalar\u0131n \u0259hat\u0259sind\u0259 M\u0259\u015f\u0259di \u0130bad obraz\u0131n\u0131 oynamaq olub. Bu tama\u015fa Kukla teatr\u0131nda haz\u0131rlan\u0131r. \u018fg\u0259r s\u0259hh\u0259ti imkan vers\u0259ydi, h\u0259min tama\u015fa festivallarda y\u00fcks\u0259k u\u011fur qazana bil\u0259rdi. Amma t\u0259\u0259ss\u00fcf ki, c\u0259mi \u00fc\u00e7 d\u0259f\u0259 Kukla Teatr\u0131n\u0131n s\u0259hn\u0259sind\u0259 \u00e7\u0131x\u0131\u015f ed\u0259 bilir. El\u0259 sonuncu tama\u015fada q\u0131z\u0131 \u00dclviyy\u0259 dilxor olur. Tama\u015fa ba\u015fa \u00e7atandan sonra anas\u0131 ona deyir ki, get, atanla g\u00f6r\u00fc\u015f. O, is\u0259 yox, getmir\u0259m, m\u0259n\u0259 el\u0259 g\u0259lir ki, bu atam\u0131n son \u00e7\u0131x\u0131\u015f\u0131d\u0131r, deyir v\u0259 a\u011flay\u0131r. Ert\u0259si g\u00fcn is\u0259 Ya\u015far Nurinin anid\u0259n v\u0259ziyy\u0259ti pisl\u0259\u015fir. \u00dclviyy\u0259 Ya\u015far\u0131n \u00f6l\u00fcm\u00fcnd\u0259n \u00fc\u00e7 g\u00fcn \u0259vv\u0259l d\u0259 atas\u0131na n\u0259s\u0259 olaca\u011f\u0131n\u0131 hiss etmi\u015fdi. Atas\u0131n\u0131n \u00f6l\u00fcm\u00fcn\u0259 son iki g\u00fcn qalanda o, x\u0259st\u0259xanaya getmir. D\u00fcnyas\u0131n\u0131 d\u0259yi\u015f\u0259nd\u0259n sonra is\u0259 he\u00e7 vaxt m\u0259zar\u0131n\u0131 ziyar\u0259t etmir. Deyir, m\u0259n gedib onu da\u015f alt\u0131nda g\u00f6rm\u0259k ist\u0259mir\u0259m.<\/p>\n\n\n\n<p>***<\/p>\n\n\n\n<p>20 Yanvar hadis\u0259l\u0259rind\u0259 Ya\u015far Nuri \u00e7ox sars\u0131l\u0131r. Bir gec\u0259nin i\u00e7\u0259risind\u0259 onun sa\u00e7\u0131n\u0131n bir hiss\u0259si arxa t\u0259r\u0259fd\u0259n a\u011far\u0131r.<\/p>\n\n\n\n<figure class=\"wp-block-image\"><img decoding=\"async\" src=\"https:\/\/www.kulis.az\/storage\/other\/1630664998881_rt7WpIV2.png\" alt=\"\" title=\"\"><\/figure>\n\n\n\n<p>Yeyib-i\u00e7\u0259n biri idi, m\u0259clis adam\u0131yd\u0131. B\u0259z\u0259n bu i\u00e7ki m\u0259s\u0259l\u0259si ona problem yarad\u0131rd\u0131. \u00c7\u0259kili\u015fl\u0259r\u0259 gec gedirdi, ona g\u00f6r\u0259 \u00e7\u0259kili\u015f dayand\u0131r\u0131l\u0131rd\u0131 v\u0259 s. Bir d\u0259f\u0259 d\u00f6vl\u0259t televiziyas\u0131nda yeni il \u015f\u0259nlikl\u0259rind\u0259 \u015eaxta baba rolunda olark\u0259n i\u00e7kili v\u0259ziyy\u0259td\u0259 idi, \u00e7\u0259kili\u015fd\u0259 problem yaratm\u0131\u015fd\u0131, lakin onu sevdikl\u0259ri \u00fc\u00e7\u00fcn bu m\u0259s\u0259l\u0259nin \u00fcst\u00fc tez d\u0259 \u00f6rt\u00fclm\u00fc\u015fd\u00fc. Bir ara \u015fayi\u0259 yay\u0131lm\u0131\u015fd\u0131 ki, Ya\u015far Nuri tez \u00f6lm\u0259k \u00fc\u00e7\u00fcn i\u00e7kiy\u0259 alud\u0259 olub. Bu \u015fayi\u0259ni aktyorun q\u0131z\u0131 r\u0259dd etmi\u015fdi.<\/p>\n\n\n\n<p>***<\/p>\n\n\n\n<p>T\u00fcrkiy\u0259d\u0259 x\u0259st\u0259xanada yatanda x\u0259st\u0259xanan\u0131n i\u015f\u00e7il\u0259ri deyirmi\u015fl\u0259r ki, bir Nazarbayev burda yatanda bel\u0259 b\u00f6y\u00fck izdiham ya\u015fanm\u0131\u015fd\u0131, bir d\u0259 Ya\u015far Nuri. T\u00fcrkiy\u0259d\u0259n m\u00fcalic\u0259d\u0259n qay\u0131dandan sonra \u00fcz\u0259rind\u0259ki sistem \u015funurlar\u0131n\u0131 qopar\u0131b birba\u015fa aeroportdan teatra gedib.<\/p>\n\n\n\n<figure class=\"wp-block-image\"><img decoding=\"async\" src=\"https:\/\/www.kulis.az\/storage\/other\/1630665018111_neO7Y5z5.png\" alt=\"\" title=\"\"><\/figure>\n\n\n\n<p>Sonuncu yay\u0131lan \u00f6l\u00fcm x\u0259b\u0259ri d\u00fcz \u00e7\u0131xd\u0131. 2012-ci ilin noyabr\u0131nda b\u00f6y\u00fck aktyor d\u00fcnyas\u0131n\u0131 d\u0259yi\u015fir. \u00d6l\u00fcm\u00fc a\u011fl\u0131na g\u0259tirm\u0259s\u0259 bel\u0259 \u00f6l\u00fcm\u00fcnd\u0259n \u00fc\u00e7 g\u00fcn \u0259vv\u0259l q\u0131zlar\u0131na deyir: M\u0259n \u00f6l\u0259nd\u0259n sonra siz neyl\u0259y\u0259c\u0259ksiniz?<\/p>\n","protected":false},"excerpt":{"rendered":"<p>Xalq artisti Ya\u015far Nuri &#8211; Kulis.az bu m\u00fcnasib\u0259tl\u0259 aktyor haqda 10 maraql\u0131 fakt\u0131 t\u0259qdim edir. Aktyor M\u0259mm\u0259dsad\u0131q Nuriyevin ail\u0259sind\u0259 d\u00fcnyaya g\u00f6z a\u00e7\u0131b. U\u015faq vaxt\u0131ndan aktyorlu\u011fa meyli varm\u0131\u015f. Bunun da bir s\u0259b\u0259bi var. Bir d\u0259f\u0259 m\u0259kt\u0259b p\u0259nc\u0259r\u0259sini s\u0131nd\u0131r\u0131b, direktor deyib ki, get atan\u0131 \u00e7a\u011f\u0131r, \u015f\u00fc\u015f\u0259nin pulunu versin. Atas\u0131 m\u0259kt\u0259b\u0259 g\u0259l\u0259nd\u0259 direktor onu tan\u0131y\u0131r v\u0259 x\u0259cal\u0259t \u00e7\u0259kir, &hellip;<\/p>\n","protected":false},"author":1,"featured_media":19822,"comment_status":"open","ping_status":"closed","sticky":false,"template":"","format":"standard","meta":{"footnotes":""},"categories":[1],"tags":[],"class_list":["post-19821","post","type-post","status-publish","format-standard","has-post-thumbnail","hentry","category-idman"],"_links":{"self":[{"href":"https:\/\/millitv.net\/index.php?rest_route=\/wp\/v2\/posts\/19821","targetHints":{"allow":["GET"]}}],"collection":[{"href":"https:\/\/millitv.net\/index.php?rest_route=\/wp\/v2\/posts"}],"about":[{"href":"https:\/\/millitv.net\/index.php?rest_route=\/wp\/v2\/types\/post"}],"author":[{"embeddable":true,"href":"https:\/\/millitv.net\/index.php?rest_route=\/wp\/v2\/users\/1"}],"replies":[{"embeddable":true,"href":"https:\/\/millitv.net\/index.php?rest_route=%2Fwp%2Fv2%2Fcomments&post=19821"}],"version-history":[{"count":2,"href":"https:\/\/millitv.net\/index.php?rest_route=\/wp\/v2\/posts\/19821\/revisions"}],"predecessor-version":[{"id":19824,"href":"https:\/\/millitv.net\/index.php?rest_route=\/wp\/v2\/posts\/19821\/revisions\/19824"}],"wp:featuredmedia":[{"embeddable":true,"href":"https:\/\/millitv.net\/index.php?rest_route=\/wp\/v2\/media\/19822"}],"wp:attachment":[{"href":"https:\/\/millitv.net\/index.php?rest_route=%2Fwp%2Fv2%2Fmedia&parent=19821"}],"wp:term":[{"taxonomy":"category","embeddable":true,"href":"https:\/\/millitv.net\/index.php?rest_route=%2Fwp%2Fv2%2Fcategories&post=19821"},{"taxonomy":"post_tag","embeddable":true,"href":"https:\/\/millitv.net\/index.php?rest_route=%2Fwp%2Fv2%2Ftags&post=19821"}],"curies":[{"name":"wp","href":"https:\/\/api.w.org\/{rel}","templated":true}]}}