{"id":19806,"date":"2025-07-07T15:30:24","date_gmt":"2025-07-07T15:30:24","guid":{"rendered":"https:\/\/millitv.net\/?p=19806"},"modified":"2025-07-07T15:30:25","modified_gmt":"2025-07-07T15:30:25","slug":"ail%C9%99si-onu-atdi-ozund%C9%99n-30-yas-kicik-t%C9%99l%C9%99b%C9%99sini-aldi-dostu-is%C9%99-xalq-artisti-il%C9%99-bagli-bilm%C9%99dikl%C9%99riniz","status":"publish","type":"post","link":"https:\/\/millitv.net\/?p=19806","title":{"rendered":"Ail\u0259si onu atd\u0131, \u00f6z\u00fcnd\u0259n 30 ya\u015f ki\u00e7ik t\u0259l\u0259b\u0259sini ald\u0131, dostu is\u0259&#8230; &#8211; Xalq artisti il\u0259 ba\u011fl\u0131 bilm\u0259dikl\u0259riniz"},"content":{"rendered":"\n<p>A\u011faki\u015fi \u015e\u0259mm\u0259d o\u011flu Kaz\u0131mov 28 noyabr 1935-ci ild\u0259 A\u011fcab\u0259did\u0259 anadan olub. 1952-1957-ci ill\u0259rd\u0259 Az\u0259rbaycan D\u00f6vl\u0259t Teatr \u0130nstitutunun aktyorluq fak\u00fclt\u0259sind\u0259 t\u0259hsil al\u0131r.<\/p>\n\n\n\n<p>***<\/p>\n\n\n\n<p>1959-cu ild\u0259 Moskvada ke\u00e7iril\u0259n Az\u0259rbaycan \u018fd\u0259biyyat\u0131 v\u0259 \u0130nc\u0259s\u0259n\u0259ti Dekadas\u0131nda Akademik Dram Teatr\u0131n yarad\u0131c\u0131 qrupunun t\u0259rkibind\u0259 i\u015ftirak edir.<\/p>\n\n\n\n<p>***<\/p>\n\n\n\n<p>Ali t\u0259hsilini ba\u015fa vurandan sonra o, t\u0259yinatla Quba D\u00f6vl\u0259t Dram Teatr\u0131na ba\u015f rejissor g\u00f6nd\u0259rilir. Bir ne\u00e7\u0259 il orada i\u015fl\u0259y\u0259nd\u0259n sonra Leninqrad D\u00f6vl\u0259t Teatr, Musiqi v\u0259 Kinematoqrafiya \u0130nstitutunun rejissorluq fak\u00fclt\u0259sin\u0259 daxil olur. Leninqradda t\u0259hsilini ba\u015fa vurark\u0259n diplom i\u015fi \u0259r\u0259f\u0259sind\u0259 Kazanda Q.Kamal ad\u0131na Tatar\u0131stan D\u00f6vl\u0259t Akademik Dram Teatr\u0131nda M.Bayciyevin &#8220;Duel&#8221; dram\u0131n\u0131, diplom i\u015fi kimi is\u0259 C.Cabbarl\u0131n\u0131n &#8220;Ayd\u0131n&#8221; \u0259s\u0259rini tatarca haz\u0131rlay\u0131r.<\/p>\n\n\n\n<figure class=\"wp-block-image\"><img decoding=\"async\" src=\"https:\/\/www.kulis.az\/storage\/temp\/1633700865567_LjbgAjkW.jpeg\" alt=\"Gallery\" title=\"\"><\/figure>\n\n\n\n<p>Daha sonra Sumqay\u0131t D\u00f6vl\u0259t Musiqili Dram Teatr\u0131nda \u0259vv\u0259l ba\u015f rejissor, sonra direktor kimi \u00e7al\u0131\u015f\u0131r. &#8220;M\u00fcsib\u0259ti F\u0259xr\u0259ddin&#8221;, &#8220;Toy&#8221; &#8220;Ar\u015f\u0131n mal alan&#8221;, &#8220;Xo\u015fb\u0259xtliy\u0259 ged\u0259n yol&#8221;, &#8220;B\u00fcllur sarayda&#8221;, &#8220;Od g\u0259lini&#8221;, &#8220;Vaqif&#8221;, &#8220;\u0130kinci s\u0259s&#8221; v\u0259 ba\u015fqa tama\u015falara qurulu\u015f verir.<\/p>\n\n\n\n<p>***<\/p>\n\n\n\n<p>A\u011faki\u015fi Kaz\u0131mov 1987-ci ild\u0259 \u018fm\u0259kdar \u0130nc\u0259s\u0259n\u0259t Xadimi, 2000-ci ild\u0259 Xalq Artisti f\u0259xri adlar\u0131na layiq g\u00f6r\u00fcl\u00fcb. \u00d6mr\u00fcn\u00fcn Akademik Milli Dram Teatr\u0131na h\u0259sr ed\u0259n aktyor 2010-cu ild\u0259 teatrdan ayr\u0131l\u0131r. M\u00fcsahib\u0259l\u0259rinin birind\u0259 rejissor bu bar\u0259d\u0259 deyir:<\/p>\n\n\n\n<p><em>\u201cAlmaniyaya getmi\u015fdim. H\u0259kim m\u0259n\u0259 dedi ki, s\u0259n\u0259 n\u0259 olub, \u00f6z\u00fcn\u00fc psixoterapevt\u0259 g\u00f6st\u0259r, tir-tir titr\u0259yirs\u0259n. Dedimi, \u015foka d\u00fc\u015fm\u00fc\u015f\u0259m, \u00e7\u00fcnki sevimli teatr\u0131mdan ayr\u0131lm\u0131\u015fam, \u015fok i\u00e7ind\u0259y\u0259m. Dedi, get, ayr\u0131 teatrda i\u015fl\u0259. Dedim, yox, ax\u0131 52-ci ild\u0259n m\u0259n g\u00f6z\u00fcm\u00fc a\u00e7\u0131b bu teatrda i\u015fl\u0259mi\u015f\u0259m.\u201d<\/em><\/p>\n\n\n\n<figure class=\"wp-block-image\"><img decoding=\"async\" src=\"https:\/\/kulis.az\/storage\/news\/upload\/img-2834_1651224011.jpg\" alt=\"\" title=\"\"><\/figure>\n\n\n\n<p>Teatrdan uzaq qalan aktyor h\u0259mkar\u0131 C\u0259nn\u0259t S\u0259limova il\u0259 G\u0259nc Tama\u015fa\u00e7\u0131lar Teatr\u0131nda birg\u0259 i\u015fl\u0259m\u0259y\u0259 can atsa da, C\u0259nn\u0259t xan\u0131m ona m\u00fcsb\u0259t m\u00fcnasib\u0259t bildirm\u0259yib. Aktyor m\u00fcsahib\u0259l\u0259rinin birind\u0259 xat\u0131rlay\u0131r:<\/p>\n\n\n\n<p><em>\u201cC\u0259nn\u0259t S\u0259limovan\u0131 m\u0259n \u00f6z \u00e7iynimd\u0259 d\u00f6rd\u00fcnc\u00fc kursdan be\u015finci kursa ke\u00e7irmi\u015f\u0259m. H\u0259l\u0259 t\u0259l\u0259b\u0259 ik\u0259n o, r\u0259qs qurmal\u0131 idi v\u0259 g\u0259ldi ki, \u201cA\u011faki\u015fi, m\u0259n r\u0259qs qurmal\u0131yam r\u0259qsim bo\u015f qal\u0131b\u201d. Dedim, d\u0259li olmusan? S\u0259n Telli, m\u0259n V\u0259li, bu saat onu qurar\u0131q. Qurduq, oynad\u0131q, indiy\u0259 q\u0259d\u0259r o institutda m\u00fc\u0259lliml\u0259r o n\u00f6mr\u0259ni xat\u0131rlay\u0131r. \u0130ndi d\u0259 biz onunla bir kafedrada i\u015fl\u0259yirik, mehriban\u0131q, amma g\u00f6r\u00fcr\u0259m ki, C\u0259nn\u0259td\u0259 q\u0131sqancl\u0131q var. Deyir\u0259m, C\u0259nn\u0259t, m\u0259n d\u0259 g\u0259lim bir-iki tama\u015fa verim, deyir, m\u0259nd\u0259 yeddi rejissor var, yer yoxdur. Bax bu da var v\u0259 adam\u0131 yand\u0131r\u0131r. B\u0259s m\u0259nim vaxt\u0131mda s\u0259nin \u00f6z\u00fcn\u00fc el\u0259 be\u015f d\u0259f\u0259 \u00e7a\u011f\u0131rm\u0131\u015fd\u0131m ki, ay C\u0259nn\u0259t&#8230; G\u0259nc Tama\u015fa\u00e7\u0131lar Teatr\u0131n\u0131n ba\u015f rejissoru oldu\u011fum 20 il \u0259rzind\u0259 kiml\u0259r ist\u0259yirdi g\u0259lib orada tama\u015fa qoyurdu, \u00e7\u00fcnki m\u0259n onlardan qorxmurdum. Bilirdim ki, n\u0259 q\u0259d\u0259r tama\u015fa qoysalar, g\u0259lib m\u0259nim s\u0259viyy\u0259m\u0259 \u00e7atmayacaq. O s\u00f6zd\u0259n sonra yalvarsa da, ora getm\u0259r\u0259m\u201d.<\/em><\/p>\n\n\n\n<p>***<\/p>\n\n\n\n<p>A\u011faki\u015fi Kaz\u0131movun 120-y\u0259 yax\u0131n tama\u015fas\u0131 olsa da, o, \u00f6z\u00fc bunlardan yaln\u0131z onunu yax\u015f\u0131 hesab edib, o biri tama\u015falar\u0131na is\u0259 xaltura kimi yana\u015f\u0131b.<\/p>\n\n\n\n<figure class=\"wp-block-image\"><img decoding=\"async\" src=\"https:\/\/kulis.az\/storage\/news\/upload\/590738_1651224032.jpg\" alt=\"\" title=\"\"><\/figure>\n\n\n\n<p>Rejissor A\u011faki\u015fi Kaz\u0131mov iki d\u0259f\u0259 ail\u0259 qurub. Birinci xan\u0131m\u0131ndan ayr\u0131landan sonra o, t\u0259l\u0259b\u0259si, G\u0259nc Tama\u015fa\u00e7\u0131lar teatr\u0131n\u0131n aktrisas\u0131 Mehriban Abdullayeva il\u0259 tan\u0131\u015f olur. \u201cSol\u011fun \u00e7i\u00e7\u0259kl\u0259r\u201d televiziya tama\u015fas\u0131n\u0131n \u00e7\u0259kili\u015fl\u0259ri vaxt\u0131 onlar\u0131n i\u015fg\u00fczar m\u00fcnasib\u0259ti sevgiy\u0259 \u00e7evrilir v\u0259 A\u011faki\u015fi Kaz\u0131mov \u00f6z\u00fcnd\u0259n 30 ya\u015f ki\u00e7ik olan aktrisa il\u0259 m\u00fcnasib\u0259tl\u0259rini r\u0259smil\u0259\u015fdirir. Aktrisa m\u00fcsahib\u0259sinin birind\u0259 xat\u0131rlay\u0131r:<\/p>\n\n\n\n<p><em>\u201cA\u011faki\u015fi Kaz\u0131mov m\u0259n\u0259 h\u0259m s\u0259n\u0259td\u0259, h\u0259m d\u0259 h\u0259yatda d\u0259st\u0259k olub. E\u015fidirdi ki, onunla m\u0259nim haqq\u0131mda s\u00f6z-s\u00f6hb\u0259t g\u0259zir, m\u0259n\u0259 deyirdi, ba\u015f\u0131n\u0131 sal a\u015fa\u011f\u0131, i\u015finl\u0259 m\u0259\u015f\u011ful ol. Bu bar\u0259d\u0259 he\u00e7 vaxt a\u00e7\u0131lmazd\u0131. \u0130ndi bilir\u0259m ki, o da o s\u00f6z-s\u00f6hb\u0259tl\u0259rd\u0259n \u0259ziyy\u0259t \u00e7\u0259kib, amma \u00fcz\u0259 vurmay\u0131b. Onunla m\u0259nim haqq\u0131mda yay\u0131lan dedi-qodunun he\u00e7 bir \u0259sas\u0131 yox idi. \u0130ndiy\u0259 q\u0259d\u0259r bu bar\u0259d\u0259 n\u0259 o, n\u0259 m\u0259n dan\u0131\u015fm\u0131\u015f\u0131q. H\u0259r gec\u0259 a\u011flay\u0131rd\u0131m. Ola bil\u0259r, m\u0259hz bu \u015fayi\u0259l\u0259r bizim tez ail\u0259 qurma\u011f\u0131m\u0131za mane oldu. Bu g\u00fcn o \u0259sass\u0131z s\u00f6z-s\u00f6hb\u0259tl\u0259rin s\u0259b\u0259bkar\u0131 olan adam h\u0259yat yolda\u015f\u0131md\u0131r. Ka\u015f, el\u0259 o vaxt &#8211; o yersiz s\u00f6hb\u0259tl\u0259r yay\u0131lan vaxt evl\u0259n\u0259ydik. Onsuz da A\u011faki\u015fi Kaz\u0131movu ail\u0259si at\u0131b getmi\u015fdi. Ona qar\u015f\u0131 olan sevgim tamam ba\u015fqa bir \u015feydir. A\u011faki\u015fi il\u0259 saatlarla, g\u00fcnl\u0259rl\u0259, ill\u0259rl\u0259 durmadan s\u00f6hb\u0259t ed\u0259k, bezmirik. S\u00f6zs\u00fcz anlay\u0131r\u0131q bir-birimizi. Ya\u015f f\u0259rqi m\u0259ni qorxutmur, onun ya\u015f\u0131 75-i ke\u00e7ib, m\u0259nimki 45-i. Yaln\u0131z ona pe\u015fmanam ki, \u00e7oxdan evl\u0259nm\u0259mi\u015fik, indi \u00f6vladlar\u0131m\u0131z olard\u0131, ill\u0259ri bada verm\u0259zdik.\u201d<\/em><\/p>\n\n\n\n<figure class=\"wp-block-image\"><img decoding=\"async\" src=\"https:\/\/kulis.az\/storage\/news\/upload\/98830_1651224069.jpg\" alt=\"\" title=\"\"><\/figure>\n\n\n\n<p>A\u011faki\u015fi Kaz\u0131movun bioqrafiyas\u0131 il\u0259 ba\u011fl\u0131 daha bir maraql\u0131 m\u0259qam t\u0259krarolunmaz aktyor, Xalq artisti Yusif V\u0259liyevl\u0259 ba\u011fl\u0131d\u0131r. Bel\u0259 ki, Yusif V\u0259liyevin h\u0259yat yolda\u015f\u0131 Zemfira xan\u0131m\u0131n s\u00f6zl\u0259rin\u0259 g\u00f6r\u0259, aktyorun \u00f6l\u00fcm\u00fcn\u00fc tezl\u0259\u015fdir\u0259n rejissor A\u011faki\u015fi Kaz\u0131mov olub. Aktrisa bu bar\u0259d\u0259 deyir:<\/p>\n\n\n\n<p><em>\u201cYusifi bu d\u00fcnyadan yox ed\u0259n G\u0259nc Tama\u015fa\u00e7\u0131lar Teatr\u0131n\u0131n ba\u015f rejissoru A\u011faki\u015fi Kaz\u0131mov olub. O, h\u0259m d\u0259 biziml\u0259 qon\u015fu idi, onlar s\u0259kkizinci m\u0259rt\u0259b\u0259d\u0259 ya\u015fay\u0131rd\u0131lar, biz 9-da. Yusif r\u0259hm\u0259t\u0259 ged\u0259nd\u0259n sonra o v\u0259 arvad\u0131 m\u0259nim ba\u015f\u0131ma n\u0259 oyunlar g\u0259tirdil\u0259r. Ax\u0131rda m\u0259nim qon\u015fular\u0131m onlar\u0131 polis\u0259 verdil\u0259r. O, Yusifi teatrda repertuardan \u00e7\u0131xarm\u0131\u015fd\u0131. Yolda\u015f\u0131m \u00f6l\u0259n\u0259 q\u0259d\u0259r bu m\u00fcnasib\u0259ti g\u00f6rd\u00fc. On il bu c\u00fcr n\u0259h\u0259ng aktyor rolsuz qald\u0131. M\u0259n h\u0259tta demi\u015fdim ki, A\u011faki\u015fi Yusifin q\u0259brinin \u00fcst\u00fcn\u0259 g\u0259lm\u0259sin. Amma g\u0259ldi. Yusifl\u0259 vida m\u0259rasimi i\u015fl\u0259diyi teatrda deyil, evimizd\u0259 oldu. \u00c7\u00fcnki ona layiq oldu\u011fu qiym\u0259ti verm\u0259dil\u0259r\u201d.<\/em><\/p>\n\n\n\n<p>***<\/p>\n\n\n\n<p>A\u011faki\u015fi Kaz\u0131mov \u00f6t\u0259n il noyabr\u0131n 28-d\u0259 \u00f6z ad g\u00fcn\u00fcnd\u0259 insult ke\u00e7irir. X\u0259st\u0259xana \u015f\u0259raitind\u0259 m\u00fcalic\u0259 alsa da, s\u0259hh\u0259tind\u0259ki probleml\u0259r s\u0259ngim\u0259k bilmir. Uzun s\u00fcr\u0259n x\u0259st\u0259likd\u0259n sonra Xalq artisti bu g\u00fcn &#8211; 8 oktyabr 2021-ci ild\u0259 d\u00fcnyas\u0131n\u0131 d\u0259yi\u015fir.<\/p>\n\n\n\n<p>KUL\u0130S.AZ<\/p>\n","protected":false},"excerpt":{"rendered":"<p>A\u011faki\u015fi \u015e\u0259mm\u0259d o\u011flu Kaz\u0131mov 28 noyabr 1935-ci ild\u0259 A\u011fcab\u0259did\u0259 anadan olub. 1952-1957-ci ill\u0259rd\u0259 Az\u0259rbaycan D\u00f6vl\u0259t Teatr \u0130nstitutunun aktyorluq fak\u00fclt\u0259sind\u0259 t\u0259hsil al\u0131r. *** 1959-cu ild\u0259 Moskvada ke\u00e7iril\u0259n Az\u0259rbaycan \u018fd\u0259biyyat\u0131 v\u0259 \u0130nc\u0259s\u0259n\u0259ti Dekadas\u0131nda Akademik Dram Teatr\u0131n yarad\u0131c\u0131 qrupunun t\u0259rkibind\u0259 i\u015ftirak edir. *** Ali t\u0259hsilini ba\u015fa vurandan sonra o, t\u0259yinatla Quba D\u00f6vl\u0259t Dram Teatr\u0131na ba\u015f rejissor g\u00f6nd\u0259rilir. Bir &hellip;<\/p>\n","protected":false},"author":1,"featured_media":19807,"comment_status":"open","ping_status":"closed","sticky":false,"template":"","format":"standard","meta":{"footnotes":""},"categories":[1],"tags":[],"class_list":["post-19806","post","type-post","status-publish","format-standard","has-post-thumbnail","hentry","category-idman"],"_links":{"self":[{"href":"https:\/\/millitv.net\/index.php?rest_route=\/wp\/v2\/posts\/19806","targetHints":{"allow":["GET"]}}],"collection":[{"href":"https:\/\/millitv.net\/index.php?rest_route=\/wp\/v2\/posts"}],"about":[{"href":"https:\/\/millitv.net\/index.php?rest_route=\/wp\/v2\/types\/post"}],"author":[{"embeddable":true,"href":"https:\/\/millitv.net\/index.php?rest_route=\/wp\/v2\/users\/1"}],"replies":[{"embeddable":true,"href":"https:\/\/millitv.net\/index.php?rest_route=%2Fwp%2Fv2%2Fcomments&post=19806"}],"version-history":[{"count":1,"href":"https:\/\/millitv.net\/index.php?rest_route=\/wp\/v2\/posts\/19806\/revisions"}],"predecessor-version":[{"id":19808,"href":"https:\/\/millitv.net\/index.php?rest_route=\/wp\/v2\/posts\/19806\/revisions\/19808"}],"wp:featuredmedia":[{"embeddable":true,"href":"https:\/\/millitv.net\/index.php?rest_route=\/wp\/v2\/media\/19807"}],"wp:attachment":[{"href":"https:\/\/millitv.net\/index.php?rest_route=%2Fwp%2Fv2%2Fmedia&parent=19806"}],"wp:term":[{"taxonomy":"category","embeddable":true,"href":"https:\/\/millitv.net\/index.php?rest_route=%2Fwp%2Fv2%2Fcategories&post=19806"},{"taxonomy":"post_tag","embeddable":true,"href":"https:\/\/millitv.net\/index.php?rest_route=%2Fwp%2Fv2%2Ftags&post=19806"}],"curies":[{"name":"wp","href":"https:\/\/api.w.org\/{rel}","templated":true}]}}