{"id":19727,"date":"2025-07-07T14:55:53","date_gmt":"2025-07-07T14:55:53","guid":{"rendered":"https:\/\/millitv.net\/?p=19727"},"modified":"2025-07-07T14:55:54","modified_gmt":"2025-07-07T14:55:54","slug":"8-yasli-ogluyla-s%C9%99hid-olan-xan%C9%99nd%C9%99miz-kimdir","status":"publish","type":"post","link":"https:\/\/millitv.net\/?p=19727","title":{"rendered":"8 ya\u015fl\u0131 o\u011fluyla \u015f\u0259hid olan xan\u0259nd\u0259miz kimdir?"},"content":{"rendered":"\n<p><strong>Bu g\u00fcn tan\u0131nm\u0131\u015f xan\u0259nd\u0259 \u015eahmal\u0131 K\u00fcrdo\u011flunun an\u0131m g\u00fcn\u00fcd\u00fcr.<\/strong><\/p>\n\n\n\n<p>Kulis.az \u015f\u0259hid xan\u0259ndimizin h\u0259yat v\u0259 yarad\u0131c\u0131l\u0131\u011f\u0131 haqq\u0131nda maraql\u0131 faktlar\u0131 t\u0259qdim edir.<br><br>\u015eahmali K\u00fcrdo\u011flu 1930-cu il aprelin 12 d\u0259 A\u011fdamda anadan olub.<\/p>\n\n\n\n<p>***<\/p>\n\n\n\n<p>\u018fsl\u0259n Q\u0259rbi Az\u0259rbaycan\u0131n D\u0259r\u0259l\u0259y\u0259z mahal\u0131ndan olan \u015eahmal\u0131n\u0131n atas\u0131 Mirz\u0259qulu F\u0259t\u0259liyev \u00f6t\u0259n \u0259srin \u0259vv\u0259ll\u0259rind\u0259 erm\u0259ni z\u00fclmkarl\u0131\u011f\u0131na qar\u015f\u0131 \u00e7\u0131xan qa\u00e7aq olub. Qisas ald\u0131\u011f\u0131 da\u015fnaklar onu tapmas\u0131n dey\u0259 Qaraba\u011fa \u00fcz tutub. \u0130zini itirm\u0259k \u00fc\u00e7\u00fcn ad\u0131n\u0131 d\u0259yi\u015fib.<\/p>\n\n\n\n<p>***<\/p>\n\n\n\n<p>A\u015fqabad Universitetinin h\u00fcquq fak\u00fclt\u0259sinin, Bak\u0131 D\u00f6vl\u0259t Universitetinin filologiya fak\u00fclt\u0259sinin m\u0259zunu olan \u015eahmal\u0131 K\u00fcrdo\u011flu As\u0259f Zeynall\u0131 ad\u0131na Musiqi Kollecind\u0259 Seyid \u015eu\u015finskid\u0259n mu\u011fam t\u0259hsili al\u0131b.<\/p>\n\n\n\n<figure class=\"wp-block-image\"><img decoding=\"async\" src=\"https:\/\/www.kulis.az\/storage\/news\/2020\/july\/28\/big\/1595925352870_MXwpsff7.jpeg\" alt=\"Gallery\" title=\"\"><\/figure>\n\n\n\n<p>A\u015fqabad Universitetini bitirib v\u0259t\u0259n\u0259 qay\u0131dan \u015eahmal\u0131ya ixtisas\u0131 \u00fczr\u0259 i\u015fl\u0259m\u0259k qism\u0259t olmur. \u00c7\u00fcnki \u015eahmal\u0131n\u0131n atas\u0131n\u0131 Sovet h\u00f6kum\u0259ti vaxtil\u0259 \u00f6z \u201ckulak\u201d siyah\u0131s\u0131na salm\u0131\u015fd\u0131. Buna g\u00f6r\u0259 d\u0259 Sovet h\u00f6kum\u0259ti ona h\u00fcquq\u015f\u00fcnas i\u015fl\u0259m\u0259yi \u201cm\u0259sl\u0259h\u0259t\u201d bilm\u0259mi\u015fdi.<\/p>\n\n\n\n<p>***<\/p>\n\n\n\n<p>Atas\u0131na g\u00f6r\u0259 he\u00e7 yerd\u0259 i\u015f tapa bilm\u0259y\u0259n \u015eahmal\u0131 uzun zaman sonra rayonda m\u00fc\u0259llim kimi f\u0259aliyy\u0259t g\u00f6st\u0259rir. G\u00fcnl\u0259rin bir g\u00fcn\u00fc b\u00f6y\u00fck b\u0259st\u0259kar\u0131m\u0131z Fikr\u0259t \u018fmirov A\u011fdama g\u0259lir. Onun m\u0259qs\u0259di Opera teatr\u0131na s\u0259si olan, &#8220;Leyli v\u0259 M\u0259cnun&#8221;da oynaya bil\u0259n xan\u0259nd\u0259 tapmaq idi. \u015eahmal\u0131n\u0131 bu niyy\u0259tl\u0259 Bak\u0131ya d\u0259v\u0259t edirl\u0259r. \u015e.K\u00fcrdo\u011flu h\u0259m &#8220;Leyli v\u0259 M\u0259cnun&#8221; operas\u0131nda \u00e7\u0131x\u0131\u015f edir, h\u0259m d\u0259 filarmoniyada konsertl\u0259r verir. Bel\u0259likl\u0259, m\u0259\u015fhurluq ba\u015flay\u0131r.<\/p>\n\n\n\n<figure class=\"wp-block-image\"><img decoding=\"async\" src=\"https:\/\/www.kulis.az\/storage\/news\/2020\/july\/28\/big\/1595925347471_rR6usX4D.jpeg\" alt=\"Gallery\" title=\"\"><\/figure>\n\n\n\n<p>\u015eahmal\u0131 K\u00fcrdo\u011flu \u0259sl F\u00fczuli\u015f\u00fcnas idi. Onun oldu\u011fu m\u0259clisd\u0259 h\u0259r adam F\u00fczulid\u0259n, onun \u015feir d\u00fcnyas\u0131ndan dan\u0131\u015fma\u011fa c\u0259sar\u0259t etm\u0259zdi. S\u00f6z\u0259 o q\u0259d\u0259r h\u0259ssas idi ki, toylarda, m\u0259clisl\u0259rd\u0259 mu\u011fam oxuyanda \u0259trafdak\u0131lar\u0131 tamam unudard\u0131.<\/p>\n\n\n\n<p>***<\/p>\n\n\n\n<p>1965-ci ild\u0259, 35 ya\u015f\u0131nda \u00f6z \u201cRast\u201d\u0131n\u0131 yazd\u0131rm\u0131\u015fd\u0131. Az\u0259rbaycan radiosu il\u0259 \u015eahmal\u0131n\u0131n \u201cRast\u201d\u0131n\u0131 b\u00fct\u00fcn \u00f6lk\u0259 e\u015fidib sevmi\u015fdi.<\/p>\n\n\n\n<p>***<\/p>\n\n\n\n<p>\u015eahmal\u0131n\u0131n \u201cRast\u201d\u0131n\u0131n radioda t\u0259z\u0259-t\u0259z\u0259 s\u0259sl\u0259n\u0259n vaxtlar\u0131ym\u0131\u015f. Filarmoniya ba\u011f\u0131nda onu bu m\u00fcnasib\u0259tl\u0259 s\u0259n\u0259t dostlar\u0131 t\u0259brik edirmi\u015f. Cavan bir tar\u00e7alan xan\u0259nd\u0259ni t\u0259brik ed\u0259nd\u0259n sonra deyir, \u015eahmal\u0131 m\u00fc\u0259llim, g\u00f6z\u0259l oxumusunuz, amma se\u00e7diyiniz q\u0259z\u0259ll\u0259rin s\u00f6zl\u0259ri yaman q\u0259lizdir, ba\u015fa d\u00fc\u015fm\u0259dim.<\/p>\n\n\n\n<p>\u015eahmal\u0131 hal\u0131n\u0131 pozmadan deyir:<br>\u2013 S\u0259n ba\u015fa d\u00fc\u015fm\u0259zs\u0259n.<br>\u2013 Niy\u0259, m\u0259nim ba\u015f\u0131m ba\u015f deyil?<br>\u2013 Ba\u015f olma\u011f\u0131na, ba\u015fd\u0131 ey, F\u00fczulilik deyil, yumurtan\u0131 qab\u0131ql\u0131 yem\u0259m\u0259k \u00fc\u00e7\u00fcnd\u00fcr.<\/p>\n\n\n\n<p>***<\/p>\n\n\n\n<p>Sovet h\u00f6kum\u0259ti zaman\u0131nda bir erm\u0259ni qad\u0131n\u0131n hiyl\u0259si ucbat\u0131ndan h\u0259bs olunur. O, yeddi il \u015eu\u015fa t\u00fcrm\u0259sind\u0259 m\u0259hbus h\u0259yat\u0131 ya\u015fay\u0131b.<\/p>\n\n\n\n<p>C\u0259za\u00e7\u0259km\u0259 m\u00fc\u0259ssis\u0259sinin klubundak\u0131 s\u0259hn\u0259d\u0259 onu oxutmaq ist\u0259yibl\u0259r. Ancaq \u015eahmal\u0131 he\u00e7 bir israr\u0131, t\u0259zyiqi, \u0259lav\u0259 c\u0259zan\u0131 eynin\u0259 almadan q\u0259tiyy\u0259tl\u0259 deyib: &#8220;M\u0259n dustaq paltar\u0131nda s\u0259hn\u0259y\u0259 \u00e7\u0131xa bilm\u0259r\u0259m. Bu, s\u0259n\u0259t\u0259 h\u00f6rm\u0259tsizlikdir.&#8221;<\/p>\n\n\n\n<p>***<br><br>\u015eahmal\u0131 K\u00fcrdo\u011flunun h\u0259m d\u0259 \u00e7ox g\u00f6z\u0259l r\u0259sm \u00e7\u0259km\u0259k qabiliyy\u0259ti olub.<\/p>\n\n\n\n<p>***<\/p>\n\n\n\n<p>\u201c\u015eur\u201d ansambl\u0131n\u0131n yarad\u0131c\u0131lar\u0131ndan biri olub.<\/p>\n\n\n\n<p>***<\/p>\n\n\n\n<p>\u0130ki d\u0259f\u0259 ail\u0259 h\u0259yat\u0131 qurub. Birinci ail\u0259sind\u0259n iki o\u011flu bir q\u0131z\u0131 olub. \u0130kinci ail\u0259sind\u0259n \u00f6z ad\u0131na b\u0259nz\u0259r \u015eahim\u0259li ad\u0131n\u0131 qoydu\u011fu bir o\u011flu d\u00fcnyaya g\u0259lib.<\/p>\n\n\n\n<figure class=\"wp-block-image\"><img decoding=\"async\" src=\"https:\/\/www.kulis.az\/storage\/news\/2020\/july\/28\/big\/1595925347306_pZIuI24G.jpeg\" alt=\"Gallery\" title=\"\"><\/figure>\n\n\n\n<p>Deyil\u0259n\u0259 g\u00f6r\u0259, A\u011fdam\u0131n Qalay\u00e7\u0131lar k\u0259ndind\u0259 m\u00fcxt\u0259lif v\u0259zif\u0259l\u0259rd\u0259 \u00e7al\u0131\u015fan Muxtar M\u0259mm\u0259dov adl\u0131 n\u00fcfuzlu bir \u015f\u0259xs \u00f6l\u00fcm yata\u011f\u0131nda do\u011fmalar\u0131na bel\u0259 v\u0259siyy\u0259t edib: &#8220;Bilir\u0259m, m\u0259n \u00f6l\u0259nd\u0259 molla g\u0259tir\u0259c\u0259ksiniz. Quran oxudacaqs\u0131n\u0131z. M\u0259ni a\u011f\u0131r-\u0259ziz ed\u0259c\u0259ksiniz. Son arzumu yerin\u0259 yetirin. \u015eahmal\u0131n\u0131 tap\u0131b yan\u0131ma g\u0259tirin. Bu d\u00fcnyaya onun s\u0259siyl\u0259 &#8220;\u0259lvida&#8221; dem\u0259k ist\u0259yir\u0259m&#8221;. Ki\u015finin arzusunu xan\u0259nd\u0259y\u0259 \u00e7atd\u0131r\u0131rlar. \u015eahmal\u0131 K\u00fcrdo\u011flu g\u0259lir v\u0259 yasda &#8220;Rast&#8221; mu\u011fam\u0131n\u0131 oxuyur:<br><br>M\u0259qs\u0259dim a\u00e7maq deyildi d\u0259rdimi \u0259sla s\u0259n\u0259,<br>\u0130st\u0259dim p\u00fcnhan edim, s\u0259nd\u0259n n\u0259 p\u00fcnhan, ey t\u0259bib!<br><br>\u015eahmal\u0131n\u0131n s\u0259sinin yaratd\u0131\u011f\u0131 h\u00fczn v\u0259 a\u011f\u0131r k\u0259d\u0259r m\u0259clis\u0259 topla\u015fanlar\u0131 h\u00f6nk\u00fcr-h\u00f6nk\u00fcr a\u011flad\u0131b.<\/p>\n\n\n\n<p>***<\/p>\n\n\n\n<p>\u015eahmal\u0131 K\u00fcrdo\u011flu 1992-ci ild\u0259 A\u011fdamda h\u0259y\u0259tl\u0259rind\u0259 8 ya\u015fl\u0131 o\u011flu \u015eahim\u0259li il\u0259 birlikd\u0259 nar yey\u0259rk\u0259n h\u0259y\u0259t\u0259 d\u00fc\u015f\u0259n \u201cQrad\u201d m\u0259rmisinin partlamas\u0131 il\u0259 h\u0259lak olub.<\/p>\n","protected":false},"excerpt":{"rendered":"<p>Bu g\u00fcn tan\u0131nm\u0131\u015f xan\u0259nd\u0259 \u015eahmal\u0131 K\u00fcrdo\u011flunun an\u0131m g\u00fcn\u00fcd\u00fcr. Kulis.az \u015f\u0259hid xan\u0259ndimizin h\u0259yat v\u0259 yarad\u0131c\u0131l\u0131\u011f\u0131 haqq\u0131nda maraql\u0131 faktlar\u0131 t\u0259qdim edir.\u015eahmali K\u00fcrdo\u011flu 1930-cu il aprelin 12 d\u0259 A\u011fdamda anadan olub. *** \u018fsl\u0259n Q\u0259rbi Az\u0259rbaycan\u0131n D\u0259r\u0259l\u0259y\u0259z mahal\u0131ndan olan \u015eahmal\u0131n\u0131n atas\u0131 Mirz\u0259qulu F\u0259t\u0259liyev \u00f6t\u0259n \u0259srin \u0259vv\u0259ll\u0259rind\u0259 erm\u0259ni z\u00fclmkarl\u0131\u011f\u0131na qar\u015f\u0131 \u00e7\u0131xan qa\u00e7aq olub. Qisas ald\u0131\u011f\u0131 da\u015fnaklar onu tapmas\u0131n dey\u0259 Qaraba\u011fa &hellip;<\/p>\n","protected":false},"author":1,"featured_media":19728,"comment_status":"open","ping_status":"closed","sticky":false,"template":"","format":"standard","meta":{"footnotes":""},"categories":[1],"tags":[],"class_list":["post-19727","post","type-post","status-publish","format-standard","has-post-thumbnail","hentry","category-idman"],"_links":{"self":[{"href":"https:\/\/millitv.net\/index.php?rest_route=\/wp\/v2\/posts\/19727","targetHints":{"allow":["GET"]}}],"collection":[{"href":"https:\/\/millitv.net\/index.php?rest_route=\/wp\/v2\/posts"}],"about":[{"href":"https:\/\/millitv.net\/index.php?rest_route=\/wp\/v2\/types\/post"}],"author":[{"embeddable":true,"href":"https:\/\/millitv.net\/index.php?rest_route=\/wp\/v2\/users\/1"}],"replies":[{"embeddable":true,"href":"https:\/\/millitv.net\/index.php?rest_route=%2Fwp%2Fv2%2Fcomments&post=19727"}],"version-history":[{"count":2,"href":"https:\/\/millitv.net\/index.php?rest_route=\/wp\/v2\/posts\/19727\/revisions"}],"predecessor-version":[{"id":19730,"href":"https:\/\/millitv.net\/index.php?rest_route=\/wp\/v2\/posts\/19727\/revisions\/19730"}],"wp:featuredmedia":[{"embeddable":true,"href":"https:\/\/millitv.net\/index.php?rest_route=\/wp\/v2\/media\/19728"}],"wp:attachment":[{"href":"https:\/\/millitv.net\/index.php?rest_route=%2Fwp%2Fv2%2Fmedia&parent=19727"}],"wp:term":[{"taxonomy":"category","embeddable":true,"href":"https:\/\/millitv.net\/index.php?rest_route=%2Fwp%2Fv2%2Fcategories&post=19727"},{"taxonomy":"post_tag","embeddable":true,"href":"https:\/\/millitv.net\/index.php?rest_route=%2Fwp%2Fv2%2Ftags&post=19727"}],"curies":[{"name":"wp","href":"https:\/\/api.w.org\/{rel}","templated":true}]}}