{"id":19621,"date":"2025-07-07T08:20:05","date_gmt":"2025-07-07T08:20:05","guid":{"rendered":"https:\/\/millitv.net\/?p=19621"},"modified":"2025-07-07T08:20:09","modified_gmt":"2025-07-07T08:20:09","slug":"kecmis-nazir-miri-yusif-v%C9%99-royaya-qulaq-asiram","status":"publish","type":"post","link":"https:\/\/millitv.net\/?p=19621","title":{"rendered":"Ke\u00e7mi\u015f nazir:\u00a0&#8220;Miri Yusif v\u0259 R\u00f6yaya qulaq as\u0131ram&#8221;"},"content":{"rendered":"\n<p><strong>Kulis.az R\u0259hman Mirz\u0259lizad\u0259nin sabiq M\u0259d\u0259niyy\u0259t Naziri \u018fb\u00fclf\u0259s Qarayevl\u0259 m\u00fcsahib\u0259sini t\u0259qdim edir.<\/strong><\/p>\n\n\n\n<p><strong>&#8211; \u018fb\u00fclf\u0259s m\u00fc\u0259llim, haz\u0131rda n\u0259 i\u015fl\u0259 m\u0259\u015f\u011fulsuz?<\/strong><\/p>\n\n\n\n<p>&#8211; Az\u0259rbaycan D\u00f6vl\u0259t Turizm v\u0259 Menecment universitetind\u0259 \u00e7al\u0131\u015f\u0131ram. 6 magistrim var. Onlar\u0131n elmi r\u0259hb\u0259riy\u0259m. \u00c7ox d\u0259y\u0259rli elmi t\u0259dqiqatlar\u0131 olur. Onlarda daimi g\u00f6r\u00fc\u015f\u00fcr\u00fck, yazd\u0131qlar\u0131 t\u0259dqiqatlara \u00f6z t\u00f6vsiy\u0259l\u0259rimi verir\u0259m. Bu ay\u0131n sonuna kimi onlar\u0131n 5-i dissertasiya i\u015fl\u0259rini m\u00fcdafi\u0259 ed\u0259c\u0259kl\u0259r. \u0130nan\u0131ram ki, u\u011furlu da olacaq.<\/p>\n\n\n\n<figure class=\"wp-block-image\"><img decoding=\"async\" src=\"http:\/\/gallery.onmark.az\/upload\/gallery\/big\/a8d674cf2424f69dd59b3de62d8cec40.jpg\" alt=\"\" title=\"\"><\/figure>\n\n\n\n<p>Dig\u0259r t\u0259r\u0259fd\u0259n is\u0259 son vaxtlar turizm s\u0259nayesi il\u0259 ba\u011fl\u0131 i\u015fl\u0259r g\u00f6r\u00fcr\u0259m. M\u0259s\u0259l\u0259n, Beyn\u0259lxalq Turizm v\u0259 \u0130nvestisiya t\u0259\u015fkilat\u0131n\u0131n m\u0259\u015fv\u0259r\u0259t \u015furas\u0131n\u0131n \u00fczv\u00fcy\u0259m. D\u00fcnya turizm fondunun t\u0259dbirl\u0259rin\u0259 d\u0259v\u0259t olunuram. H\u0259min t\u0259dbirl\u0259rd\u0259 \u00e7\u0131x\u0131\u015flar edir\u0259m. Az\u0259rbaycan\u0131, \u00f6lk\u0259mizin turizm t\u0259cr\u00fcb\u0259sini t\u0259bli\u011f edir\u0259m. Bundan \u0259lav\u0259, \u0130ngilt\u0259r\u0259nin Koventri Universitetinin professoruyam. \u0130ld\u0259 iki d\u0259f\u0259 ora gedir\u0259m.<\/p>\n\n\n\n<p>Qalan vaxtlar\u0131 is\u0259 \u00f6z \u015f\u0259xsi h\u0259yat\u0131ma \u00fcst\u00fcnl\u00fck verir\u0259m.<\/p>\n\n\n\n<p><strong>&#8211; \u0130stirah\u0259tinizi nec\u0259 ke\u00e7irirsiz?<\/strong><\/p>\n\n\n\n<p>&#8211; Daha \u00e7ox ba\u011fda ya\u015fay\u0131ram. Bo\u015f vaxtlar\u0131mda m\u00fctali\u0259 edir\u0259m, idmanla m\u0259\u015f\u011ful oluram.<\/p>\n\n\n\n<p><strong>&#8211; Hans\u0131 idmanla?<\/strong><\/p>\n\n\n\n<p>&#8211; Daha \u00e7ox \u00fczg\u00fc\u00e7\u00fcl\u00fckl\u0259 m\u0259\u015f\u011fulam, lakin dig\u0259r idman n\u00f6vl\u0259ri il\u0259 d\u0259 maraqlan\u0131ram. Bundan \u0259lav\u0259 s\u0259yah\u0259tl\u0259r\u0259 \u00e7\u0131x\u0131ram.<\/p>\n\n\n\n<p><strong>&#8211; Ne\u00e7\u0259 \u00f6lk\u0259ni s\u0259yah\u0259t etmisiz?<\/strong><\/p>\n\n\n\n<p>&#8211; &#8220;Apple&#8221;-d\u0259 bir proqram var, orada getdiyin yerl\u0259ri qeyd ed\u0259 bilirs\u0259n. Lap k\u00f6hn\u0259 d\u00f6vrl\u0259rd\u0259n getdiyim \u00f6lk\u0259l\u0259ri orada yadda\u015fda saxlay\u0131rd\u0131m. T\u0259xmin\u0259n d\u00fcnya \u00f6lk\u0259l\u0259rinin 40 faizind\u0259 olmu\u015fam.<\/p>\n\n\n\n<figure class=\"wp-block-image\"><img decoding=\"async\" src=\"http:\/\/gallery.onmark.az\/upload\/gallery\/big\/54609c27d2bda8c8108e74f0e5ee842e.jpg\" alt=\"\" title=\"\"><\/figure>\n\n\n\n<p><strong>&#8211; \u018fn sevdiyiniz \u015f\u0259h\u0259r hans\u0131d\u0131r?<\/strong><\/p>\n\n\n\n<p>&#8211; Bak\u0131&#8230;<\/p>\n\n\n\n<p><strong>&#8211; Bak\u0131dan ba\u015fqa.<\/strong><\/p>\n\n\n\n<p>&#8211; \u0130stanbul v\u0259 Londonu sevir\u0259m. Bu \u015f\u0259h\u0259rl\u0259rin \u00f6z\u00fcn\u0259m\u0259xsus h\u0259yat ritmi var. Daha \u00e7ox ora gedir\u0259m. \u00c7\u00fcnki n\u0259v\u0259l\u0259rim Londonda oxuyur.<\/p>\n\n\n\n<p><strong>&#8211; H\u0259m d\u0259 m\u00fc\u0259llimlikl\u0259 m\u0259\u015f\u011fulsuz. \u00d6z\u00fcn\u00fcz\u00fc nazir, ya m\u00fc\u0259llim kimi daha rahat hiss edirsiz?<\/strong><\/p>\n\n\n\n<p>&#8211; \u0130\u015f oras\u0131ndad\u0131r ki, nazir olmam\u0131\u015fdan \u0259vv\u0259l d\u0259 m\u00fc\u0259llim idim. Daha sonra uzun ill\u0259r nazir v\u0259zif\u0259sind\u0259 \u00e7al\u0131\u015fm\u0131\u015fam. H\u0259r i\u015fin \u00f6z\u00fcn\u0259m\u0259xsus \u00e7\u0259tinlikl\u0259ri var. Lakin d\u00f6vl\u0259t i\u015find\u0259 t\u0259cr\u00fcb\u0259 qazanm\u0131\u015f insan \u00fc\u00e7\u00fcn m\u00fc\u0259llimlik etm\u0259k kifay\u0259t q\u0259d\u0259r g\u00f6z\u0259ldir.<\/p>\n\n\n\n<figure class=\"wp-block-image\"><img decoding=\"async\" src=\"http:\/\/gallery.onmark.az\/upload\/gallery\/big\/403db96d51fbf8c4c54058f4c26fa683.jpg\" alt=\"\" title=\"\"><\/figure>\n\n\n\n<p><strong>&#8211; V\u0259zif\u0259d\u0259n ayr\u0131landan sonra onun bo\u015flu\u011funu \u00f6z\u00fcn\u00fczd\u0259 hiss edirdiz?<\/strong><\/p>\n\n\n\n<p>&#8211; S\u00f6zs\u00fcz ki. D\u00fcz 5 ildir ki, i\u015fd\u0259n \u00e7\u0131xm\u0131\u015fam. \u0130lk ill\u0259rd\u0259 kifay\u0259t q\u0259d\u0259r \u00e7\u0259tin idi. Hiss edirdim ki, m\u00fc\u0259yy\u0259n bir bo\u015fluq var. F\u0259aliyy\u0259tsizlik insan\u0131 \u00e7\u0259tinliy\u0259 sal\u0131r. Lakin insan yeni m\u00fchit\u0259 uy\u011funla\u015f\u0131r. M\u00fc\u0259llimlik, konfranslar, t\u0259dbirl\u0259r&#8230; Haz\u0131rda normal hiss edir\u0259m. Lakin bu g\u00fcn yen\u0259 m\u0259nim vaxt\u0131m n\u0259l\u0259rs\u0259 etm\u0259k \u00fc\u00e7\u00fcn \u00e7atm\u0131r. Vaxtil\u0259 kollegiyan\u0131n iclas\u0131 ke\u00e7irilirdi. Bir qurumun r\u0259hb\u0259rin\u0259 deyirdim ki, niy\u0259 filan \u015feyl\u0259ri etmirsiz, komp\u00fcteriniz var, h\u0259r \u015feyiniz var. Dedi ki, h\u0259r \u015feyimiz var, vaxt yoxdur. H\u0259yat bel\u0259dir. \u00d6z ya\u015fay\u0131\u015f\u0131m\u0131za uy\u011funla\u015fma\u011f\u0131m\u0131z daxili d\u00fcnyam\u0131zdan as\u0131l\u0131d\u0131r.<\/p>\n\n\n\n<p><strong>&#8211; Texnologiya il\u0259 aran\u0131z nec\u0259dir?<\/strong><\/p>\n\n\n\n<p>&#8211; A\u00e7\u0131\u011f\u0131, telefon v\u0259 dig\u0259r texnologiyalar h\u0259yat t\u0259rzini \u00e7ox d\u0259yi\u015fdi. Hiss edir\u0259m ki, kitablara daha az vaxt ay\u0131r\u0131ram. \u00c7\u00fcnki texnologiyalarda daha s\u00fcr\u0259tli informasiya m\u00fcbadil\u0259si gedir. D\u00fcnya prosesl\u0259rinin i\u00e7ind\u0259 olmaq \u00fc\u00e7\u00fcn g\u0259r\u0259k onlara n\u0259zar\u0259t ed\u0259s\u0259n. Vaxtil\u0259 b\u00f6y\u00fck romanlar\u0131 oxuma\u011fa vaxt tap\u0131rd\u0131m, amma indi nisb\u0259t\u0259n q\u0131sa romanlar oxuyuram. Texnologiyalar\u0131, s\u00fcni intellekti d\u0259rind\u0259n bilm\u0259s\u0259m d\u0259, g\u00fcnd\u0259lik h\u0259yat\u0131mda yaz\u0131lar\u0131m\u0131, m\u00fchazir\u0259l\u0259rimi komp\u00fcterl\u0259 haz\u0131rlay\u0131ram. Lakin texnologiya insanlar aras\u0131nda canl\u0131 \u00fcnsiyy\u0259ti m\u0259hv etm\u0259m\u0259lidir.<\/p>\n\n\n\n<figure class=\"wp-block-image\"><img decoding=\"async\" src=\"http:\/\/gallery.onmark.az\/upload\/gallery\/big\/6de0f825ac97b07f838225a053ef064f.jpg\" alt=\"\" title=\"\"><\/figure>\n\n\n\n<p><strong>&#8211; Sosial \u015f\u0259b\u0259k\u0259l\u0259rd\u0259n istifad\u0259 edirsiz?<\/strong><\/p>\n\n\n\n<p>&#8211; Feysbuk hesab\u0131m var, amma ora he\u00e7 n\u0259 yerl\u0259\u015fdirmir\u0259m. Daha \u00e7ox dostlar\u0131m\u0131n, yaz\u0131\u00e7\u0131lar\u0131n, musiqi\u00e7il\u0259rin f\u0259aliyy\u0259tini, muzey i\u015fl\u0259rini, idman\u0131 izl\u0259yir\u0259m.<\/p>\n\n\n\n<p><strong>&#8211; Bir az da m\u0259d\u0259niyy\u0259td\u0259n dan\u0131\u015faq&#8230; M\u0259d\u0259niyy\u0259tl\u0259 ba\u011fl\u0131 beyn\u0259lxalq t\u0259dbirl\u0259rimiz ke\u00e7irilir. M\u0259s\u0259l\u0259n, \u0259d\u0259biyyatla ba\u011fl\u0131. Niy\u0259 bu t\u0259dbirl\u0259r quru stendl\u0259rd\u0259n ibar\u0259t olur? Az\u0259rbaycan m\u0259d\u0259niyy\u0259tini daha yarad\u0131c\u0131 formada t\u0259bli\u011f etm\u0259k d\u0259 olar ax\u0131&#8230;<\/strong><\/p>\n\n\n\n<p>&#8211; Sizinl\u0259 birm\u0259nal\u0131 raz\u0131la\u015fa bilm\u0259r\u0259m. \u0130\u015f oras\u0131ndad\u0131r ki, \u0259d\u0259biyyat\u0131n t\u0259bli\u011fi m\u00fcxt\u0259lif yollarla h\u0259yata ke\u00e7irilir. Birincisi, beyn\u0259lxalq kitab yarmarkalar\u0131 olur. M\u0259n i\u015fl\u0259diyim d\u00f6vrd\u0259, bildiyim q\u0259d\u0259ril\u0259 el\u0259 bu g\u00fcn d\u0259 Az\u0259rbaycan orada \u00e7ox b\u00f6y\u00fck stendl\u0259rl\u0259 \u00e7\u0131x\u0131\u015f edib, son n\u0259\u015frl\u0259ri t\u0259qdim edib. Bu fuarlarda Az\u0259rbaycan kitablar\u0131 m\u00fckafatlara da layiq g\u00f6r\u00fcl\u00fcb. \u0130kinci t\u0259bli\u011fat formas\u0131 yaz\u0131\u00e7\u0131lar\u0131m\u0131z\u0131n kitablar\u0131n\u0131n t\u0259rc\u00fcm\u0259sidir. Bunun \u00fc\u00e7\u00fcn m\u00fctl\u0259q beyn\u0259lxalq n\u0259\u015friyyat evl\u0259ri il\u0259 \u0259laq\u0259l\u0259r saxlanmal\u0131d\u0131r. Vaxtil\u0259 Az\u0259rbaycan Yaz\u0131\u00e7\u0131lar Birliyinin vasit\u0259sil\u0259, S\u0259lim Babullao\u011flu il\u0259 Az\u0259rbaycan yaz\u0131\u00e7\u0131lar\u0131n\u0131n kitablar\u0131n\u0131 b\u0259zi Avropa v\u0259 MDB \u00f6lk\u0259l\u0259rinin dill\u0259rin\u0259 t\u0259rc\u00fcm\u0259 etdik. V\u0259 o \u00f6lk\u0259l\u0259rin \u0259d\u0259biyyat\u0131n\u0131 da Az\u0259rbaycan dilin\u0259 t\u0259rc\u00fcm\u0259 etdik.<\/p>\n\n\n\n<figure class=\"wp-block-image\"><img decoding=\"async\" src=\"http:\/\/gallery.onmark.az\/upload\/gallery\/big\/8227de19b076d6ce82560aeff8e5f4bc.jpg\" alt=\"\" title=\"\"><\/figure>\n\n\n\n<p><strong>&#8211; T\u0259rc\u00fcm\u0259 m\u0259rk\u0259zi d\u0259 ba\u011fland\u0131 bu yax\u0131nlarda&#8230;<\/strong><\/p>\n\n\n\n<p>&#8211; B\u0259li, T\u0259rc\u00fcm\u0259 M\u0259rk\u0259zi vaxtil\u0259 \u00e7ox g\u00f6z\u0259l i\u015fl\u0259r g\u00f6r\u00fcrd\u00fc. Orada h\u0259m Az\u0259rbaycan \u0259d\u0259biyyat\u0131 xarici dill\u0259r\u0259, h\u0259m d\u0259 d\u00fcnya \u0259d\u0259biyyat\u0131 Az\u0259rbaycan dilin\u0259 t\u0259rc\u00fcm\u0259 olunurdu. Kitab n\u0259\u015fri xaricd\u0259 b\u00f6y\u00fck bir biznes sah\u0259sidir. Bununla daha \u00e7ox \u00f6z\u0259l \u015firk\u0259tl\u0259r m\u0259\u015f\u011fuldur. \u018fg\u0259r AYB bu c\u00fcr t\u0259\u015fkilatlarla \u00fcnsiyy\u0259t qursa, onda Az\u0259rbaycan kitablar\u0131 daha y\u00fcks\u0259k s\u0259viyy\u0259d\u0259 t\u0259msil olunacaq. O ki qald\u0131 y\u00fcks\u0259k m\u00fckafatlara, Sovet d\u00f6vr\u00fcnd\u0259 Az\u0259rbaycan kitablar\u0131 \u00e7ox b\u00f6y\u00fck m\u00fckafatlara layiq g\u00f6r\u00fcl\u00fcrd\u00fc. T\u0259kc\u0259 kitablar yox, musiqisi, r\u0259ssaml\u0131\u011f\u0131 d\u0259 se\u00e7ilirdi. SSR\u0130 da\u011f\u0131landan sonra m\u0259kan b\u00f6y\u00fcd\u00fc. Burada bir ne\u00e7\u0259 amil var. Siz m\u00fctl\u0259q xarici dill\u0259ri bilm\u0259lisiz. T\u0259rc\u00fcm\u0259 m\u0259kt\u0259bl\u0259ri pe\u015f\u0259kar s\u0259viyy\u0259d\u0259 olmal\u0131d\u0131r. V\u0259 bu i\u015fl\u0259r kommersiya \u0259sas\u0131nda g\u00f6r\u00fclm\u0259lidir. D\u00f6vl\u0259t bir ne\u00e7\u0259 kitaba d\u0259st\u0259k g\u00f6st\u0259r\u0259 bil\u0259r, amma k\u00fctl\u0259vi \u015f\u0259kild\u0259 yox. Bunun \u00fc\u00e7\u00fcn sponsorlar olmal\u0131d\u0131r.<\/p>\n\n\n\n<p><strong>&#8211; Bizd\u0259 sponsorlar kitab n\u0259\u015frind\u0259 niy\u0259 maraql\u0131 deyill\u0259r?<\/strong><\/p>\n\n\n\n<p>&#8211; Y\u0259qin ki, sponsorlar\u0131n diqq\u0259tini c\u0259lb etmirl\u0259r. Sponsor g\u00f6rm\u0259lidir ki, onun d\u0259st\u0259k oldu\u011fu layih\u0259 g\u0259l\u0259c\u0259kd\u0259 bir \u0259ks-s\u0259da ver\u0259c\u0259k. M\u0259n i\u015fl\u0259diyim d\u00f6vrd\u0259 Heyd\u0259r \u018fliyev Fondu bir \u00e7ox layih\u0259l\u0259r\u0259 sponsor oldu. Az\u0259rbaycanda y\u00fcks\u0259k m\u00fckafatlara layiq \u0259d\u0259biyyat\u0131n formala\u015fmas\u0131 g\u0259nc n\u0259slin istedad\u0131ndan da as\u0131l\u0131d\u0131r<\/p>\n\n\n\n<figure class=\"wp-block-image\"><img decoding=\"async\" src=\"http:\/\/gallery.onmark.az\/upload\/gallery\/big\/b599785dbe8ff0d21905dfc0a25df9c4.jpg\" alt=\"\" title=\"\"><\/figure>\n\n\n\n<p><strong>&#8211; Sizc\u0259, el\u0259 yaz\u0131\u00e7\u0131lar var bizd\u0259?<\/strong><\/p>\n\n\n\n<p>&#8211; \u018flb\u0259tt\u0259. Hesab edir\u0259m ki, h\u0259m M\u0259d\u0259niyy\u0259t Nazirliyi, h\u0259m Az\u0259rbaycan Yaz\u0131\u00e7\u0131lar Birliyi beyn\u0259lxalq s\u0259viyy\u0259d\u0259 \u0259laq\u0259l\u0259r qurmal\u0131d\u0131r v\u0259 onlar\u0131n vasit\u0259sil\u0259 bu i\u015fl\u0259ri g\u00f6rm\u0259lidir.<\/p>\n\n\n\n<p><strong>&#8211; M\u00f6vlan\u0259 C\u0259lal\u0259ddin Ruminin m\u0259zar\u0131 T\u00fcrkiy\u0259nin Konya \u015f\u0259h\u0259rind\u0259dir. Onlar Konyaya el\u0259 ab-hava veribl\u0259r ki, h\u0259r il 10 minl\u0259rl\u0259 turist m\u0259hz M\u00f6vlan\u0259 C\u0259lal\u0259ddin Rumiy\u0259 g\u00f6r\u0259 o \u015f\u0259h\u0259ri ziyar\u0259t edir. Bu h\u0259m d\u0259 T\u00fcrkiy\u0259 iqtisadiyyat\u0131na m\u00fcsb\u0259t t\u0259sir edir. Bizim d\u0259 Nizamimiz v\u0259 G\u0259nc\u0259miz var. Niy\u0259 30 illik m\u00fcst\u0259qillik d\u00f6vr\u00fcnd\u0259 G\u0259nc\u0259ni Konya kimi bir \u015f\u0259h\u0259r ed\u0259 bilm\u0259dik?<\/strong><\/p>\n\n\n\n<p>&#8211; Az\u0259rbaycanda h\u0259mi\u015f\u0259 \u0259d\u0259biyyata kifay\u0259t q\u0259d\u0259r diqq\u0259t g\u00f6st\u0259rilib. Bunu sad\u0259c\u0259 yeni bir formaya salmaq laz\u0131md\u0131r. G\u0259nc\u0259d\u0259 muzeyimiz d\u0259, Nizaminin m\u0259qb\u0259r\u0259si d\u0259 var. Ora ziyar\u0259tgaha da \u00e7evril\u0259 bil\u0259r. Y\u0259qin ki, hans\u0131sa x\u00fcsusi layih\u0259l\u0259r haz\u0131rlanmal\u0131d\u0131r. Nizaminin d\u00fcnyaya \u00e7atd\u0131r\u0131lmas\u0131 \u00fc\u00e7\u00fcn festivallar ke\u00e7irilm\u0259lidir. Bu i\u015fi bird\u0259n-bir\u0259 t\u0259\u015fkil etm\u0259k \u00e7\u0259tindir. Bunun \u00fc\u00e7\u00fcn haz\u0131rl\u0131q laz\u0131md\u0131r. Sabir \u0259d\u0259biyyat g\u00fcnl\u0259ri \u015eamax\u0131da ke\u00e7irilir, \u015fairl\u0259r gedir ora. Amma Rumi bir az f\u0259rqli m\u0259zmundur. \u00c7\u00fcnki d\u00fcnya b\u0259\u015f\u0259riyy\u0259tin ayr\u0131 bir f\u0259ls\u0259f\u0259 m\u0259kt\u0259bi kimi formala\u015f\u0131b. Lakin sizinl\u0259 raz\u0131yam ki, Nizaminin h\u0259m Az\u0259rbaycan, h\u0259m d\u00fcnya \u0259d\u0259biyyat\u0131na qoydu\u011fu izin t\u0259bli\u011fi yeni formalara ke\u00e7m\u0259lidir. Nizaminin \u015feirl\u0259rin\u0259 n\u0259 q\u0259d\u0259r musiqi yaz\u0131l\u0131b, r\u0259ssaml\u0131q m\u0259kt\u0259bimiz ondan b\u0259hr\u0259l\u0259nib. B\u00fct\u00fcn bunlar\u0131 birl\u0259\u015fdirib bir Nizmai anlay\u0131\u015f\u0131n\u0131n formala\u015fd\u0131r\u0131lmas\u0131 yax\u015f\u0131 bir ideyad\u0131r. Sizin bu fikrinizi d\u0259st\u0259kl\u0259yir\u0259m. Vaxtil\u0259 bu haqda d\u00fc\u015f\u00fcnm\u0259dik, amma bu g\u00fcn d\u0259, y\u0259qin ki, gec deyil. Onu etm\u0259k laz\u0131md\u0131r.<\/p>\n\n\n\n<figure class=\"wp-block-image\"><img decoding=\"async\" src=\"http:\/\/gallery.onmark.az\/upload\/gallery\/big\/1a471800197d32179e775c1ae7c448a5.jpg\" alt=\"\" title=\"\"><\/figure>\n\n\n\n<p><strong>&#8211; Y\u0259qin ki, haz\u0131rda \u201cAzDrama\u201dda olan g\u0259rginlikd\u0259n x\u0259b\u0259riniz var. Vaxtil\u0259 bu c\u00fcr probleml\u0259r Afaq B\u0259\u015firq\u0131z\u0131 il\u0259 Az\u0259rpa\u015fa Nem\u0259tov aras\u0131nda da olurdu. Niy\u0259 \u201cAzDrama\u201dya kim r\u0259hb\u0259r t\u0259yin edils\u0259, bu c\u00fcr g\u0259rginlikl\u0259r olur?<\/strong><\/p>\n\n\n\n<p>&#8211; Teatr \u00f6z\u00fcn\u0259 g\u00f6r\u0259 bir d\u00fcnyad\u0131r. O d\u00fcnyan\u0131n bir dramatik m\u00fchiti olmal\u0131d\u0131r. Teatr m\u00fchitind\u0259 bir r\u0259qab\u0259t olur v\u0259 bu, daha \u00e7ox insan\u0131n istedad\u0131 il\u0259 ba\u011fl\u0131d\u0131r. H\u0259r istedadl\u0131 insan\u0131n \u00f6z\u00fcn\u0259 m\u0259xsus bax\u0131\u015f\u0131 var. Buna g\u00f6r\u0259 d\u0259 bu konflikt h\u0259mi\u015f\u0259 olacaq. Lakin m\u00fctl\u0259q bu problem etik \u00e7\u0259r\u00e7iv\u0259d\u0259 olmal\u0131d\u0131r. T\u0259hqiramiz konflikt\u0259 \u00e7evrilm\u0259m\u0259lidir. Teatr \u00fczd\u0259 olan sah\u0259dir dey\u0259, o d\u0259qiq\u0259 ictimail\u0259\u015fir. Yoxsa bu c\u00fcr konfliktl\u0259r b\u00fct\u00fcn sah\u0259l\u0259rd\u0259 olur. Hans\u0131sa bir zavodda m\u00fcdirl\u0259 i\u015f\u00e7i dala\u015fsa, bunu he\u00e7 kim bilm\u0259y\u0259c\u0259k. Amma teatr el\u0259 sah\u0259dir ki, ictimaiyy\u0259tin g\u00f6z\u00fc qaba\u011f\u0131ndad\u0131r.<\/p>\n\n\n\n<p><strong>&#8211; Hans\u0131 ya\u015fayan m\u00fc\u011f\u0259nnil\u0259ri dinl\u0259yirsiz?<\/strong><\/p>\n\n\n\n<p>&#8211; \u00c7oxunu. Z\u00fclfiyy\u0259 Xanbabayeva, Eyyub Yaqubov, Miri Yusif, R\u00f6yaya qulaq as\u0131ram. Bundan \u0259lav\u0259 Az\u0259rbaycan caz\u0131 il\u0259 maraqlan\u0131ram &#8211; \u015eahin N\u00f6vr\u0259slini dinl\u0259yir\u0259m. Caz festivallar\u0131na gedir\u0259m. Bir ne\u00e7\u0259 g\u00fcn \u00f6nc\u0259 F\u0259xr\u0259ddin K\u0259rimovun yubileyin\u0259 h\u0259sr olunmu\u015f konsert\u0259 getmi\u015fdim. \u00dcst\u00fcnl\u00fck verdiyim musiqi is\u0259 daha \u00e7ox cazd\u0131r.<\/p>\n\n\n\n<figure class=\"wp-block-image\"><img decoding=\"async\" src=\"http:\/\/gallery.onmark.az\/upload\/gallery\/big\/3dc33a678ff1fb176c977f6b0612f6be.jpg\" alt=\"\" title=\"\"><\/figure>\n\n\n\n<p><strong>&#8211; Dinl\u0259diyiniz m\u00fc\u011f\u0259nnil\u0259r aras\u0131nda Miri Yusifin d\u0259 ad\u0131n\u0131 \u00e7\u0259kdiz. F\u0259xri adlarla ba\u011fl\u0131 \u0259sasnam\u0259d\u0259 var ki, bir f\u0259xri ad\u0131 alandan sonra \u0259n az\u0131 5 il ke\u00e7m\u0259lidir ki, n\u00f6vb\u0259ti f\u0259xri ad verilsin. Lakin Miri Yusif 2018-ci ild\u0259 \u018fm\u0259kdar, 2019-cu ild\u0259, y\u0259ni 1 il sonra is\u0259 Xalq Artisti ad\u0131 al\u0131b. Bu nec\u0259 oldu?<\/strong><\/p>\n\n\n\n<p>&#8211; B\u0259z\u0259n x\u00fcsusi imtiyazlar v\u0259 v\u0259ziyy\u0259tl\u0259r olur ki, orada qaydadan k\u0259narda q\u0259rarlar q\u0259bul edilir. M\u0259s\u0259l\u0259n, bayram \u0259r\u0259f\u0259sind\u0259 ola bilir v\u0259 ya 1-2 il m\u00fcdd\u0259tind\u0259 kims\u0259 \u00f6z istedad\u0131n\u0131 daha \u00e7ox n\u00fcmayi\u015f etdirir, insanlar t\u0259r\u0259find\u0259n q\u0259bul edilir. Siz\u0259 el\u0259 g\u0259lm\u0259sin ki, nazir oturur orada v\u0259 a\u011fl\u0131na kim g\u0259ls\u0259, yaz\u0131b verir. Bunlar ham\u0131s\u0131 d\u00f6vl\u0259t r\u0259hb\u0259rliyinin imzas\u0131 il\u0259 veril\u0259n adlard\u0131r. Onlar\u0131n \u0259ld\u0259 olunmas\u0131 \u00fc\u00e7\u00fcn m\u00fc\u0259yy\u0259n m\u0259rh\u0259l\u0259l\u0259ri ke\u00e7ir. Amma bu imtiyazlar \u00e7ox nadir hallarda olur.<\/p>\n\n\n\n<figure class=\"wp-block-image\"><img decoding=\"async\" src=\"http:\/\/gallery.onmark.az\/upload\/gallery\/big\/bee6f4182d5cbe620263c4ade2e47e1f.jpg\" alt=\"\" title=\"\"><\/figure>\n\n\n\n<p><strong>&#8211; Hans\u0131 imtiyazlar idi o?<\/strong><\/p>\n\n\n\n<p>&#8211; B\u0259lk\u0259 d\u0259, hans\u0131sa x\u00fcsusi t\u0259dbird\u0259 b\u00f6y\u00fck u\u011furla \u00e7\u0131x\u0131\u015f etm\u0259si olub. Miri Yusif m\u0259n bildiyim\u0259 g\u00f6r\u0259, xalq t\u0259r\u0259find\u0259n q\u0259bul olunan bir m\u00fc\u011f\u0259nnidir. Kimis\u0259 burada g\u00fcnahland\u0131rmaq d\u00fczg\u00fcn olmaz. Bu t\u0259nqid m\u0259n\u0259 do\u011frudursa, Miri Yusifi \u00f6mr\u00fcmd\u0259 3 d\u0259f\u0259 g\u00f6rm\u00fc\u015f\u0259m. Salamla\u015f\u0131b t\u0259brik d\u0259 etmi\u015f\u0259m. Musiqisini d\u0259 b\u0259y\u0259nir\u0259m. H\u0259r bir qaydan\u0131n m\u00fc\u0259yy\u0259n imtiyazlar\u0131 olur. Onun da qism\u0259ti bel\u0259 oldu. Amma buna g\u00f6r\u0259 heyifsil\u0259nmir\u0259m.<\/p>\n\n\n\n<p><strong>&#8211; Sizc\u0259, el\u0259 s\u0259n\u0259t adamlar\u0131 var ki, o ada layiqdi, amma 5 ili tamam olmay\u0131b dey\u0259, alm\u0131r?<\/strong><\/p>\n\n\n\n<p>&#8211; Y\u0259qin ki, var. El\u0259l\u0259ri var ki, 20 il bundan qabaq da layiqdirl\u0259r, amma almay\u0131blar.<\/p>\n\n\n\n<p><strong>&#8211; Niy\u0259?<\/strong><\/p>\n\n\n\n<p>&#8211; \u00c7\u00fcnki h\u0259min o qaydalara uy\u011funla\u015fmay\u0131blar.<\/p>\n\n\n\n<figure class=\"wp-block-image\"><img decoding=\"async\" src=\"http:\/\/gallery.onmark.az\/upload\/gallery\/big\/8108b6e98faa041a345f3b7fc6e957f1.jpg\" alt=\"\" title=\"\"><\/figure>\n\n\n\n<p><strong>&#8211; O qaydalar n\u0259l\u0259rdir?<\/strong><\/p>\n\n\n\n<p>&#8211; Onun \u00fc\u00e7\u00fcn g\u0259r\u0259k o \u0259sasnam\u0259ni g\u00f6t\u00fcr\u00fcb oxuyas\u0131z. \u0130ndi bel\u0259 b\u0259nd-b\u0259nd dey\u0259 bilm\u0259r\u0259m. M\u0259n nazir i\u015fl\u0259diyim d\u00f6vrd\u0259 Az\u0259rbaycan m\u0259d\u0259niyy\u0259tind\u0259 t\u0259xmin\u0259n 60 min adam \u00e7al\u0131\u015f\u0131rd\u0131. Onlar\u0131n aras\u0131nda kitabxana\u00e7\u0131lar, muzey i\u015f\u00e7il\u0259ri, m\u00fc\u0259lliml\u0259r d\u0259 var. Ham\u0131s\u0131 da f\u0259xri ad ist\u0259yir. H\u0259r bir ilin m\u00fc\u0259yy\u0259n say\u0131 olur. Bu il 5, g\u0259l\u0259n il 10, o biri il 15 n\u0259f\u0259r\u0259. Ham\u0131ya eyni vaxtda verm\u0259k m\u00fcmk\u00fcn deyil. \u00c7ox istedadl\u0131 r\u0259ssamlar\u0131m\u0131z var, ham\u0131s\u0131na bir yerd\u0259 verm\u0259k olmur ax\u0131.<\/p>\n\n\n\n<p><strong>&#8211; Sizc\u0259, bu adlar laz\u0131md\u0131r?<\/strong><\/p>\n\n\n\n<p>&#8211; Vaxt g\u0259l\u0259c\u0259k, bu adlar l\u0259\u011fv edil\u0259c\u0259k. Onlar Sovet d\u00f6vr\u00fcnd\u0259n qal\u0131b. H\u0259min vaxt sosial b\u0259rab\u0259rlik var idi v\u0259 m\u00fc\u0259yy\u0259n insanlar\u0131 f\u0259rql\u0259ndirm\u0259k \u00fc\u00e7\u00fcn bu c\u00fcr adlar verilirdi. O vaxt \u00dcmummilli lider Heyd\u0259r \u018fliyev bizi y\u0131\u011f\u0131b dedi ki, fikir m\u00fcbadil\u0259si aparaq, bu adlar laz\u0131md\u0131r, ya yox v\u0259 q\u0259rar verildi ki, bu adlar saxlan\u0131ls\u0131n. \u015eou-biznesd\u0259 onlarla istedadl\u0131 insanlar var ki, tan\u0131n\u0131rlar, toylara \u00e7a\u011f\u0131r\u0131l\u0131rlar, pul qazan\u0131rlar v\u0259 he\u00e7 bu ad haqq\u0131nda d\u00fc\u015f\u00fcnm\u00fcrl\u0259r d\u0259.<\/p>\n\n\n\n<figure class=\"wp-block-image\"><img decoding=\"async\" src=\"http:\/\/gallery.onmark.az\/upload\/gallery\/big\/be3b366d9774240ce3db860b8ff6afe1.jpg\" alt=\"\" title=\"\"><\/figure>\n\n\n\n<p><strong>&#8211; \u0130st\u0259rdim, kino sah\u0259sind\u0259n d\u0259 dan\u0131\u015faq. Bizim kinolar niy\u0259 b\u00f6y\u00fck m\u00fckafatlara \u00e7\u0131xa bilmir?<\/strong><\/p>\n\n\n\n<p>&#8211; M\u0259nim i\u015fl\u0259diyim d\u00f6vrd\u0259 Az\u0259rbaycan filml\u0259ri 250-d\u0259n \u00e7ox beyn\u0259lxalq festivalda i\u015ftirak edib. Bir ne\u00e7\u0259 m\u00fcharib\u0259 m\u00f6vzusunda da filml\u0259r var idi. B\u00f6y\u00fck filml\u0259ri \u00e7\u0259km\u0259k \u00fc\u00e7\u00fcn b\u00f6y\u00fck v\u0259sait, sponsor laz\u0131md\u0131r. D\u00f6vl\u0259t b\u00fct\u00fcn filml\u0259rin \u00e7\u0259kili\u015fini \u00f6z \u00fcz\u0259rin\u0259 g\u00f6t\u00fcr\u0259 bilm\u0259z.<\/p>\n\n\n\n<p><strong>&#8211; M\u0259d\u0259niyy\u0259t Nazirliyi t\u0259r\u0259find\u0259n \u00e7\u0259kil\u0259n filml\u0259rd\u0259 senzuralar olurdu?<\/strong><\/p>\n\n\n\n<p>&#8211; S\u00f6zs\u00fcz ki olurdu. Xalq\u0131m\u0131z\u0131n m\u0259n\u0259viyyat\u0131na zidd olan s\u0259hn\u0259l\u0259r m\u0259hdudla\u015fd\u0131r\u0131l\u0131rd\u0131. Lakin dig\u0259r ideoloji m\u00f6vzularda m\u0259hdudiyy\u0259t olmurdu.<\/p>\n\n\n\n<p><strong>&#8211; M\u0259s\u0259l\u0259n, nazirlik t\u0259r\u0259find\u0259n m\u00fcharib\u0259 m\u00f6vzusunda film \u00e7\u0259kilir, komandirin, \u0259sg\u0259rin \u0259n b\u00f6hranl\u0131 an\u0131nda bel\u0259 1 k\u0259lim\u0259 s\u00f6y\u00fc\u015f olmur. Bu qeyri-t\u0259biilik yaratm\u0131r?<\/strong><\/p>\n\n\n\n<figure class=\"wp-block-image\"><img decoding=\"async\" src=\"http:\/\/gallery.onmark.az\/upload\/gallery\/big\/c26b2f5aa10a6d4e3c425837e5709a3f.jpg\" alt=\"\" title=\"\"><\/figure>\n\n\n\n<p>&#8211; Ham\u0131m\u0131z\u0131n u\u015fa\u011f\u0131, n\u0259v\u0259miz o film\u0259 baxacaq. \u018fg\u0259r biz ist\u0259miriks\u0259 ki, onlar da bu s\u00f6z\u00fc i\u015fl\u0259tsin, onda bunu kinodan t\u0259mizl\u0259m\u0259liyik. Bunu xalq qar\u015f\u0131s\u0131na \u00e7\u0131xar\u0131r\u0131q. B\u0259zi \u00f6lk\u0259l\u0259rd\u0259 bu s\u00f6zl\u0259r l\u00fc\u011f\u0259t t\u0259rkibin\u0259 ke\u00e7ib art\u0131q.<\/p>\n\n\n\n<p><strong>&#8211; Azarke\u015fi oldu\u011funuz futbol komandas\u0131 var?<\/strong><\/p>\n\n\n\n<p>&#8211; B\u0259li, &#8220;Qaraba\u011f&#8221;a azarke\u015flik edir\u0259m. Xaricd\u0259 ke\u00e7iril\u0259n b\u00fct\u00fcn oyunlar\u0131na baxma\u011fa gedir\u0259m. \u0130dman\u00e7\u0131lar aras\u0131nda \u00e7ox g\u00f6z\u0259l dostlar\u0131m da var. \u0130dman Naziri i\u015fl\u0259diyim vaxtlar\u0131 \u00e7ox g\u00f6z\u0259l t\u0259\u0259ss\u00fcratlarla xat\u0131rlay\u0131ram.<\/p>\n\n\n\n<p><strong>&#8211; B\u0259s d\u00fcnya klublar\u0131ndan nec\u0259?<\/strong><\/p>\n\n\n\n<p>&#8211; Var. &#8220;Barselona&#8221;, &#8220;Man\u00e7ester Siti&#8221; v\u0259 sair. Son zamanlar &#8220;Real Madrid&#8221;in oyunu \u00e7ox xo\u015fuma g\u0259lir. \u018ffsuslar olsun ki, Az\u0259rbaycan milli y\u0131\u011fmas\u0131 haqq\u0131nda bunu dey\u0259 bilm\u0259r\u0259m. Az\u0259rbaycan klublar\u0131 inki\u015faf etm\u0259k ist\u0259yirs\u0259, legionerl\u0259rin say\u0131n\u0131 m\u0259hdudla\u015fd\u0131rmal\u0131d\u0131r.<\/p>\n\n\n\n<figure class=\"wp-block-image\"><img decoding=\"async\" src=\"http:\/\/gallery.onmark.az\/upload\/gallery\/big\/f119775cccfad9ccb301c2563b370e4f.jpg\" alt=\"\" title=\"\"><\/figure>\n\n\n\n<p><strong>&#8211; Bir m\u00fcdd\u0259t \u0259vv\u0259l Az\u0259rbaycanda &#8220;Rus evi&#8221; ba\u011fland\u0131. Ondan sonra rus agentl\u0259ri ad\u0131 \u00e7\u0259kildi. Siyah\u0131da sizin d\u0259 ad\u0131n\u0131z var idi. Niy\u0259 sizin d\u0259 rus agenti oldu\u011funuzu d\u00fc\u015f\u00fcn\u00fcrd\u00fcl\u0259r?<\/strong><\/p>\n\n\n\n<p>&#8211; M\u0259n m\u0259kt\u0259b\u0259 rus b\u00f6lm\u0259sin\u0259 getmi\u015f\u0259m, Moskvada \u0130ctimai Elml\u0259r akademiyas\u0131nda dissertasiyam\u0131 Az\u0259rbaycan m\u00fchacir\u0259ti m\u00f6vzusunda yazm\u0131\u015fam. Lakin h\u0259m rus, h\u0259m ba\u015fqa \u00f6lk\u0259l\u0259rin h\u0259mkarlar\u0131yla ancaq Az\u0259rbaycan xalq\u0131n\u0131n y\u00fcks\u0259k m\u0259d\u0259ni s\u0259viyy\u0259sini qoruyub t\u0259bli\u011f edirdim. Bu bir siyasi oyundur. Kimis\u0259 yada salmaq, kimis\u0259 pisl\u0259m\u0259k ist\u0259yirl\u0259r. Bilmir\u0259m, n\u0259 q\u0259d\u0259r casusa ox\u015fay\u0131ram. \u00d6z\u00fcm h\u0259rd\u0259n hans\u0131sa Rusiyan\u0131n n\u00fcmay\u0259nd\u0259l\u0259rini g\u00f6r\u0259nd\u0259 g\u00f6r\u00fc\u015f\u00fcb zarafatyana deyir\u0259m ki, \u201ccasusdan salam\u201d (g\u00fcl\u00fcr). M\u0259nim bu \u00f6lk\u0259d\u0259 k\u00f6k\u00fcm var. 26 il nazir olmu\u015fam. Bunu he\u00e7 zarafat kimi d\u0259 q\u0259bul ed\u0259 bilmir\u0259m. M\u0259n \u00f6z\u00fcm\u00fc Az\u0259rbaycans\u0131z t\u0259s\u0259vv\u00fcr ed\u0259 bilmir\u0259m.<\/p>\n","protected":false},"excerpt":{"rendered":"<p>Kulis.az R\u0259hman Mirz\u0259lizad\u0259nin sabiq M\u0259d\u0259niyy\u0259t Naziri \u018fb\u00fclf\u0259s Qarayevl\u0259 m\u00fcsahib\u0259sini t\u0259qdim edir. &#8211; \u018fb\u00fclf\u0259s m\u00fc\u0259llim, haz\u0131rda n\u0259 i\u015fl\u0259 m\u0259\u015f\u011fulsuz? &#8211; Az\u0259rbaycan D\u00f6vl\u0259t Turizm v\u0259 Menecment universitetind\u0259 \u00e7al\u0131\u015f\u0131ram. 6 magistrim var. Onlar\u0131n elmi r\u0259hb\u0259riy\u0259m. \u00c7ox d\u0259y\u0259rli elmi t\u0259dqiqatlar\u0131 olur. Onlarda daimi g\u00f6r\u00fc\u015f\u00fcr\u00fck, yazd\u0131qlar\u0131 t\u0259dqiqatlara \u00f6z t\u00f6vsiy\u0259l\u0259rimi verir\u0259m. Bu ay\u0131n sonuna kimi onlar\u0131n 5-i dissertasiya i\u015fl\u0259rini m\u00fcdafi\u0259 ed\u0259c\u0259kl\u0259r. &hellip;<\/p>\n","protected":false},"author":1,"featured_media":19622,"comment_status":"open","ping_status":"closed","sticky":false,"template":"","format":"standard","meta":{"footnotes":""},"categories":[1],"tags":[],"class_list":["post-19621","post","type-post","status-publish","format-standard","has-post-thumbnail","hentry","category-idman"],"_links":{"self":[{"href":"https:\/\/millitv.net\/index.php?rest_route=\/wp\/v2\/posts\/19621","targetHints":{"allow":["GET"]}}],"collection":[{"href":"https:\/\/millitv.net\/index.php?rest_route=\/wp\/v2\/posts"}],"about":[{"href":"https:\/\/millitv.net\/index.php?rest_route=\/wp\/v2\/types\/post"}],"author":[{"embeddable":true,"href":"https:\/\/millitv.net\/index.php?rest_route=\/wp\/v2\/users\/1"}],"replies":[{"embeddable":true,"href":"https:\/\/millitv.net\/index.php?rest_route=%2Fwp%2Fv2%2Fcomments&post=19621"}],"version-history":[{"count":1,"href":"https:\/\/millitv.net\/index.php?rest_route=\/wp\/v2\/posts\/19621\/revisions"}],"predecessor-version":[{"id":19623,"href":"https:\/\/millitv.net\/index.php?rest_route=\/wp\/v2\/posts\/19621\/revisions\/19623"}],"wp:featuredmedia":[{"embeddable":true,"href":"https:\/\/millitv.net\/index.php?rest_route=\/wp\/v2\/media\/19622"}],"wp:attachment":[{"href":"https:\/\/millitv.net\/index.php?rest_route=%2Fwp%2Fv2%2Fmedia&parent=19621"}],"wp:term":[{"taxonomy":"category","embeddable":true,"href":"https:\/\/millitv.net\/index.php?rest_route=%2Fwp%2Fv2%2Fcategories&post=19621"},{"taxonomy":"post_tag","embeddable":true,"href":"https:\/\/millitv.net\/index.php?rest_route=%2Fwp%2Fv2%2Ftags&post=19621"}],"curies":[{"name":"wp","href":"https:\/\/api.w.org\/{rel}","templated":true}]}}