{"id":19418,"date":"2025-06-04T15:21:29","date_gmt":"2025-06-04T15:21:29","guid":{"rendered":"https:\/\/millitv.net\/?p=19418"},"modified":"2025-06-04T15:21:31","modified_gmt":"2025-06-04T15:21:31","slug":"qizim-sorusdu-ki-atamin-yanindaki-qadin-kimdir-v%C9%99fadan-etiraflar","status":"publish","type":"post","link":"https:\/\/millitv.net\/?p=19418","title":{"rendered":"\u201cQ\u0131z\u0131m soru\u015fdu ki, atam\u0131n yan\u0131ndak\u0131 qad\u0131n kimdir?\u201d &#8211; V\u0259fadan etiraflar"},"content":{"rendered":"\n<p><strong>M\u00fc\u011f\u0259nni V\u0259fa \u015e\u0259rifova \u00f6vladlar\u0131n\u0131n atas\u0131 Famil v\u0259 onun birinci xan\u0131m\u0131 haqda a\u00e7\u0131qlama verib.<\/strong><\/p>\n\n\n\n<p>Bu bar\u0259d\u0259 V\u0259fa &#8220;Tarixin bir g\u00fcn\u00fc&#8221; verili\u015find\u0259 dan\u0131\u015f\u0131b.<\/p>\n\n\n\n<p>V\u0259fa deyib ki, aylar \u0259vv\u0259l Famil v\u0259 xan\u0131m\u0131n\u0131n \u00f6vladlar\u0131n\u0131n toyunda yay\u0131lan videosunu q\u0131z\u0131 M\u0259ry\u0259m g\u00f6r\u00fcb:<\/p>\n\n\n\n<p>&#8220;\u0130ll\u0259rdir bu m\u0259s\u0259l\u0259y\u0259 g\u00f6r\u0259 q\u0131nan\u0131l\u0131ram, amma a\u00e7\u0131qlama vermirdim. Ta ki, q\u0131z\u0131m\u0131n &#8220;atam\u0131n yan\u0131ndak\u0131 qad\u0131n kimdir&#8221; sual\u0131na q\u0259d\u0259r. Suala q\u0259d\u0259r efird\u0259 bu m\u0259s\u0259l\u0259 haqq\u0131nda dan\u0131\u015fmad\u0131m. Da\u015f-qalaq olsam da, d\u00f6z\u00fcrd\u00fcm, ke\u00e7irdim. Amma \u00f6vlad\u0131m \u00fc\u00e7\u00fcn a\u00e7\u0131qlama\u011fa m\u0259cbur qald\u0131m. \u00c7\u00fcnki ba\u015fqa bir qad\u0131n\u0131 da incitm\u0259k ist\u0259mirdim. Bunlar\u0131n g\u00fcnd\u0259m\u0259 g\u0259lm\u0259yin\u0259 s\u0259b\u0259bkar m\u0259n deyil\u0259m. Sad\u0259c\u0259 m\u0259nd\u0259n t\u0259l\u0259b olunub ki, efir\u0259 \u00e7\u0131xanda ail\u0259li oldu\u011funu de. Bunu \u00f6vlad\u0131m\u0131n atas\u0131 m\u0259nd\u0259n t\u0259l\u0259b edib.<\/p>\n\n\n\n<p>He\u00e7 vaxt onun bir s\u00f6z\u00fcn\u00fc iki etm\u0259mi\u015f\u0259m. \u0130st\u0259yib, sad\u0259c\u0259 o s\u00f6z\u00fc demi\u015f\u0259m. Sad\u0259c\u0259 arxadan ba\u015flad\u0131lar e\u015fm\u0259y\u0259, birinci ad\u0131n\u0131 verdil\u0259r, sonra videosunu yayd\u0131lar. \u00d6vlad\u0131n\u0131n toyunu payla\u015fd\u0131lar. Efird\u0259, bu s\u0259hn\u0259d\u0259 olmayan xan\u0131m\u0131n g\u00f6r\u00fcnt\u00fcl\u0259rini yayd\u0131lar. Biri yax\u015f\u0131 yazd\u0131, biri pis yazd\u0131, onun da \u00f6vladlar\u0131 var, ona da pis t\u0259sir etdi.<\/p>\n\n\n\n<p>\u0130nsanlar o q\u0259d\u0259r bu \u015feyl\u0259rd\u0259n z\u0259rb\u0259 ald\u0131. \u00d6vlad\u0131m bir ne\u00e7\u0259 ay bu sual\u0131 verdi, g\u00fcnl\u0259rl\u0259 \u00f6z\u00fcm\u0259 g\u0259l\u0259 bilm\u0259dim, cavab ver\u0259 bilm\u0259dim. Ondan sonra telefonu \u0259lind\u0259n ald\u0131m, aylard\u0131r ki, telefonu yoxdur. Allah he\u00e7 bir anan\u0131, he\u00e7 bir xan\u0131m\u0131 o v\u0259ziyy\u0259t\u0259 salmas\u0131n. Onsuz da q\u0131z\u0131m b\u00f6y\u00fcy\u0259c\u0259k, h\u0259r \u015feyi ba\u015fa d\u00fc\u015f\u0259c\u0259k. Ona bu g\u00fcn a\u00e7\u0131qlama ver\u0259 bilmir\u0259m. El\u0259 bir ya\u015f d\u00f6vr\u00fcd\u00fcr ki, he\u00e7 n\u0259 anlam\u0131r, ba\u015fa sala bilmirs\u0259n. Zaman g\u0259l\u0259c\u0259k anas\u0131n\u0131n s\u0259hvini d\u0259, d\u00fcz\u00fcn\u00fc d\u0259 bil\u0259c\u0259k, q\u0259bul ed\u0259c\u0259k.<\/p>\n\n\n\n<p>\u018ftraf\u0131m, yax\u0131nlar\u0131m bilirl\u0259r ki, bu m\u00fcnasib\u0259td\u0259 he\u00e7 bir s\u0259hvim yoxdu. Bunu \u00f6vladlar\u0131m da bil\u0259c\u0259k.<\/p>\n\n\n\n<p>Pe\u015fmanam ki, he\u00e7 vaxt altdan almad\u0131m, \u00fcst\u00fcm\u0259 g\u0259ldikc\u0259, \u00fcstl\u0259rin\u0259 getdim. Zaman\u0131nda geri \u00e7\u0259kils\u0259m, yalandan kimins\u0259 \u00fcz\u00fcn\u0259 g\u00fcls\u0259m, bel\u0259 d\u00fc\u015fm\u0259nlik etm\u0259zdil\u0259r, bu q\u0259d\u0259r vurmazd\u0131lar. \u00c7\u00fcnki bunlar\u0131 yayan bir insan deyildi, bir ne\u00e7\u0259 insan var idi, sona q\u0259d\u0259r gedirdim, g\u00f6r\u00fcrd\u00fcm, alt\u0131ndan ba\u015fqa m\u00fc\u011f\u0259nnil\u0259r \u00e7\u0131x\u0131r. O q\u0259d\u0259r \u00e7oxdular. Ka\u015f zaman\u0131nda \u00f6vladlar\u0131m\u0131n x\u0259trin\u0259 geri \u00e7\u0259kil\u0259rdim&#8221;.<\/p>\n\n\n\n<p><a href=\"https:\/\/newstube.az\/embed\/182637\" target=\"_blank\" rel=\"noopener\">https:\/\/newstube.az\/embed\/182637<\/a><\/p>\n\n\n\n<p>(Bizim.Media)<\/p>\n","protected":false},"excerpt":{"rendered":"<p>M\u00fc\u011f\u0259nni V\u0259fa \u015e\u0259rifova \u00f6vladlar\u0131n\u0131n atas\u0131 Famil v\u0259 onun birinci xan\u0131m\u0131 haqda a\u00e7\u0131qlama verib. Bu bar\u0259d\u0259 V\u0259fa &#8220;Tarixin bir g\u00fcn\u00fc&#8221; verili\u015find\u0259 dan\u0131\u015f\u0131b. V\u0259fa deyib ki, aylar \u0259vv\u0259l Famil v\u0259 xan\u0131m\u0131n\u0131n \u00f6vladlar\u0131n\u0131n toyunda yay\u0131lan videosunu q\u0131z\u0131 M\u0259ry\u0259m g\u00f6r\u00fcb: &#8220;\u0130ll\u0259rdir bu m\u0259s\u0259l\u0259y\u0259 g\u00f6r\u0259 q\u0131nan\u0131l\u0131ram, amma a\u00e7\u0131qlama vermirdim. Ta ki, q\u0131z\u0131m\u0131n &#8220;atam\u0131n yan\u0131ndak\u0131 qad\u0131n kimdir&#8221; sual\u0131na q\u0259d\u0259r. Suala q\u0259d\u0259r &hellip;<\/p>\n","protected":false},"author":1,"featured_media":19419,"comment_status":"open","ping_status":"closed","sticky":false,"template":"","format":"standard","meta":{"footnotes":""},"categories":[1],"tags":[],"class_list":["post-19418","post","type-post","status-publish","format-standard","has-post-thumbnail","hentry","category-idman"],"_links":{"self":[{"href":"https:\/\/millitv.net\/index.php?rest_route=\/wp\/v2\/posts\/19418","targetHints":{"allow":["GET"]}}],"collection":[{"href":"https:\/\/millitv.net\/index.php?rest_route=\/wp\/v2\/posts"}],"about":[{"href":"https:\/\/millitv.net\/index.php?rest_route=\/wp\/v2\/types\/post"}],"author":[{"embeddable":true,"href":"https:\/\/millitv.net\/index.php?rest_route=\/wp\/v2\/users\/1"}],"replies":[{"embeddable":true,"href":"https:\/\/millitv.net\/index.php?rest_route=%2Fwp%2Fv2%2Fcomments&post=19418"}],"version-history":[{"count":1,"href":"https:\/\/millitv.net\/index.php?rest_route=\/wp\/v2\/posts\/19418\/revisions"}],"predecessor-version":[{"id":19420,"href":"https:\/\/millitv.net\/index.php?rest_route=\/wp\/v2\/posts\/19418\/revisions\/19420"}],"wp:featuredmedia":[{"embeddable":true,"href":"https:\/\/millitv.net\/index.php?rest_route=\/wp\/v2\/media\/19419"}],"wp:attachment":[{"href":"https:\/\/millitv.net\/index.php?rest_route=%2Fwp%2Fv2%2Fmedia&parent=19418"}],"wp:term":[{"taxonomy":"category","embeddable":true,"href":"https:\/\/millitv.net\/index.php?rest_route=%2Fwp%2Fv2%2Fcategories&post=19418"},{"taxonomy":"post_tag","embeddable":true,"href":"https:\/\/millitv.net\/index.php?rest_route=%2Fwp%2Fv2%2Ftags&post=19418"}],"curies":[{"name":"wp","href":"https:\/\/api.w.org\/{rel}","templated":true}]}}