{"id":19412,"date":"2025-06-04T15:19:37","date_gmt":"2025-06-04T15:19:37","guid":{"rendered":"https:\/\/millitv.net\/?p=19412"},"modified":"2025-06-04T15:19:38","modified_gmt":"2025-06-04T15:19:38","slug":"kimin-%C9%99rini-%C9%99lind%C9%99n-almisam-siyahini-ozum-d%C9%99-qarisdiriram","status":"publish","type":"post","link":"https:\/\/millitv.net\/?p=19412","title":{"rendered":"&#8220;Kimin \u0259rini \u0259lind\u0259n alm\u0131\u015fam, siyah\u0131n\u0131 \u00f6z\u00fcm d\u0259 qar\u0131\u015fd\u0131r\u0131ram&#8221;"},"content":{"rendered":"\n<p><strong>M\u00fc\u011f\u0259nni V\u0259fa \u015e\u0259rifova jurnalist T\u00fcrkan M\u0259mm\u0259dlinin suallar\u0131n\u0131 cavabland\u0131r\u0131b. <\/strong><\/p>\n\n\n\n<p><strong>Millitv.net <\/strong>milli.az-a istinad\u0259n x\u0259b\u0259r verir ki, \u015f\u0259xsi h\u0259yat\u0131ndan dan\u0131\u015fan ifa\u00e7\u0131 bir s\u0131ra m\u00f6vzular\u0131 g\u00fcn \u00fcz\u00fcn\u0259 \u00e7\u0131xar\u0131b.<\/p>\n\n\n\n<p>O, maraql\u0131 etiraf\u0131 il\u0259 diqq\u0259t \u00e7\u0259kib:<\/p>\n\n\n\n<p>&#8220;\u00d6z\u00fcm d\u0259 bilmir\u0259m. Kimin \u0259rini, yaxud h\u0259mkar\u0131m\u0131n sevgilisini \u0259lind\u0259n alm\u0131\u015fam? Art\u0131q bu siyah\u0131lar\u0131 qar\u0131\u015fd\u0131r\u0131ram. H\u0259r \u015fey g\u00f6r\u00fcnd\u00fcy\u00fc kimi deyil. Nikah\u0131m yoxdu, amma \u00f6vlad\u0131m\u0131 subay ki\u015fid\u0259n d\u00fcnyaya g\u0259tirmi\u015f\u0259m. O dem\u0259k deyil, ba\u015fqa xan\u0131mla r\u0259smi evliliyi olan b\u0259yd\u0259n u\u015faq d\u00fcnyaya g\u0259tirmi\u015f\u0259m. M\u0259niml\u0259 nikah\u0131m olmayan ki\u015finin he\u00e7 kiml\u0259 yoxdur. Onun ke\u00e7mi\u015find\u0259 kiml\u0259rins\u0259 olma\u011f\u0131 m\u0259nim g\u00fcnah\u0131m deyil.<\/p>\n\n\n\n<p>M\u0259n o insanla tan\u0131\u015f olanda, b\u00fct\u00fcn \u00f6lk\u0259 bilir ki, h\u0259yat\u0131nda ba\u015fqa m\u00fc\u011f\u0259nni xan\u0131m olub. Art\u0131q ayr\u0131lm\u0131\u015fd\u0131lar. O xan\u0131m\u0131n h\u0259yat\u0131nda ba\u015fqa b\u0259y vard\u0131. Bu insan\u0131n h\u0259yat\u0131na \u00e7ox-\u00e7ox sonra g\u0259lmi\u015f\u0259m. Bir d\u0259 bu m\u00f6vzular bar\u0259d\u0259 sual verilm\u0259sini ist\u0259mir\u0259m. N\u0259 q\u0259d\u0259r a\u00e7\u0131qlama vers\u0259n d\u0259, &#8220;Da\u011f\u0131tm\u0131san da&#8230;&#8221; dey\u0259 d\u00fc\u015f\u00fcn\u0259nl\u0259r olacaq. \u00c7ox \u015fey dan\u0131\u015fa bil\u0259r\u0259m. Ancaq bu etdiyim g\u0259l\u0259c\u0259kd\u0259 \u00f6vladlar\u0131ma ba\u015fqa insanlara ziyan vuracaqsa, etm\u0259k ist\u0259mir\u0259m. G\u00fcn g\u0259l\u0259r, b\u0259lk\u0259, haradansa m\u00f6vzular\u0131 ortaya \u00e7\u0131xa da bil\u0259r&#8221;.<\/p>\n","protected":false},"excerpt":{"rendered":"<p>M\u00fc\u011f\u0259nni V\u0259fa \u015e\u0259rifova jurnalist T\u00fcrkan M\u0259mm\u0259dlinin suallar\u0131n\u0131 cavabland\u0131r\u0131b. Millitv.net milli.az-a istinad\u0259n x\u0259b\u0259r verir ki, \u015f\u0259xsi h\u0259yat\u0131ndan dan\u0131\u015fan ifa\u00e7\u0131 bir s\u0131ra m\u00f6vzular\u0131 g\u00fcn \u00fcz\u00fcn\u0259 \u00e7\u0131xar\u0131b. O, maraql\u0131 etiraf\u0131 il\u0259 diqq\u0259t \u00e7\u0259kib: &#8220;\u00d6z\u00fcm d\u0259 bilmir\u0259m. Kimin \u0259rini, yaxud h\u0259mkar\u0131m\u0131n sevgilisini \u0259lind\u0259n alm\u0131\u015fam? Art\u0131q bu siyah\u0131lar\u0131 qar\u0131\u015fd\u0131r\u0131ram. H\u0259r \u015fey g\u00f6r\u00fcnd\u00fcy\u00fc kimi deyil. Nikah\u0131m yoxdu, amma \u00f6vlad\u0131m\u0131 subay ki\u015fid\u0259n &hellip;<\/p>\n","protected":false},"author":1,"featured_media":19413,"comment_status":"open","ping_status":"closed","sticky":false,"template":"","format":"standard","meta":{"footnotes":""},"categories":[1],"tags":[],"class_list":["post-19412","post","type-post","status-publish","format-standard","has-post-thumbnail","hentry","category-idman"],"_links":{"self":[{"href":"https:\/\/millitv.net\/index.php?rest_route=\/wp\/v2\/posts\/19412","targetHints":{"allow":["GET"]}}],"collection":[{"href":"https:\/\/millitv.net\/index.php?rest_route=\/wp\/v2\/posts"}],"about":[{"href":"https:\/\/millitv.net\/index.php?rest_route=\/wp\/v2\/types\/post"}],"author":[{"embeddable":true,"href":"https:\/\/millitv.net\/index.php?rest_route=\/wp\/v2\/users\/1"}],"replies":[{"embeddable":true,"href":"https:\/\/millitv.net\/index.php?rest_route=%2Fwp%2Fv2%2Fcomments&post=19412"}],"version-history":[{"count":1,"href":"https:\/\/millitv.net\/index.php?rest_route=\/wp\/v2\/posts\/19412\/revisions"}],"predecessor-version":[{"id":19414,"href":"https:\/\/millitv.net\/index.php?rest_route=\/wp\/v2\/posts\/19412\/revisions\/19414"}],"wp:featuredmedia":[{"embeddable":true,"href":"https:\/\/millitv.net\/index.php?rest_route=\/wp\/v2\/media\/19413"}],"wp:attachment":[{"href":"https:\/\/millitv.net\/index.php?rest_route=%2Fwp%2Fv2%2Fmedia&parent=19412"}],"wp:term":[{"taxonomy":"category","embeddable":true,"href":"https:\/\/millitv.net\/index.php?rest_route=%2Fwp%2Fv2%2Fcategories&post=19412"},{"taxonomy":"post_tag","embeddable":true,"href":"https:\/\/millitv.net\/index.php?rest_route=%2Fwp%2Fv2%2Ftags&post=19412"}],"curies":[{"name":"wp","href":"https:\/\/api.w.org\/{rel}","templated":true}]}}