{"id":19338,"date":"2025-05-31T22:24:55","date_gmt":"2025-05-31T22:24:55","guid":{"rendered":"https:\/\/millitv.net\/?p=19338"},"modified":"2025-05-31T22:24:57","modified_gmt":"2025-05-31T22:24:57","slug":"r%C9%99sadin-ail%C9%99si-il%C9%99-o-q%C9%99d%C9%99r-d%C9%99-maraqlanmiram-amma-atasi-v%C9%99-qardasi-il%C9%99-danisiram","status":"publish","type":"post","link":"https:\/\/millitv.net\/?p=19338","title":{"rendered":"&#8220;R\u0259\u015fad\u0131n ail\u0259si il\u0259 o q\u0259d\u0259r d\u0259 maraqlanm\u0131ram, amma atas\u0131 v\u0259 qarda\u015f\u0131 il\u0259 dan\u0131\u015f\u0131ram&#8221;"},"content":{"rendered":"\n<p><strong>R\u0259\u015fad Da\u011fl\u0131 ad\u0131 uzun ill\u0259rdir t\u0259kc\u0259 meyxana m\u0259clisl\u0259rind\u0259 deyil, insanlar\u0131n yadda\u015f\u0131nda da iz burax\u0131b. Onun s\u0259hn\u0259d\u0259ki duru\u015fu, s\u00f6z\u0259 verdiyi d\u0259y\u0259r v\u0259 s\u0259n\u0259t yolda\u015flar\u0131na m\u00fcnasib\u0259ti h\u0259r zaman x\u00fcsusi ehtiramla qar\u015f\u0131lan\u0131b. Lakin son zamanlar ad\u0131 qalmaqall\u0131 hadis\u0259d\u0259 hallanan meyxana\u00e7\u0131 il\u0259 ba\u011fl\u0131 fikirl\u0259r birm\u0259nal\u0131 olmay\u0131b. El\u0259 bu m\u0259s\u0259l\u0259y\u0259 m\u00fcnasib\u0259t bildir\u0259n meyxana ustas\u0131 A\u011famirz\u0259 d\u0259 R\u0259\u015fad\u0131n bel\u0259 bir hadis\u0259y\u0259 qar\u0131\u015fmas\u0131n\u0131n a\u011flas\u0131\u011fmaz oldu\u011funu deyib.<\/strong><\/p>\n\n\n\n<p>Yenisabah.az-a a\u00e7\u0131qlamas\u0131nda tan\u0131nm\u0131\u015f<strong>\u00a0meyxana\u00e7\u0131 A\u011famirz\u0259 M\u0259mm\u0259dov<\/strong>\u00a0h\u0259mkar\u0131 R\u0259\u015fad Da\u011fl\u0131 il\u0259 ba\u011fl\u0131 fikirl\u0259rini b\u00f6l\u00fc\u015f\u00fcb. Onun s\u00f6zl\u0259rin\u0259 g\u00f6r\u0259, R\u0259\u015fad\u0131n ail\u0259si il\u0259 birba\u015fa \u0259laq\u0259si olmasa da, atas\u0131 v\u0259 qarda\u015f\u0131 il\u0259 tez-tez \u00fcnsiyy\u0259td\u0259 olur:<\/p>\n\n\n\n<p>&#8220;N\u0259 yalan deyim, m\u0259n R\u0259\u015fad\u0131n ail\u0259si il\u0259 o q\u0259d\u0259r d\u0259 maraqlanm\u0131ram. Amma atas\u0131 v\u0259 qarda\u015f\u0131 il\u0259 dan\u0131\u015f\u0131ram. Bildiyim\u0259 g\u00f6r\u0259, Bal\u0259li, Orxan, Ruslan onun ail\u0259sin\u0259 daha yax\u0131ndan d\u0259st\u0259k olurlar. M\u0259n d\u0259 qarda\u015f\u0131 v\u0259 atas\u0131 il\u0259 yax\u0131nam. H\u0259tta bu yax\u0131nlarda atas\u0131 il\u0259 oturub uzun-uzad\u0131 s\u00f6hb\u0259t etdik&#8221;.<\/p>\n\n\n\n<p>A\u011famirz\u0259 h\u0259m\u00e7inin R\u0259\u015fad Da\u011fl\u0131n\u0131n meyxana al\u0259mind\u0259 v\u0259 m\u0259clisl\u0259rd\u0259 h\u0259r zaman h\u00f6rm\u0259tl\u0259 yad edildiyini bildirib:<\/p>\n\n\n\n<p>&#8220;M\u0259clisl\u0259rd\u0259 d\u0259 ad\u0131 tez-tez \u00e7\u0259kilir. \u00c7\u00fcnki R\u0259\u015fad h\u0259mi\u015f\u0259 h\u00f6rm\u0259tli, izz\u0259tli insan olub. Bu h\u00f6rm\u0259ti m\u0259n\u0259 d\u0259 h\u0259r zaman hiss etdirib. Meyxana dey\u0259nd\u0259 d\u0259 bunu a\u00e7\u0131q \u015f\u0259kild\u0259 g\u00f6st\u0259rirdi. Bir d\u0259f\u0259 m\u0259n\u0259 t\u0259klif etdil\u0259r ki, R\u0259\u015fadla deyi\u015fm\u0259 edim. Amma o, bu t\u0259klifd\u0259n imtina etdi v\u0259 dedi ki, &#8220;bu, m\u0259nlik deyil, ed\u0259 bilm\u0259r\u0259m&#8221;. Bu c\u00fcr davran\u0131\u015flar\u0131n\u0131 \u00e7ox yerd\u0259 g\u00f6rm\u00fc\u015f\u0259m&#8221;.<\/p>\n\n\n\n<p>Meyxana ustas\u0131 sonda ba\u015f ver\u0259n hadis\u0259nin onun \u00fc\u00e7\u00fcn g\u00f6zl\u0259nilm\u0259z oldu\u011funu da qeyd edib:<\/p>\n\n\n\n<p>&#8220;He\u00e7 a\u011f\u0131la g\u0259l\u0259n deyildi ki, bel\u0259 bir hadis\u0259y\u0259 qar\u0131\u015fs\u0131n. Allah h\u0259r iki t\u0259r\u0259f\u0259 s\u0259bir versin. A\u011f\u0131r durumdur. Amma R\u0259\u015fad\u0131 tan\u0131yan biri kimi dey\u0259 bil\u0259r\u0259m ki, o, h\u0259r zaman t\u0259mkinli, \u00f6l\u00e7\u00fcl\u00fc-bi\u00e7ili insan olub&#8221;.<\/p>\n\n\n\n<p><\/p>\n","protected":false},"excerpt":{"rendered":"<p>R\u0259\u015fad Da\u011fl\u0131 ad\u0131 uzun ill\u0259rdir t\u0259kc\u0259 meyxana m\u0259clisl\u0259rind\u0259 deyil, insanlar\u0131n yadda\u015f\u0131nda da iz burax\u0131b. Onun s\u0259hn\u0259d\u0259ki duru\u015fu, s\u00f6z\u0259 verdiyi d\u0259y\u0259r v\u0259 s\u0259n\u0259t yolda\u015flar\u0131na m\u00fcnasib\u0259ti h\u0259r zaman x\u00fcsusi ehtiramla qar\u015f\u0131lan\u0131b. Lakin son zamanlar ad\u0131 qalmaqall\u0131 hadis\u0259d\u0259 hallanan meyxana\u00e7\u0131 il\u0259 ba\u011fl\u0131 fikirl\u0259r birm\u0259nal\u0131 olmay\u0131b. El\u0259 bu m\u0259s\u0259l\u0259y\u0259 m\u00fcnasib\u0259t bildir\u0259n meyxana ustas\u0131 A\u011famirz\u0259 d\u0259 R\u0259\u015fad\u0131n bel\u0259 bir hadis\u0259y\u0259 &hellip;<\/p>\n","protected":false},"author":1,"featured_media":19339,"comment_status":"open","ping_status":"closed","sticky":false,"template":"","format":"standard","meta":{"footnotes":""},"categories":[1],"tags":[],"class_list":["post-19338","post","type-post","status-publish","format-standard","has-post-thumbnail","hentry","category-idman"],"_links":{"self":[{"href":"https:\/\/millitv.net\/index.php?rest_route=\/wp\/v2\/posts\/19338","targetHints":{"allow":["GET"]}}],"collection":[{"href":"https:\/\/millitv.net\/index.php?rest_route=\/wp\/v2\/posts"}],"about":[{"href":"https:\/\/millitv.net\/index.php?rest_route=\/wp\/v2\/types\/post"}],"author":[{"embeddable":true,"href":"https:\/\/millitv.net\/index.php?rest_route=\/wp\/v2\/users\/1"}],"replies":[{"embeddable":true,"href":"https:\/\/millitv.net\/index.php?rest_route=%2Fwp%2Fv2%2Fcomments&post=19338"}],"version-history":[{"count":1,"href":"https:\/\/millitv.net\/index.php?rest_route=\/wp\/v2\/posts\/19338\/revisions"}],"predecessor-version":[{"id":19340,"href":"https:\/\/millitv.net\/index.php?rest_route=\/wp\/v2\/posts\/19338\/revisions\/19340"}],"wp:featuredmedia":[{"embeddable":true,"href":"https:\/\/millitv.net\/index.php?rest_route=\/wp\/v2\/media\/19339"}],"wp:attachment":[{"href":"https:\/\/millitv.net\/index.php?rest_route=%2Fwp%2Fv2%2Fmedia&parent=19338"}],"wp:term":[{"taxonomy":"category","embeddable":true,"href":"https:\/\/millitv.net\/index.php?rest_route=%2Fwp%2Fv2%2Fcategories&post=19338"},{"taxonomy":"post_tag","embeddable":true,"href":"https:\/\/millitv.net\/index.php?rest_route=%2Fwp%2Fv2%2Ftags&post=19338"}],"curies":[{"name":"wp","href":"https:\/\/api.w.org\/{rel}","templated":true}]}}