{"id":19335,"date":"2025-05-31T22:22:04","date_gmt":"2025-05-31T22:22:04","guid":{"rendered":"https:\/\/millitv.net\/?p=19335"},"modified":"2025-05-31T22:22:05","modified_gmt":"2025-05-31T22:22:05","slug":"xalq-artisti-il%C9%99-em%C9%99kdar-artist-arasinda-g%C9%99rginlik-ail%C9%99-uzvl%C9%99rim-narahatdirlar","status":"publish","type":"post","link":"https:\/\/millitv.net\/?p=19335","title":{"rendered":"Xalq artisti il\u0259 \u018fm\u0259kdar artist aras\u0131nda g\u0259rginlik: Ail\u0259 \u00fczvl\u0259rim narahatd\u0131rlar"},"content":{"rendered":"\n<p><strong>Xalq artisti \u018fli Nur \u018fm\u0259kdar artist F\u00fczuli H\u00fcseynovu polis\u0259 verib.<\/strong><\/p>\n\n\n\n<p>Aktyor bu bar\u0259d\u0259 sosial media hesab\u0131nda m\u0259lumat yay\u0131b.<\/p>\n\n\n\n<p>\u015eikay\u0259t\u0259 teatrda ba\u015f ver\u0259n m\u00fcbahis\u0259 s\u0259b\u0259b olub:<\/p>\n\n\n\n<p>&#8220;F\u00fczuli H\u00fcseynov m\u0259n\u0259 qar\u015f\u0131 aqressiv davran\u0131\u015f s\u0259rgil\u0259di v\u0259 xo\u015fag\u0259lm\u0259z insidentin ba\u015f verm\u0259sin\u0259 s\u0259b\u0259b oldu. Hadis\u0259 ba\u015f ver\u0259n andan d\u0259rhal sonra m\u0259s\u0259l\u0259 il\u0259 ba\u011fl\u0131 h\u00fcquq-m\u00fchafiz\u0259 orqanlar\u0131na, prokurorlu\u011fa r\u0259smi \u015f\u0259kild\u0259 m\u00fcraci\u0259t etdim. Haz\u0131rda Fizuli H\u00fcseynovun t\u00f6r\u0259tdiyi cinay\u0259t i\u015fi il\u0259 ba\u011fl\u0131 prokurorluqda istintaq gedir.<\/p>\n\n\n\n<p>Teatr\u0131m\u0131z\u0131n n\u00fcfuzuna x\u0259l\u0259l g\u0259lm\u0259m\u0259si \u00fc\u00e7\u00fcn hadis\u0259ni ictimaiyy\u0259t\u0259 a\u00e7\u0131qlamad\u0131m v\u0259 m\u0259tbuatda inkar etm\u0259y\u0259 \u00fcst\u00fcnl\u00fck verdim. D\u00fc\u015f\u00fcn\u00fcrd\u00fcm ki, teatr r\u0259hb\u0259rliyi m\u0259s\u0259l\u0259ni obyektiv qiym\u0259tl\u0259ndir\u0259c\u0259k v\u0259 m\u00fcvafiq intizam t\u0259dbirl\u0259ri g\u00f6r\u00fcl\u0259c\u0259k. T\u0259\u0259ss\u00fcf ki, g\u00f6zl\u0259ntil\u0259rim do\u011frulmad\u0131. Hadis\u0259 n\u0259inki ara\u015fd\u0131r\u0131lmad\u0131, \u0259ksin\u0259, \u00fcst\u00fc \u00f6rt-basd\u0131r edildi. F\u00fczuli H\u00fcseynova n\u0259 \u015fidd\u0259tli t\u00f6hm\u0259t verildi, n\u0259 i\u015fd\u0259n azad olundu, n\u0259 d\u0259 B\u0259dii \u015euran\u0131n \u00fczvl\u00fcy\u00fcnd\u0259n uzaqla\u015fd\u0131r\u0131ld\u0131. O, sanki he\u00e7 n\u0259 olmam\u0131\u015f kimi f\u0259aliyy\u0259tini davam etdirir.<\/p>\n\n\n\n<p>Ail\u0259 \u00fczvl\u0259rim bu m\u0259s\u0259l\u0259d\u0259 haql\u0131 olaraq narahatd\u0131rlar. Onlar teatr r\u0259hb\u0259rliyind\u0259n F\u00fczuli H\u00fcseynovun c\u0259zaland\u0131r\u0131lmas\u0131n\u0131 v\u0259 \u0259dal\u0259tin b\u0259rpa olunmas\u0131n\u0131 g\u00f6zl\u0259yirl\u0259r. \u018fmin\u0259m ki, F\u00fczuli H\u00fcseynov t\u00f6r\u0259tdiyi \u0259m\u0259l\u0259 g\u00f6r\u0259 qanun qar\u015f\u0131s\u0131nda layiqli c\u0259zas\u0131n\u0131 alacaq&#8221;.<\/p>\n\n\n\n<p><\/p>\n","protected":false},"excerpt":{"rendered":"<p>Xalq artisti \u018fli Nur \u018fm\u0259kdar artist F\u00fczuli H\u00fcseynovu polis\u0259 verib. Aktyor bu bar\u0259d\u0259 sosial media hesab\u0131nda m\u0259lumat yay\u0131b. \u015eikay\u0259t\u0259 teatrda ba\u015f ver\u0259n m\u00fcbahis\u0259 s\u0259b\u0259b olub: &#8220;F\u00fczuli H\u00fcseynov m\u0259n\u0259 qar\u015f\u0131 aqressiv davran\u0131\u015f s\u0259rgil\u0259di v\u0259 xo\u015fag\u0259lm\u0259z insidentin ba\u015f verm\u0259sin\u0259 s\u0259b\u0259b oldu. Hadis\u0259 ba\u015f ver\u0259n andan d\u0259rhal sonra m\u0259s\u0259l\u0259 il\u0259 ba\u011fl\u0131 h\u00fcquq-m\u00fchafiz\u0259 orqanlar\u0131na, prokurorlu\u011fa r\u0259smi \u015f\u0259kild\u0259 m\u00fcraci\u0259t etdim. &hellip;<\/p>\n","protected":false},"author":1,"featured_media":19336,"comment_status":"open","ping_status":"closed","sticky":false,"template":"","format":"standard","meta":{"footnotes":""},"categories":[1],"tags":[],"class_list":["post-19335","post","type-post","status-publish","format-standard","has-post-thumbnail","hentry","category-idman"],"_links":{"self":[{"href":"https:\/\/millitv.net\/index.php?rest_route=\/wp\/v2\/posts\/19335","targetHints":{"allow":["GET"]}}],"collection":[{"href":"https:\/\/millitv.net\/index.php?rest_route=\/wp\/v2\/posts"}],"about":[{"href":"https:\/\/millitv.net\/index.php?rest_route=\/wp\/v2\/types\/post"}],"author":[{"embeddable":true,"href":"https:\/\/millitv.net\/index.php?rest_route=\/wp\/v2\/users\/1"}],"replies":[{"embeddable":true,"href":"https:\/\/millitv.net\/index.php?rest_route=%2Fwp%2Fv2%2Fcomments&post=19335"}],"version-history":[{"count":1,"href":"https:\/\/millitv.net\/index.php?rest_route=\/wp\/v2\/posts\/19335\/revisions"}],"predecessor-version":[{"id":19337,"href":"https:\/\/millitv.net\/index.php?rest_route=\/wp\/v2\/posts\/19335\/revisions\/19337"}],"wp:featuredmedia":[{"embeddable":true,"href":"https:\/\/millitv.net\/index.php?rest_route=\/wp\/v2\/media\/19336"}],"wp:attachment":[{"href":"https:\/\/millitv.net\/index.php?rest_route=%2Fwp%2Fv2%2Fmedia&parent=19335"}],"wp:term":[{"taxonomy":"category","embeddable":true,"href":"https:\/\/millitv.net\/index.php?rest_route=%2Fwp%2Fv2%2Fcategories&post=19335"},{"taxonomy":"post_tag","embeddable":true,"href":"https:\/\/millitv.net\/index.php?rest_route=%2Fwp%2Fv2%2Ftags&post=19335"}],"curies":[{"name":"wp","href":"https:\/\/api.w.org\/{rel}","templated":true}]}}